{"id":35096,"date":"2023-10-23T15:43:49","date_gmt":"2023-10-23T14:43:49","guid":{"rendered":"https:\/\/fundaciosetba.org\/ya-estan-disponibles-las-obras-del-premio-setba-2023-en-nuestra-tienda-social\/"},"modified":"2023-10-23T16:01:05","modified_gmt":"2023-10-23T15:01:05","slug":"ya-estan-disponibles-las-obras-del-premio-setba-2023-en-nuestra-tienda-social","status":"publish","type":"post","link":"https:\/\/fundaciosetba.org\/es\/ya-estan-disponibles-las-obras-del-premio-setba-2023-en-nuestra-tienda-social\/","title":{"rendered":"Ya est\u00e1n disponibles las obras del Premio Setba 2023 en nuestra tienda social"},"content":{"rendered":"<p>Con el objetivo de visibilizar y reconocer el talento de los artistas finalistas al Premio Setba 2023, ponemos a la venta las obras seleccionadas para el certamen a trav\u00e9s de nuestra p\u00e1gina web.<\/p>\n<p>El Premio Setba, considerado el certamen art\u00edstico m\u00e1s destacado de su g\u00e9nero a nivel estatal, sirve como punto de encuentro para los profesionales del arte, entidades y empresas que comparten la misi\u00f3n de visibilizar el talento de estos creadores. En esta edici\u00f3n, se presentaron 1.460 obras, de las que s\u00f3lo 14 fueron candidatas al Premio Setba.<\/p>\n<p>Desde el 28 de septiembre hasta el 15 de octubre, las obras candidatas se exhibieron en la Pigment Gallery Barcelona, una prestigiosa galer\u00eda dirigida por Ferran Josa, que es un referente en el circuito art\u00edstico y que forma parte del Gremio de Galer\u00edas de Arte de Catalu\u00f1a. Durante la exposici\u00f3n, se vendieron cinco de estas obras. Actualmente, la Fundaci\u00f3n Setba ofrece tambi\u00e9n las obras no vendidas a trav\u00e9s de su p\u00e1gina web.<\/p>\n<p><strong>Con la venta de estas obras se contribuye al reconocimiento del talento de los artistas y a la financiaci\u00f3n del proyecto <em>Magistrales<\/em><\/strong>, que consiste en sesiones de formaci\u00f3n art\u00edstica para entidades que trabajan con personas con discapacidad intelectual.<\/p>\n<p><a href=\"https:\/\/fundaciosetba.org\/botiga\/\"><strong>IR A LA TIENDA<\/strong><\/a><\/p>\n","protected":false},"excerpt":{"rendered":"<p>Con el objetivo de visibilizar y reconocer el talento de los artistas finalistas al Premio Setba 2023, la Fundaci\u00f3n Setba pone a la venta las obras presentadas y seleccionadas durante el certamen en su p\u00e1gina web.  <\/p>\n","protected":false},"author":1,"featured_media":35093,"comment_status":"closed","ping_status":"closed","sticky":false,"template":"","format":"standard","meta":{"footnotes":""},"categories":[1353],"tags":[],"class_list":["post-35096","post","type-post","status-publish","format-standard","has-post-thumbnail","hentry","category-premio-setba-es"],"_links":{"self":[{"href":"https:\/\/fundaciosetba.org\/es\/wp-json\/wp\/v2\/posts\/35096","targetHints":{"allow":["GET"]}}],"collection":[{"href":"https:\/\/fundaciosetba.org\/es\/wp-json\/wp\/v2\/posts"}],"about":[{"href":"https:\/\/fundaciosetba.org\/es\/wp-json\/wp\/v2\/types\/post"}],"author":[{"embeddable":true,"href":"https:\/\/fundaciosetba.org\/es\/wp-json\/wp\/v2\/users\/1"}],"replies":[{"embeddable":true,"href":"https:\/\/fundaciosetba.org\/es\/wp-json\/wp\/v2\/comments?post=35096"}],"version-history":[{"count":1,"href":"https:\/\/fundaciosetba.org\/es\/wp-json\/wp\/v2\/posts\/35096\/revisions"}],"predecessor-version":[{"id":35097,"href":"https:\/\/fundaciosetba.org\/es\/wp-json\/wp\/v2\/posts\/35096\/revisions\/35097"}],"wp:featuredmedia":[{"embeddable":true,"href":"https:\/\/fundaciosetba.org\/es\/wp-json\/wp\/v2\/media\/35093"}],"wp:attachment":[{"href":"https:\/\/fundaciosetba.org\/es\/wp-json\/wp\/v2\/media?parent=35096"}],"wp:term":[{"taxonomy":"category","embeddable":true,"href":"https:\/\/fundaciosetba.org\/es\/wp-json\/wp\/v2\/categories?post=35096"},{"taxonomy":"post_tag","embeddable":true,"href":"https:\/\/fundaciosetba.org\/es\/wp-json\/wp\/v2\/tags?post=35096"}],"curies":[{"name":"wp","href":"https:\/\/api.w.org\/{rel}","templated":true}]}}