{"id":35106,"date":"2023-09-30T11:08:29","date_gmt":"2023-09-30T10:08:29","guid":{"rendered":"https:\/\/fundaciosetba.org\/cristina-sampere-en-la-jornada-de-presentacion-de-investigaciones-del-proyecto-genero-y-ejecucion-penal-las-mujeres-encarceladas-en-cataluna\/"},"modified":"2023-10-30T13:29:59","modified_gmt":"2023-10-30T12:29:59","slug":"cristina-sampere-en-la-jornada-de-presentacion-de-investigaciones-del-proyecto-genero-y-ejecucion-penal-las-mujeres-encarceladas-en-cataluna","status":"publish","type":"post","link":"https:\/\/fundaciosetba.org\/es\/cristina-sampere-en-la-jornada-de-presentacion-de-investigaciones-del-proyecto-genero-y-ejecucion-penal-las-mujeres-encarceladas-en-cataluna\/","title":{"rendered":"Cristina Sampere en la jornada de presentaci\u00f3n de investigaciones del proyecto &#8220;G\u00e9nero y Ejecuci\u00f3n Penal: las mujeres encarceladas en Catalu\u00f1a&#8221;"},"content":{"rendered":"<p>El d\u00eda 19 de septiembre, se llev\u00f3 a cabo en el Centro de Estudios Jur\u00eddicos y Formaci\u00f3n Especializada la jornada de <strong>presentaci\u00f3n de investigaciones del proyecto G\u00e9nero y Ejecuci\u00f3n Penal<\/strong>: &#8220;Las mujeres encarceladas en Catalu\u00f1a: perfiles, maternidad y extranjer\u00eda&#8221;, organizada por el Observatorio Catal\u00e1n de la Justicia en Violencia Machista.<\/p>\n<p>Este proyecto, G\u00e9nero y Ejecuci\u00f3n Penal, es una investigaci\u00f3n de dos a\u00f1os liderada por la Direcci\u00f3n General de Asuntos Penitenciarios, en colaboraci\u00f3n con el Centro de Estudios Jur\u00eddicos y Formaci\u00f3n Especializada y el Observatorio Catal\u00e1n de la Justicia en Violencia Machista.<\/p>\n<p>Entre los a\u00f1os 2022 y 2023, se han desarrollado un total de nueve investigaciones independientes, cada una con una tem\u00e1tica propia y equipos de trabajo dedicados, pero con el objetivo com\u00fan de encontrar respuestas operativas y estrat\u00e9gicas a las necesidades espec\u00edficas de las mujeres en el sistema de ejecuci\u00f3n penal e implementar un modelo de organizaci\u00f3n, intervenci\u00f3n e integraci\u00f3n social con perspectiva de g\u00e9nero.<\/p>\n<p>Durante esta jornada se presentaron los tres primeros estudios del proyecto G\u00e9nero y Ejecuci\u00f3n Penal, as\u00ed como las pr\u00e1cticas de intervenci\u00f3n de entidades con una amplia experiencia al trabajar con mujeres privadas de libertad y las experiencias de profesionales del departamento con una larga trayectoria en ejecuci\u00f3n penal y mujeres.<\/p>\n<p><strong>Cristina Sampere, directora de la Fundaci\u00f3n Setba, fue parte de una de las mesas de la jornada, centrada en los perfiles y las realidades de las mujeres en los centros penitenciarios.<\/strong> Esta participaci\u00f3n se dio gracias al proyecto <em>Traspasando el objetivo<\/em>, que la Fundaci\u00f3n Setba ha estado llevando a cabo con la artista Marta F\u00e0bregas desde 2020 en varios m\u00f3dulos de mujeres de Catalu\u00f1a. El objetivo de este proyecto es empoderar a las mujeres mediante la fotograf\u00eda y la adquisici\u00f3n de conocimientos.<\/p>\n<p>&nbsp;<\/p>\n<p><iframe loading=\"lazy\" title=\"Jornada de Presentaci\u00f3 de recerques del projecte G\u00e8nere i Execuci\u00f3 Penal - Taula 1\" width=\"640\" height=\"360\" src=\"https:\/\/www.youtube.com\/embed\/s7SKH6ZdW7s?feature=oembed\" frameborder=\"0\" allow=\"accelerometer; autoplay; clipboard-write; encrypted-media; gyroscope; picture-in-picture; web-share\" allowfullscreen><\/iframe><\/p>\n<p>Sampere comparti\u00f3 la mesa con <strong>Elisabet Bernad Tarrag\u00f3<\/strong>, t\u00e9cnica del \u00c1rea de Planificaci\u00f3n y Proyectos estrat\u00e9gicos de la Secretar\u00eda de Medidas Penales, Reinserci\u00f3n y Atenci\u00f3n a la V\u00edctima, y con <strong>Anna Mel\u00e9ndez Peret\u00f3<\/strong>, Doctora en Derecho e investigadora postdoctoral de la Universidad Aut\u00f3noma de Barcelona, que present\u00f3 el estudio &#8220;<a href=\"https:\/\/cejfe.gencat.cat\/web\/.content\/home\/ocjvm\/publicacio\/publicacions\/2023\/situacio-dones-empresonades\/Situacio_de_les_dones_empresonades_a_Catalunya.pdf\"><strong>Situaci\u00f3n de las mujeres encarceladas en Catalu\u00f1a. Una mirada con perspectiva de g\u00e9nero<\/strong><\/a>.&#8221;<\/p>\n<p>La inauguraci\u00f3n de la jornada estuvo a cargo de <strong>Encarna Bodel\u00f3n Gonz\u00e1lez<\/strong>, directora del Centro de Estudios Jur\u00eddicos y Formaci\u00f3n Especializada. La jornada fue moderada por <strong>Gemma Torres Ferrer<\/strong>, Subdirectora General de Programas de Rehabilitaci\u00f3n y Sanidad, que abord\u00f3 temas como las maternidades en el entorno penitenciario y los perfiles de las mujeres extranjeras encarceladas. Varios expertos participaron en estas discusiones, incluyendo <strong>a M\u00aa Carmen Navarro Villanueva,<\/strong> doctora en Derecho, profesora titular de la Universidad Aut\u00f3noma de Barcelona; <strong>Sheila Santana Cuerva,<\/strong> coordinadora t\u00e9cnica en la Unidad Dependiente \u00c1gora. Hijas de la Caridad; <strong>Xavier Aranda Nicolas<\/strong>, subdirector de tratamiento del Centro Penitenciario de Mujeres de Barcelona; <strong>Jenny Cubells Serra<\/strong>, doctora en Psicolog\u00eda Social, profesora agregada de la Universidad Aut\u00f3noma de Barcelona; <strong>Zhaneta Vasileva Asparuhova<\/strong>, mediadora intercultural en la unidad de mujeres de Brians 1. Suara Cooperativa; <strong>Ana Mart\u00ednez Melero<\/strong>, jurista en la unidad de mujeres del Centro penitenciario Brians 1, y la jornada fue clausurada por <strong>Jos\u00e9 Maria Montero G\u00f3mez<\/strong>, director General de Asuntos Penitenciarios.<\/p>\n","protected":false},"excerpt":{"rendered":"<p>El d\u00eda 19 de septiembre tuvo lugar, en el Centro de Estudios Jur\u00eddicos y Formaci\u00f3n Especializada, la jornada de presentaci\u00f3n de investigaciones del proyecto G\u00e9nero y Ejecuci\u00f3n Penal. Las mujeres encarceladas en Catalu\u00f1a: perfiles, maternidad y extranjer\u00eda, organizadas por el Observatorio Catal\u00e1n de la Justicia en Violencia Machista.<\/p>\n","protected":false},"author":1,"featured_media":35102,"comment_status":"closed","ping_status":"closed","sticky":false,"template":"","format":"standard","meta":{"footnotes":""},"categories":[1238,1350],"tags":[],"class_list":["post-35106","post","type-post","status-publish","format-standard","has-post-thumbnail","hentry","category-traspasando-el-objetivo","category-traspasando-el-objetivo-es"],"_links":{"self":[{"href":"https:\/\/fundaciosetba.org\/es\/wp-json\/wp\/v2\/posts\/35106","targetHints":{"allow":["GET"]}}],"collection":[{"href":"https:\/\/fundaciosetba.org\/es\/wp-json\/wp\/v2\/posts"}],"about":[{"href":"https:\/\/fundaciosetba.org\/es\/wp-json\/wp\/v2\/types\/post"}],"author":[{"embeddable":true,"href":"https:\/\/fundaciosetba.org\/es\/wp-json\/wp\/v2\/users\/1"}],"replies":[{"embeddable":true,"href":"https:\/\/fundaciosetba.org\/es\/wp-json\/wp\/v2\/comments?post=35106"}],"version-history":[{"count":1,"href":"https:\/\/fundaciosetba.org\/es\/wp-json\/wp\/v2\/posts\/35106\/revisions"}],"predecessor-version":[{"id":35107,"href":"https:\/\/fundaciosetba.org\/es\/wp-json\/wp\/v2\/posts\/35106\/revisions\/35107"}],"wp:featuredmedia":[{"embeddable":true,"href":"https:\/\/fundaciosetba.org\/es\/wp-json\/wp\/v2\/media\/35102"}],"wp:attachment":[{"href":"https:\/\/fundaciosetba.org\/es\/wp-json\/wp\/v2\/media?parent=35106"}],"wp:term":[{"taxonomy":"category","embeddable":true,"href":"https:\/\/fundaciosetba.org\/es\/wp-json\/wp\/v2\/categories?post=35106"},{"taxonomy":"post_tag","embeddable":true,"href":"https:\/\/fundaciosetba.org\/es\/wp-json\/wp\/v2\/tags?post=35106"}],"curies":[{"name":"wp","href":"https:\/\/api.w.org\/{rel}","templated":true}]}}