{"id":35173,"date":"2023-10-31T16:54:50","date_gmt":"2023-10-31T15:54:50","guid":{"rendered":"https:\/\/fundaciosetba.org\/la-fundacion-setba-colabora-con-la-xv-jornadas-de-fotografia-de-el-masnou\/"},"modified":"2023-11-06T11:46:01","modified_gmt":"2023-11-06T10:46:01","slug":"la-fundacion-setba-colabora-con-la-xv-jornadas-de-fotografia-de-el-masnou","status":"publish","type":"post","link":"https:\/\/fundaciosetba.org\/es\/la-fundacion-setba-colabora-con-la-xv-jornadas-de-fotografia-de-el-masnou\/","title":{"rendered":"La Fundaci\u00f3n Setba colabora con la XV Jornadas de Fotograf\u00eda de El Masnou"},"content":{"rendered":"<p>La decimoquinta edici\u00f3n de las Jornadas de Fotograf\u00eda de El Masnou, que este a\u00f1o centra su tem\u00e1tica en la violencia de g\u00e9nero, acoge dos exposiciones producidas por la Fundaci\u00f3n Setba en el marco del antiguo proyecto <em>De la sombra a la luz<\/em>.<\/p>\n<p><em>De la sombra a la luz<\/em>, que se llev\u00f3 a cabo entre los a\u00f1os 2013 y 2020 bajo la direcci\u00f3n de Ventura Camacho, consist\u00eda en trabajar la autoestima y reconstrucci\u00f3n a trav\u00e9s de la fotograf\u00eda y el collage en mujeres que, en alg\u00fan momento de su vida, hab\u00edan sufrido violencia machista. A ra\u00edz del proyecto, fue cuando las fot\u00f3grafas Maria Espeus y Sandra Balsells colaboraron, y m\u00e1s tarde, <em>De la sombra a la luz<\/em> se acab\u00f3 reconduciendo y transform\u00e1ndose con el actual proyecto <em>Traspasando el objetivo<\/em>, destinado a mujeres internas en centros penitenciarios. Seg\u00fan datos del Departamento de Justicia, Derechos y Memoria, se estima que el 75% de estas mujeres han sido v\u00edctimas de la violencia machista.<\/p>\n<p>Ahora, en la XV Jornadas de Fotograf\u00eda de El Masnou, que se celebran del 20 de octubre al 25 de noviembre en diferentes espacios, acoge las dos exposiciones de fotograf\u00eda: <strong><em>Cicatriz<\/em>\u00a0de Sandra Balsells<\/strong> y <strong><em>De la sombra a la luz<\/em>\u00a0de Maria Espeus<\/strong>.<\/p>\n<p><em>Cicatriz<\/em>\u00a0es una muestra fotogr\u00e1fica del d\u00eda a d\u00eda de una mujer v\u00edctima de la violencia machista, donde la fotoperiodista Sandra Balsells (Premio <em>Ortega y Gasset <\/em>2006) document\u00f3 la vida de la Bibi.<\/p>\n<p><em>De la sombra a la luz<\/em> es una exposici\u00f3n con 15 retratos realizados por Maria Espeus (Premio Nacional de Cultura 2017 del CoNCA) de las participantes de la edici\u00f3n 2017 del taller.<\/p>\n<p><strong>El pr\u00f3ximo 4 de noviembre a las 12:30 h, habr\u00e1 una visita guiada a cargo de Sandra Balsells y Maria Espeus<\/strong> al Espai Casinet del Masnou. \u00a1No os lo perd\u00e1is!<\/p>\n<p>Para ver toda la programaci\u00f3n:<\/p>\n<p><img loading=\"lazy\" decoding=\"async\" class=\"alignleft wp-image-35165 size-full\" src=\"https:\/\/fundaciosetba.org\/wp-content\/uploads\/2023\/10\/XV-JORNADES-programa-A5.jpeg\" alt=\"\" width=\"914\" height=\"1280\" srcset=\"https:\/\/fundaciosetba.org\/wp-content\/uploads\/2023\/10\/XV-JORNADES-programa-A5.jpeg 914w, https:\/\/fundaciosetba.org\/wp-content\/uploads\/2023\/10\/XV-JORNADES-programa-A5-214x300.jpeg 214w, https:\/\/fundaciosetba.org\/wp-content\/uploads\/2023\/10\/XV-JORNADES-programa-A5-731x1024.jpeg 731w, https:\/\/fundaciosetba.org\/wp-content\/uploads\/2023\/10\/XV-JORNADES-programa-A5-71x100.jpeg 71w, https:\/\/fundaciosetba.org\/wp-content\/uploads\/2023\/10\/XV-JORNADES-programa-A5-286x400.jpeg 286w, https:\/\/fundaciosetba.org\/wp-content\/uploads\/2023\/10\/XV-JORNADES-programa-A5-600x840.jpeg 600w\" sizes=\"auto, (max-width: 914px) 100vw, 914px\" \/><\/p>\n","protected":false},"excerpt":{"rendered":"<p>La decimoquinta edici\u00f3n de las Jornadas de Fotograf\u00eda de El Masnou, que este a\u00f1o centra su tem\u00e1tica en la violencia de g\u00e9nero, acoge dos exposiciones producidas por la Fundaci\u00f3n Setba en el marco del antiguo proyecto De la sombra a la luz<\/p>\n","protected":false},"author":1,"featured_media":35175,"comment_status":"closed","ping_status":"closed","sticky":false,"template":"","format":"standard","meta":{"footnotes":""},"categories":[1354,1350],"tags":[],"class_list":["post-35173","post","type-post","status-publish","format-standard","has-post-thumbnail","hentry","category-noticias-relacionadas","category-traspasando-el-objetivo-es"],"_links":{"self":[{"href":"https:\/\/fundaciosetba.org\/es\/wp-json\/wp\/v2\/posts\/35173","targetHints":{"allow":["GET"]}}],"collection":[{"href":"https:\/\/fundaciosetba.org\/es\/wp-json\/wp\/v2\/posts"}],"about":[{"href":"https:\/\/fundaciosetba.org\/es\/wp-json\/wp\/v2\/types\/post"}],"author":[{"embeddable":true,"href":"https:\/\/fundaciosetba.org\/es\/wp-json\/wp\/v2\/users\/1"}],"replies":[{"embeddable":true,"href":"https:\/\/fundaciosetba.org\/es\/wp-json\/wp\/v2\/comments?post=35173"}],"version-history":[{"count":5,"href":"https:\/\/fundaciosetba.org\/es\/wp-json\/wp\/v2\/posts\/35173\/revisions"}],"predecessor-version":[{"id":35189,"href":"https:\/\/fundaciosetba.org\/es\/wp-json\/wp\/v2\/posts\/35173\/revisions\/35189"}],"wp:featuredmedia":[{"embeddable":true,"href":"https:\/\/fundaciosetba.org\/es\/wp-json\/wp\/v2\/media\/35175"}],"wp:attachment":[{"href":"https:\/\/fundaciosetba.org\/es\/wp-json\/wp\/v2\/media?parent=35173"}],"wp:term":[{"taxonomy":"category","embeddable":true,"href":"https:\/\/fundaciosetba.org\/es\/wp-json\/wp\/v2\/categories?post=35173"},{"taxonomy":"post_tag","embeddable":true,"href":"https:\/\/fundaciosetba.org\/es\/wp-json\/wp\/v2\/tags?post=35173"}],"curies":[{"name":"wp","href":"https:\/\/api.w.org\/{rel}","templated":true}]}}