{"id":35274,"date":"2023-11-10T11:04:55","date_gmt":"2023-11-10T10:04:55","guid":{"rendered":"https:\/\/fundaciosetba.org\/laura-galvez-rhein-expone-la-belleza-inhospita-en-andorra\/"},"modified":"2023-11-10T14:29:32","modified_gmt":"2023-11-10T13:29:32","slug":"laura-galvez-rhein-expone-la-belleza-inhospita-en-andorra","status":"publish","type":"post","link":"https:\/\/fundaciosetba.org\/es\/laura-galvez-rhein-expone-la-belleza-inhospita-en-andorra\/","title":{"rendered":"Laura G\u00e1lvez-Rhein expone &#8216;La Belleza Inh\u00f3spita&#8217; en Andorra"},"content":{"rendered":"<p>Ayer se inaugur\u00f3 la exposici\u00f3n &#8220;La Belleza Inh\u00f3spita&#8221; en la sala Sergi Mas de Com\u00fa Sant Juli\u00e0 de L\u00f2ria. Una <strong>colecci\u00f3n de fotograf\u00edas captadas por Laura G\u00e1lvez Rhein, fot\u00f3grafa documentalista de la Fundaci\u00f3n Setba, como parte del proyecto &#8220;Traspasando el objetivo&#8221;.<\/strong><\/p>\n<p>Este proyecto consiste en diferentes talleres de fotograf\u00eda en los centros penitenciarios Brians 1 y Wad-Ras, en los que han participado un total de 131 mujeres internas. Desde 2020 hasta julio de 2023, se han realizado 70 sesiones y m\u00e1s de 20.000 fotograf\u00edas, convirti\u00e9ndose as\u00ed en una <strong>oportunidad \u00fanica para que estas mujeres exploren la expresi\u00f3n art\u00edstica<\/strong> y encuentren una voz propia dentro de un entorno que a menudo se presenta como inh\u00f3spito y hostil.<\/p>\n<div class=\"w-gallery fit_cover wp_gallery type_grid action_popup_image ratio_1x1 count_4\" style=\"--columns:2;--items-gap:8px;\"><div class=\"w-gallery-list\"><div class=\"w-gallery-item\"><div class=\"w-gallery-item-img\"><img loading=\"lazy\" decoding=\"async\" width=\"300\" height=\"300\" src=\"https:\/\/fundaciosetba.org\/wp-content\/uploads\/2023\/11\/IMG_7188-300x300.jpg\" class=\"attachment-woocommerce_thumbnail size-woocommerce_thumbnail\" alt=\"\" srcset=\"https:\/\/fundaciosetba.org\/wp-content\/uploads\/2023\/11\/IMG_7188-300x300.jpg 300w, https:\/\/fundaciosetba.org\/wp-content\/uploads\/2023\/11\/IMG_7188-150x150.jpg 150w\" sizes=\"auto, (max-width: 300px) 100vw, 300px\" \/><\/div><div class=\"w-gallery-item-meta\"><div class=\"w-gallery-item-title\">\u00a9<\/div><\/div><a class=\"w-gallery-item-link\" aria-label=\"\u00a9\" href=\"https:\/\/fundaciosetba.org\/wp-content\/uploads\/2023\/11\/IMG_7188-scaled.jpg\" title=\"\u00a9\"><\/a><\/div><div class=\"w-gallery-item\"><div class=\"w-gallery-item-img\"><img loading=\"lazy\" decoding=\"async\" width=\"300\" height=\"300\" src=\"https:\/\/fundaciosetba.org\/wp-content\/uploads\/2023\/11\/IMG_7192-300x300.jpg\" class=\"attachment-woocommerce_thumbnail size-woocommerce_thumbnail\" alt=\"\" srcset=\"https:\/\/fundaciosetba.org\/wp-content\/uploads\/2023\/11\/IMG_7192-300x300.jpg 300w, https:\/\/fundaciosetba.org\/wp-content\/uploads\/2023\/11\/IMG_7192-150x150.jpg 150w\" sizes=\"auto, (max-width: 300px) 100vw, 300px\" \/><\/div><div class=\"w-gallery-item-meta\"><div class=\"w-gallery-item-title\">\u00a9Com\u00fa Sant Juli\u00e0 de L\u00f2ria<\/div><\/div><a class=\"w-gallery-item-link\" aria-label=\"\u00a9Com\u00fa Sant Juli\u00e0 de L\u00f2ria\" href=\"https:\/\/fundaciosetba.org\/wp-content\/uploads\/2023\/11\/IMG_7192-scaled.jpg\" title=\"\u00a9Com\u00fa Sant Juli\u00e0 de L\u00f2ria\"><\/a><\/div><div class=\"w-gallery-item\"><div class=\"w-gallery-item-img\"><img loading=\"lazy\" decoding=\"async\" width=\"300\" height=\"300\" src=\"https:\/\/fundaciosetba.org\/wp-content\/uploads\/2023\/11\/IMG_6454-300x300.jpg\" class=\"attachment-woocommerce_thumbnail size-woocommerce_thumbnail\" alt=\"\" srcset=\"https:\/\/fundaciosetba.org\/wp-content\/uploads\/2023\/11\/IMG_6454-300x300.jpg 300w, https:\/\/fundaciosetba.org\/wp-content\/uploads\/2023\/11\/IMG_6454-150x150.jpg 150w\" sizes=\"auto, (max-width: 300px) 100vw, 300px\" \/><\/div><div class=\"w-gallery-item-meta\"><div class=\"w-gallery-item-title\">\u00a9Com\u00fa Sant Juli\u00e0 de L\u00f2ria<\/div><\/div><a class=\"w-gallery-item-link\" aria-label=\"\u00a9Com\u00fa Sant Juli\u00e0 de L\u00f2ria\" href=\"https:\/\/fundaciosetba.org\/wp-content\/uploads\/2023\/11\/IMG_6454-scaled.jpg\" title=\"\u00a9Com\u00fa Sant Juli\u00e0 de L\u00f2ria\"><\/a><\/div><div class=\"w-gallery-item\"><div class=\"w-gallery-item-img\"><img loading=\"lazy\" decoding=\"async\" width=\"300\" height=\"300\" src=\"https:\/\/fundaciosetba.org\/wp-content\/uploads\/2023\/11\/WhatsApp-Image-2023-11-10-at-08.45.06-1-300x300.jpeg\" class=\"attachment-woocommerce_thumbnail size-woocommerce_thumbnail\" alt=\"\" srcset=\"https:\/\/fundaciosetba.org\/wp-content\/uploads\/2023\/11\/WhatsApp-Image-2023-11-10-at-08.45.06-1-300x300.jpeg 300w, https:\/\/fundaciosetba.org\/wp-content\/uploads\/2023\/11\/WhatsApp-Image-2023-11-10-at-08.45.06-1-150x150.jpeg 150w\" sizes=\"auto, (max-width: 300px) 100vw, 300px\" \/><\/div><div class=\"w-gallery-item-meta\"><div class=\"w-gallery-item-title\">\u00a9Fundaci\u00f3 Setba<\/div><\/div><a class=\"w-gallery-item-link\" aria-label=\"\u00a9Fundaci\u00f3 Setba\" href=\"https:\/\/fundaciosetba.org\/wp-content\/uploads\/2023\/11\/WhatsApp-Image-2023-11-10-at-08.45.06-1.jpeg\" title=\"\u00a9Fundaci\u00f3 Setba\"><\/a><\/div><\/div><\/div>\n<p>&nbsp;<\/p>\n<p>Cristina Sampere, directora de la Fundaci\u00f3n Setba y comisaria de la exposici\u00f3n &#8216;La Belleza Inh\u00f3spita&#8217; explica que &#8220;G\u00e1lvez-Rhein tiene un ojo fotogr\u00e1fico innegable, siendo <strong>capaz de encontrar belleza incluso en los rincones m\u00e1s inesperados, como los entornos hostiles de una c\u00e1rcel<\/strong>. En sus fotograf\u00edas de esta exposici\u00f3n, las mujeres internas no aparecen f\u00edsicamente, puesto que no es necesario; los espacios y los objetos hablan por ellas, y Laura conoce esta realidad a fondo.&#8221;.<\/p>\n<p>La fot\u00f3grafa expresa su deseo de capturar &#8220;la energ\u00eda colectiva, los v\u00ednculos de sororidad, esa energ\u00eda eminentemente feminista que surge dentro de la c\u00e1rcel&#8221;. Es un <strong>intento de explorar la vida en femenino dentro de un entorno carcelario<\/strong> , donde las oportunidades para las mujeres son limitadas y las desigualdades se multiplican.<\/p>\n<p>Seg\u00fan Sampere &#8220;Dentro de la lucha feminista, es esencial denunciar que <strong>las mujeres internas se enfrentan a una triple condena: social, personal y penal<\/strong>. La condena social se manifiesta a trav\u00e9s de la ruptura de su imagen, como es percibida tradicionalmente por la sociedad. La condena personal proviene del descuelgue familiar que a menudo resulta de su detenci\u00f3n. Por \u00faltimo, la condena penal se a\u00f1ade a las dos anteriores, ya que las condiciones de cumplimiento de la pena suelen ser m\u00e1s duras para ellas en prisiones dise\u00f1adas para hombres. Adem\u00e1s, cabe destacar que el 54% de las internas han sufrido violencia machista.&#8221;<\/p>\n<p>&#8220;El objetivo principal es dar vida a los espacios de prisi\u00f3n y darles otro color&#8221;, explica G\u00e1lvez Rhein. Con esta exposici\u00f3n, se busca ofrecer una perspectiva \u00fanica y humanizadora de la realidad dentro de las prisiones, destacando las contribuciones art\u00edsticas y el potencial transformador de las artes.<\/p>\n<p><img loading=\"lazy\" decoding=\"async\" class=\"aligncenter size-us_600_400 wp-image-35266\" src=\"https:\/\/fundaciosetba.org\/wp-content\/uploads\/2023\/11\/003_Ed-6-TO_oct-nov-2022-Brians-I-600x400.jpg\" alt=\"\" width=\"600\" height=\"400\" srcset=\"https:\/\/fundaciosetba.org\/wp-content\/uploads\/2023\/11\/003_Ed-6-TO_oct-nov-2022-Brians-I-600x401.jpg 600w, https:\/\/fundaciosetba.org\/wp-content\/uploads\/2023\/11\/003_Ed-6-TO_oct-nov-2022-Brians-I-300x200.jpg 300w, https:\/\/fundaciosetba.org\/wp-content\/uploads\/2023\/11\/003_Ed-6-TO_oct-nov-2022-Brians-I-1024x684.jpg 1024w, https:\/\/fundaciosetba.org\/wp-content\/uploads\/2023\/11\/003_Ed-6-TO_oct-nov-2022-Brians-I-150x100.jpg 150w\" sizes=\"auto, (max-width: 600px) 100vw, 600px\" \/><\/p>\n<p>Adem\u00e1s de la exposici\u00f3n, <strong>el 15 de noviembre, la sala Sergi Mas acoger\u00e1 una mesa redonda titulada &#8220;Mujer y Fotograf\u00eda&#8221;<\/strong> , donde participar\u00e1n la propia <strong>Laura G\u00e1lvez-Rhein<\/strong> , la directora art\u00edstica del proyecto &#8220;Traspasando el objetivo&#8221; <strong>Marta F\u00e0bregas<\/strong> , y tres destacadas fot\u00f3grafas andorranas: <strong>Naiara Escabias, Montserrat Altimiras y Maricel Blanch<\/strong> . Esta mesa redonda explorar\u00e1 el trabajo inclusivo con colectivos marginados a trav\u00e9s de proyectos culturales como el de la Fundaci\u00f3 Setba, las im\u00e1genes captadas por G\u00e1lvez y la din\u00e1mica del mundo de la fotograf\u00eda, tradicionalmente vinculado al g\u00e9nero masculino.<\/p>\n<p><img loading=\"lazy\" decoding=\"async\" class=\"aligncenter size-us_600_400 wp-image-35244\" src=\"https:\/\/fundaciosetba.org\/wp-content\/uploads\/2023\/11\/cartell-taula-rodona-382x400.jpg\" alt=\"\" width=\"382\" height=\"400\" srcset=\"https:\/\/fundaciosetba.org\/wp-content\/uploads\/2023\/11\/cartell-taula-rodona-382x400.jpg 382w, https:\/\/fundaciosetba.org\/wp-content\/uploads\/2023\/11\/cartell-taula-rodona-287x300.jpg 287w, https:\/\/fundaciosetba.org\/wp-content\/uploads\/2023\/11\/cartell-taula-rodona-978x1024.jpg 978w, https:\/\/fundaciosetba.org\/wp-content\/uploads\/2023\/11\/cartell-taula-rodona-96x100.jpg 96w, https:\/\/fundaciosetba.org\/wp-content\/uploads\/2023\/11\/cartell-taula-rodona-600x628.jpg 600w, https:\/\/fundaciosetba.org\/wp-content\/uploads\/2023\/11\/cartell-taula-rodona.jpg 1241w\" sizes=\"auto, (max-width: 382px) 100vw, 382px\" \/><\/p>\n<p>A la inauguraci\u00f3n asistieron una treintena de personas, entre las que se destaca la presencia de Josep Majoral, c\u00f3nsul Mayor del Com\u00fa de Sant Juli\u00e0 de L\u00f2ria; Mireia Codina, c\u00f3nsul Menor del Com\u00fan de Sant Juli\u00e0 de L\u00f2ria; Sonia Carrillo, consejera de Cultura y Educaci\u00f3n del Com\u00fan de Sant Juli\u00e0 de L\u00f2ria; Isabel de la Parte, directora del Ministerio de Cultura, Juventud y Deportes; Joan-Marc Joval, jefe del Departamento de Acci\u00f3n Cultural (Ministerio de Cultura, Juventud y Deportes) en representaci\u00f3n de la Ministra; Silvia Riva, ex-ministra de Cultura, Juventud y Deportes y actualmente consejera del Consejo General; Anna Vives Tarr\u00e9s, delegada del Gobierno de Catalu\u00f1a en Andorra; y Cristina Sampere, directora de la Fundaci\u00f3n Setba y comisaria de la exposici\u00f3n.<\/p>\n<p>Esta exposici\u00f3n, fruto de un convenio entre el Com\u00fan, el ministerio de Cultura y Deportes y la propia Fundaci\u00f3n Setba, <strong>se podr\u00e1 ver hasta el 9 de diciembre en la sala Sergi Mas<\/strong> .<\/p>\n","protected":false},"excerpt":{"rendered":"<p>Hasta el 9 de diciembre se podr\u00e1 ver una colecci\u00f3n de fotograf\u00edas captadas por Laura G\u00e1lvez Rhein como parte del proyecto &#8220;Traspasando el objetivo&#8221;, diferentes talleres de fotograf\u00eda en los centros penitenciarios Brians 1 y Wad-Ras, donde han participado un total de 131 mujeres internas.<\/p>\n","protected":false},"author":1,"featured_media":35234,"comment_status":"closed","ping_status":"closed","sticky":false,"template":"","format":"standard","meta":{"footnotes":""},"categories":[1350],"tags":[],"class_list":["post-35274","post","type-post","status-publish","format-standard","has-post-thumbnail","hentry","category-traspasando-el-objetivo-es"],"_links":{"self":[{"href":"https:\/\/fundaciosetba.org\/es\/wp-json\/wp\/v2\/posts\/35274","targetHints":{"allow":["GET"]}}],"collection":[{"href":"https:\/\/fundaciosetba.org\/es\/wp-json\/wp\/v2\/posts"}],"about":[{"href":"https:\/\/fundaciosetba.org\/es\/wp-json\/wp\/v2\/types\/post"}],"author":[{"embeddable":true,"href":"https:\/\/fundaciosetba.org\/es\/wp-json\/wp\/v2\/users\/1"}],"replies":[{"embeddable":true,"href":"https:\/\/fundaciosetba.org\/es\/wp-json\/wp\/v2\/comments?post=35274"}],"version-history":[{"count":1,"href":"https:\/\/fundaciosetba.org\/es\/wp-json\/wp\/v2\/posts\/35274\/revisions"}],"predecessor-version":[{"id":35275,"href":"https:\/\/fundaciosetba.org\/es\/wp-json\/wp\/v2\/posts\/35274\/revisions\/35275"}],"wp:featuredmedia":[{"embeddable":true,"href":"https:\/\/fundaciosetba.org\/es\/wp-json\/wp\/v2\/media\/35234"}],"wp:attachment":[{"href":"https:\/\/fundaciosetba.org\/es\/wp-json\/wp\/v2\/media?parent=35274"}],"wp:term":[{"taxonomy":"category","embeddable":true,"href":"https:\/\/fundaciosetba.org\/es\/wp-json\/wp\/v2\/categories?post=35274"},{"taxonomy":"post_tag","embeddable":true,"href":"https:\/\/fundaciosetba.org\/es\/wp-json\/wp\/v2\/tags?post=35274"}],"curies":[{"name":"wp","href":"https:\/\/api.w.org\/{rel}","templated":true}]}}