{"id":35315,"date":"2023-11-20T09:17:06","date_gmt":"2023-11-20T08:17:06","guid":{"rendered":"https:\/\/fundaciosetba.org\/el-autorretrato-por-el-autoconocimiento-y-la-sanacion-laura-galvez-rhein-imparte-una-masterclass-en-prision-brians-1\/"},"modified":"2023-11-15T16:07:34","modified_gmt":"2023-11-15T15:07:34","slug":"el-autorretrato-por-el-autoconocimiento-y-la-sanacion-laura-galvez-rhein-imparte-una-masterclass-en-prision-brians-1","status":"publish","type":"post","link":"https:\/\/fundaciosetba.org\/es\/el-autorretrato-por-el-autoconocimiento-y-la-sanacion-laura-galvez-rhein-imparte-una-masterclass-en-prision-brians-1\/","title":{"rendered":"El autorretrato por el autoconocimiento y la sanaci\u00f3n, Laura G\u00e1lvez-Rhein imparte una masterclass en prisi\u00f3n Brians 1"},"content":{"rendered":"<p>Como la fotoperiodista Sandra Balsells o la fot\u00f3grafa Tanit Plana hab\u00edan hecho en otras ediciones, en esta, la fot\u00f3grafa Laura G\u00e1lvez-Rhein ha impartido una <em>masterclass<\/em> en una de las sesiones del proyecto &#8216;Traspassant l&#8217;objectiu&#8217;, dirigido por el artista Marta F\u00e0bregas , en el m\u00f3dulo de mujeres del centro penitenciario Brians 1.<\/p>\n<p><strong>G\u00e1lvez-Rhein parti\u00f3 de un autorretrato de su proyecto &#8216;Parasomnia&#8217; para hablar sobre el autoconocimiento y la sanaci\u00f3n.<\/strong> A trav\u00e9s de la historia tras el proyecto: abuso, depresi\u00f3n, ansiedad y trastornos del sue\u00f1o, la fot\u00f3grafa remarca c\u00f3mo, en su caso, la fotograf\u00eda fue la \u00fanica herramienta que encontr\u00f3 para refugiarse, para pedir ayuda y una v\u00eda de la sanaci\u00f3n. &#8220;Les explico que es un proyecto muy especial y que, ahora todav\u00eda me duele mucho verme as\u00ed pero que forma parte de m\u00ed y tambi\u00e9n es una muestra de hasta d\u00f3nde he llegado&#8221;, explica la fot\u00f3grafa.<\/p>\n<figure id=\"attachment_35286\" aria-describedby=\"caption-attachment-35286\" style=\"width: 904px\" class=\"wp-caption aligncenter\"><img loading=\"lazy\" decoding=\"async\" class=\"wp-image-35284 \" src=\"https:\/\/fundaciosetba.org\/wp-content\/uploads\/2023\/11\/13-1024x742.jpg\" alt=\"'Parasomnia'. Copyright: Laura G\u00e1lvez-Rhein\" width=\"904\" height=\"655\" srcset=\"https:\/\/fundaciosetba.org\/wp-content\/uploads\/2023\/11\/13-1024x742.jpg 1024w, https:\/\/fundaciosetba.org\/wp-content\/uploads\/2023\/11\/13-300x217.jpg 300w, https:\/\/fundaciosetba.org\/wp-content\/uploads\/2023\/11\/13-138x100.jpg 138w, https:\/\/fundaciosetba.org\/wp-content\/uploads\/2023\/11\/13-552x400.jpg 552w, https:\/\/fundaciosetba.org\/wp-content\/uploads\/2023\/11\/13-600x435.jpg 600w\" sizes=\"auto, (max-width: 904px) 100vw, 904px\" \/><figcaption id=\"caption-attachment-35286\" class=\"wp-caption-text\">&#8216;Parasomnia&#8217;. Copyright: Laura G\u00e1lvez-Rhein<\/figcaption><\/figure>\n<p>El testimonio de Laura G\u00e1lvez-Rhein abri\u00f3 un espacio de libertad para las participantes, que se sintieron alentadas a compartir sus propias vivencias. Con detalles personales, revelaron sus experiencias con una franqueza sorprendente, afirmando que <strong>escuchar testigos y ver c\u00f3mo salir de la oscuridad les motiva a hablar ya retomar actividades creativas como escribir dietarios o pintar.<\/strong><\/p>\n<p>Como conclusi\u00f3n, G\u00e1lvez-Rhein quiso recalcar que no quer\u00eda dar ninguna lecci\u00f3n y que tanto los procesos creativos como los de sanaci\u00f3n del trauma son irregulares y que <strong>es importante encontrar una voz<\/strong> . &#8220;A veces no nos damos cuenta pero cuando hablamos de nosotros hablamos en nombre de muchas. Tambi\u00e9n hice inciso en la importancia de la red de cuidados y de sentir que est\u00e1s acompa\u00f1ada. Nunca estaremos solas&#8221;.<\/p>\n<div class=\"w-gallery fit_cover wp_gallery type_grid action_popup_image ratio_1x1 count_6\" style=\"--columns:3;--items-gap:8px;\"><div class=\"w-gallery-list\"><div class=\"w-gallery-item\"><div class=\"w-gallery-item-img\"><img loading=\"lazy\" decoding=\"async\" width=\"300\" height=\"300\" src=\"https:\/\/fundaciosetba.org\/wp-content\/uploads\/2023\/11\/P1100852-300x300.jpg\" class=\"attachment-woocommerce_thumbnail size-woocommerce_thumbnail\" alt=\"\" srcset=\"https:\/\/fundaciosetba.org\/wp-content\/uploads\/2023\/11\/P1100852-300x300.jpg 300w, https:\/\/fundaciosetba.org\/wp-content\/uploads\/2023\/11\/P1100852-150x150.jpg 150w\" sizes=\"auto, (max-width: 300px) 100vw, 300px\" \/><\/div><a class=\"w-gallery-item-link\" aria-label=\"P1100852\" href=\"https:\/\/fundaciosetba.org\/wp-content\/uploads\/2023\/11\/P1100852-scaled.jpg\" title=\"P1100852\"><\/a><\/div><div class=\"w-gallery-item\"><div class=\"w-gallery-item-img\"><img loading=\"lazy\" decoding=\"async\" width=\"300\" height=\"300\" src=\"https:\/\/fundaciosetba.org\/wp-content\/uploads\/2023\/11\/P1100853-300x300.jpg\" class=\"attachment-woocommerce_thumbnail size-woocommerce_thumbnail\" alt=\"\" srcset=\"https:\/\/fundaciosetba.org\/wp-content\/uploads\/2023\/11\/P1100853-300x300.jpg 300w, https:\/\/fundaciosetba.org\/wp-content\/uploads\/2023\/11\/P1100853-150x150.jpg 150w\" sizes=\"auto, (max-width: 300px) 100vw, 300px\" \/><\/div><a class=\"w-gallery-item-link\" aria-label=\"P1100853\" href=\"https:\/\/fundaciosetba.org\/wp-content\/uploads\/2023\/11\/P1100853-scaled.jpg\" title=\"P1100853\"><\/a><\/div><div class=\"w-gallery-item\"><div class=\"w-gallery-item-img\"><img loading=\"lazy\" decoding=\"async\" width=\"300\" height=\"300\" src=\"https:\/\/fundaciosetba.org\/wp-content\/uploads\/2023\/11\/P1100855-300x300.jpg\" class=\"attachment-woocommerce_thumbnail size-woocommerce_thumbnail\" alt=\"\" srcset=\"https:\/\/fundaciosetba.org\/wp-content\/uploads\/2023\/11\/P1100855-300x300.jpg 300w, https:\/\/fundaciosetba.org\/wp-content\/uploads\/2023\/11\/P1100855-150x150.jpg 150w\" sizes=\"auto, (max-width: 300px) 100vw, 300px\" \/><\/div><a class=\"w-gallery-item-link\" aria-label=\"P1100855\" href=\"https:\/\/fundaciosetba.org\/wp-content\/uploads\/2023\/11\/P1100855-scaled.jpg\" title=\"P1100855\"><\/a><\/div><div class=\"w-gallery-item\"><div class=\"w-gallery-item-img\"><img loading=\"lazy\" decoding=\"async\" width=\"300\" height=\"300\" src=\"https:\/\/fundaciosetba.org\/wp-content\/uploads\/2023\/11\/P1100856-300x300.jpg\" class=\"attachment-woocommerce_thumbnail size-woocommerce_thumbnail\" alt=\"\" srcset=\"https:\/\/fundaciosetba.org\/wp-content\/uploads\/2023\/11\/P1100856-300x300.jpg 300w, https:\/\/fundaciosetba.org\/wp-content\/uploads\/2023\/11\/P1100856-150x150.jpg 150w\" sizes=\"auto, (max-width: 300px) 100vw, 300px\" \/><\/div><a class=\"w-gallery-item-link\" aria-label=\"P1100856\" href=\"https:\/\/fundaciosetba.org\/wp-content\/uploads\/2023\/11\/P1100856-scaled.jpg\" title=\"P1100856\"><\/a><\/div><div class=\"w-gallery-item\"><div class=\"w-gallery-item-img\"><img loading=\"lazy\" decoding=\"async\" width=\"300\" height=\"300\" src=\"https:\/\/fundaciosetba.org\/wp-content\/uploads\/2023\/11\/P1100859-300x300.jpg\" class=\"attachment-woocommerce_thumbnail size-woocommerce_thumbnail\" alt=\"\" srcset=\"https:\/\/fundaciosetba.org\/wp-content\/uploads\/2023\/11\/P1100859-300x300.jpg 300w, https:\/\/fundaciosetba.org\/wp-content\/uploads\/2023\/11\/P1100859-150x150.jpg 150w\" sizes=\"auto, (max-width: 300px) 100vw, 300px\" \/><\/div><a class=\"w-gallery-item-link\" aria-label=\"P1100859\" href=\"https:\/\/fundaciosetba.org\/wp-content\/uploads\/2023\/11\/P1100859-scaled.jpg\" title=\"P1100859\"><\/a><\/div><div class=\"w-gallery-item\"><div class=\"w-gallery-item-img\"><img loading=\"lazy\" decoding=\"async\" width=\"300\" height=\"300\" src=\"https:\/\/fundaciosetba.org\/wp-content\/uploads\/2023\/11\/P1100849-300x300.jpg\" class=\"attachment-woocommerce_thumbnail size-woocommerce_thumbnail\" alt=\"\" srcset=\"https:\/\/fundaciosetba.org\/wp-content\/uploads\/2023\/11\/P1100849-300x300.jpg 300w, https:\/\/fundaciosetba.org\/wp-content\/uploads\/2023\/11\/P1100849-150x150.jpg 150w\" sizes=\"auto, (max-width: 300px) 100vw, 300px\" \/><\/div><a class=\"w-gallery-item-link\" aria-label=\"P1100849\" href=\"https:\/\/fundaciosetba.org\/wp-content\/uploads\/2023\/11\/P1100849-scaled.jpg\" title=\"P1100849\"><\/a><\/div><\/div><\/div>\n<p>Durante la sesi\u00f3n exploraron conjuntamente la obra de diversas artistas, desde pintoras como Artemisia Gentileschi hasta fot\u00f3grafas contempor\u00e1neas como Cindy Sherman, para comprender c\u00f3mo <strong>el autorretrato ha sido una herramienta poderosa para la construcci\u00f3n de la identidad femenina a lo largo de la historia del arte<\/strong> .<\/p>\n<p>En resumen, la masterclass de Laura G\u00e1lvez-Rhein fue una oportunidad \u00fanica para las participantes del proyecto &#8216;Traspasando el Objetivo&#8217; de conectar con sus propias emociones, compartir sus historias y encontrar inspiraci\u00f3n para expresarse creativamente como parte del proceso de sanaci\u00f3n. Una jornada que reafirma la importancia del arte como medio de transformaci\u00f3n y herramienta para superar las dificultades personales.<\/p>\n","protected":false},"excerpt":{"rendered":"<p>Como la fotoperiodista Sandra Balsells o la fot\u00f3grafa Tanit Plana hab\u00edan hecho en otras ediciones, en esta, la fot\u00f3grafa Laura G\u00e1lvez-Rhein ha impartido una masterclass en una de las sesiones del proyecto &#8216;Traspassant l&#8217;objectiu&#8217;, dirigido por el artista Marta F\u00e0bregas , en el m\u00f3dulo de mujeres del centro penitenciario Brians 1.<\/p>\n","protected":false},"author":1,"featured_media":35283,"comment_status":"closed","ping_status":"closed","sticky":false,"template":"","format":"standard","meta":{"footnotes":""},"categories":[1350],"tags":[],"class_list":["post-35315","post","type-post","status-publish","format-standard","has-post-thumbnail","hentry","category-traspasando-el-objetivo-es"],"_links":{"self":[{"href":"https:\/\/fundaciosetba.org\/es\/wp-json\/wp\/v2\/posts\/35315","targetHints":{"allow":["GET"]}}],"collection":[{"href":"https:\/\/fundaciosetba.org\/es\/wp-json\/wp\/v2\/posts"}],"about":[{"href":"https:\/\/fundaciosetba.org\/es\/wp-json\/wp\/v2\/types\/post"}],"author":[{"embeddable":true,"href":"https:\/\/fundaciosetba.org\/es\/wp-json\/wp\/v2\/users\/1"}],"replies":[{"embeddable":true,"href":"https:\/\/fundaciosetba.org\/es\/wp-json\/wp\/v2\/comments?post=35315"}],"version-history":[{"count":1,"href":"https:\/\/fundaciosetba.org\/es\/wp-json\/wp\/v2\/posts\/35315\/revisions"}],"predecessor-version":[{"id":35316,"href":"https:\/\/fundaciosetba.org\/es\/wp-json\/wp\/v2\/posts\/35315\/revisions\/35316"}],"wp:featuredmedia":[{"embeddable":true,"href":"https:\/\/fundaciosetba.org\/es\/wp-json\/wp\/v2\/media\/35283"}],"wp:attachment":[{"href":"https:\/\/fundaciosetba.org\/es\/wp-json\/wp\/v2\/media?parent=35315"}],"wp:term":[{"taxonomy":"category","embeddable":true,"href":"https:\/\/fundaciosetba.org\/es\/wp-json\/wp\/v2\/categories?post=35315"},{"taxonomy":"post_tag","embeddable":true,"href":"https:\/\/fundaciosetba.org\/es\/wp-json\/wp\/v2\/tags?post=35315"}],"curies":[{"name":"wp","href":"https:\/\/api.w.org\/{rel}","templated":true}]}}