{"id":35458,"date":"2023-11-30T08:00:59","date_gmt":"2023-11-30T07:00:59","guid":{"rendered":"https:\/\/fundaciosetba.org\/?p=35458"},"modified":"2023-11-29T16:29:45","modified_gmt":"2023-11-29T15:29:45","slug":"esta-navidad-regala-cultura-con-valor-social","status":"publish","type":"post","link":"https:\/\/fundaciosetba.org\/es\/esta-navidad-regala-cultura-con-valor-social\/","title":{"rendered":"Esta Navidad regala cultura con valor social"},"content":{"rendered":"<p>Celebra estas Fiestas regalando arte y cultura con valor social. <strong>Todos los art\u00edculos de nuestra tienda son el resultado de los proyectos<\/strong> <strong>que llevamos a cabo con colectivos en riesgo de exclusi\u00f3n<\/strong> , con los que colaboramos activamente.<\/p>\n<p>Con cada compra, nos ayudas a mantener los proyectos de la Fundaci\u00f3n, llevando arte y cultura a la c\u00e1rcel, a los centros de salud mental, a las escuelas ya entidades que trabajan con personas con discapacidad intelectual.<\/p>\n<p>Descubre lo que ofrecemos en nuestra tienda:<\/p>\n<ul>\n<li><strong>\u00daltimos ejemplares del fotolibro &#8216;Brians. Mujeres invisibles&#8217;<\/strong><br \/>\nCon la compra de este libro colaboras con el proyecto &#8216;Traspasando el objetivo&#8217; que desarrollamos con mujeres internas en centros penitenciarios. De esta forma contribuimos a generar oportunidades a las internas, las empoderamos y aseguramos la continuidad del proyecto.<br \/>\nLas mujeres son las grandes olvidadas del sistema penitenciario, ya que s\u00f3lo representan al 7% de la poblaci\u00f3n reclusa, disponiendo de menos instalaciones y recursos que los hombres.<\/li>\n<li><strong>La nueva totebag &#8216;La cultura nos salva&#8217;<\/strong><br \/>\nCon la compra de esta bolsa, no s\u00f3lo colaboras con todos los proyectos de la Fundaci\u00f3 Setba, sino que tambi\u00e9n reivindicas el poder transformador de la cultura. Desde 2009, la Fundaci\u00f3n Setba trabaja con colectivos en riesgo de exclusi\u00f3n, poniendo en sus manos esta potente herramienta.<\/li>\n<li><strong>Las obras finalistas en el Premio Setba 2023<\/strong><br \/>\nCon la compra de estos cuadros colaboras en reconocer el talento de los artistas con discapacidad intelectual y en financiar el proyecto Magistrales. El Premio Setba es el certamen anual del proyecto, que se organiza desde 2011, con el objetivo de detectar y reconocer a los artistas con discapacidad intelectual. En esta edici\u00f3n, se presentaron 1.460 obras, de las que s\u00f3lo 14 fueron candidatas al Premio Setba.<\/li>\n<li><strong>&#8220;Vida i miracles de la pla\u00e7a Reial&#8221; de Xavier Theros<\/strong><br \/>\nEste libro, coeditado con el Ayuntamiento de Barcelona, \u200b\u200bla Asociaci\u00f3n de Amigos y Comerciantes de la Plaza Real y la Fundaci\u00f3n SETBA, muestra la historia de la plaza Reial desde sus inicios hasta la actualidad. Hay an\u00e9cdotas, personajes, lugares, locales, negocios\u2026 y la opini\u00f3n de los vecinos que viven. El texto va acompa\u00f1ado de 135 im\u00e1genes de archivos y colecciones particulares. La mayor\u00eda in\u00e9ditas. Tu compra colabora con todos los proyectos de la Fundaci\u00f3 Setba.<\/li>\n<li><strong>Rebanadas de tronco art\u00edsticas<\/strong><br \/>\nEl dinero recaudado con la venta de las rebanadas va para la continuidad del proyecto Natura es Cultura, con el objetivo de contribuir a la desestigmatizaci\u00f3n de los trastornos mentales.<\/li>\n<\/ul>\n<h4 style=\"text-align: center;\"><a href=\"https:\/\/fundaciosetba.org\/botiga\/\"><strong>Visitar tienda<\/strong><\/a><\/h4>\n<p>Con estos regalos, no s\u00f3lo haces feliz a alguien con un regalo \u00fanico, sino que tambi\u00e9n contribuyes a la transformaci\u00f3n de la sociedad. Gracias por formar parte de nuestra misi\u00f3n.<\/p>\n<p>&nbsp;<\/p>\n","protected":false},"excerpt":{"rendered":"<p>Celebra estas Fiestas regalando arte y cultura con valor social. Todos los art\u00edculos de nuestra tienda son el resultado de los proyectos que llevamos a cabo con colectivos en riesgo de exclusi\u00f3n , con los que colaboramos activamente.<\/p>\n","protected":false},"author":1,"featured_media":35325,"comment_status":"closed","ping_status":"closed","sticky":false,"template":"","format":"standard","meta":{"footnotes":""},"categories":[1354],"tags":[],"class_list":["post-35458","post","type-post","status-publish","format-standard","has-post-thumbnail","hentry","category-noticias-relacionadas"],"_links":{"self":[{"href":"https:\/\/fundaciosetba.org\/es\/wp-json\/wp\/v2\/posts\/35458","targetHints":{"allow":["GET"]}}],"collection":[{"href":"https:\/\/fundaciosetba.org\/es\/wp-json\/wp\/v2\/posts"}],"about":[{"href":"https:\/\/fundaciosetba.org\/es\/wp-json\/wp\/v2\/types\/post"}],"author":[{"embeddable":true,"href":"https:\/\/fundaciosetba.org\/es\/wp-json\/wp\/v2\/users\/1"}],"replies":[{"embeddable":true,"href":"https:\/\/fundaciosetba.org\/es\/wp-json\/wp\/v2\/comments?post=35458"}],"version-history":[{"count":2,"href":"https:\/\/fundaciosetba.org\/es\/wp-json\/wp\/v2\/posts\/35458\/revisions"}],"predecessor-version":[{"id":35515,"href":"https:\/\/fundaciosetba.org\/es\/wp-json\/wp\/v2\/posts\/35458\/revisions\/35515"}],"wp:featuredmedia":[{"embeddable":true,"href":"https:\/\/fundaciosetba.org\/es\/wp-json\/wp\/v2\/media\/35325"}],"wp:attachment":[{"href":"https:\/\/fundaciosetba.org\/es\/wp-json\/wp\/v2\/media?parent=35458"}],"wp:term":[{"taxonomy":"category","embeddable":true,"href":"https:\/\/fundaciosetba.org\/es\/wp-json\/wp\/v2\/categories?post=35458"},{"taxonomy":"post_tag","embeddable":true,"href":"https:\/\/fundaciosetba.org\/es\/wp-json\/wp\/v2\/tags?post=35458"}],"curies":[{"name":"wp","href":"https:\/\/api.w.org\/{rel}","templated":true}]}}