{"id":35475,"date":"2023-11-29T13:19:02","date_gmt":"2023-11-29T12:19:02","guid":{"rendered":"https:\/\/fundaciosetba.org\/?p=35475"},"modified":"2023-11-29T13:37:09","modified_gmt":"2023-11-29T12:37:09","slug":"he-descubierto-que-me-encanta-ser-fotografa-y-que-me-gustaria-hacer-un-curso-cuando-salga-de-aqui-las-mujeres-internas-en-brians-celebran-la-ceremonia-de-clausura-del-proyecto-traspasando-el-ob","status":"publish","type":"post","link":"https:\/\/fundaciosetba.org\/es\/he-descubierto-que-me-encanta-ser-fotografa-y-que-me-gustaria-hacer-un-curso-cuando-salga-de-aqui-las-mujeres-internas-en-brians-celebran-la-ceremonia-de-clausura-del-proyecto-traspasando-el-ob\/","title":{"rendered":"&#8220;He descubierto que me encanta ser fot\u00f3grafa y que me gustar\u00eda hacer un curso cuando salga de aqu\u00ed&#8221;. Las mujeres internas en Brians celebran la ceremonia de clausura del proyecto &#8216;Traspasando el objetivo&#8217;"},"content":{"rendered":"<p>Quince intensivas horas dedicadas a la exploraci\u00f3n de los conocimientos fotogr\u00e1ficos, tanto te\u00f3ricos como pr\u00e1cticos, han marcado el transcurso del proyecto <em>Traspasando el objetivo<\/em> dirigido a mujeres internas del centro penitenciario Brians 1. Esta iniciativa realizada entre el 2 de octubre y el 8 de noviembre de 2023 ha estado liderada por la artista Marta F\u00e0bregas con la colaboraci\u00f3n de la fot\u00f3grafa <a href=\"https:\/\/fundaciosetba.org\/lautorretrat-per-lautoconeixement-i-la-sanacio-laura-galvez-rhein-imparteix-una-masterclass-a-la-preso-brians-1\/\">Laura G\u00e1lvez-Rhein<\/a> y con la participaci\u00f3n activa de diez mujeres, en esta edici\u00f3n.<\/p>\n<p><strong>\u201c\u00bfC\u00f3mo le vas a hacer la fotograf\u00eda? &#8211; Pues le har\u00e9 en picado\u201d<\/strong> , responde Alexandra, una de las participantes. <strong>La realizaci\u00f3n de este programa ha proporcionado a las participantes nuevas habilidades fotogr\u00e1ficas<\/strong>, \u2014 aprobando un 30% m\u00e1s que en el examen que se hizo al inicio del proyecto y con un 9 de media \u2014 permiti\u00e9ndoles poner en pr\u00e1ctica sus conocimientos, <strong>a la vez que fomenta su empoderamiento y la creaci\u00f3n de nuevas conexiones grupales<\/strong>. &#8220;Antes no ve\u00eda las miradas y ahora s\u00ed que las veo en cada una y en cada momento&#8221;, reflexiona Claudia, destacando uno de los objetivos clave para la artista Marta F\u00e0bregas. Seg\u00fan los datos recogidos de impacto, <strong>se observa un aumento del 6,6% de la autoestima<\/strong> entre el inicio y el final del taller.<\/p>\n<div class=\"w-gallery fit_cover wp_gallery type_grid action_popup_image ratio_1x1 count_4\" style=\"--columns:4;--items-gap:8px;\"><div class=\"w-gallery-list\"><div class=\"w-gallery-item\"><div class=\"w-gallery-item-img\"><img loading=\"lazy\" decoding=\"async\" width=\"300\" height=\"300\" src=\"https:\/\/fundaciosetba.org\/wp-content\/uploads\/2023\/11\/2023-11-21_Cloenda-Traspassant-lObjectiu-SETBA_008-300x300.jpg\" class=\"attachment-woocommerce_thumbnail size-woocommerce_thumbnail\" alt=\"\" srcset=\"https:\/\/fundaciosetba.org\/wp-content\/uploads\/2023\/11\/2023-11-21_Cloenda-Traspassant-lObjectiu-SETBA_008-300x300.jpg 300w, https:\/\/fundaciosetba.org\/wp-content\/uploads\/2023\/11\/2023-11-21_Cloenda-Traspassant-lObjectiu-SETBA_008-150x150.jpg 150w\" sizes=\"auto, (max-width: 300px) 100vw, 300px\" \/><\/div><div class=\"w-gallery-item-meta\"><div class=\"w-gallery-item-title\">\u00a9 Laura G\u00e1lvez-Rhein<\/div><\/div><a class=\"w-gallery-item-link\" aria-label=\"\u00a9 Laura G\u00e1lvez-Rhein\" href=\"https:\/\/fundaciosetba.org\/wp-content\/uploads\/2023\/11\/2023-11-21_Cloenda-Traspassant-lObjectiu-SETBA_008-scaled.jpg\" title=\"\u00a9 Laura G\u00e1lvez-Rhein\"><\/a><\/div><div class=\"w-gallery-item\"><div class=\"w-gallery-item-img\"><img loading=\"lazy\" decoding=\"async\" width=\"300\" height=\"300\" src=\"https:\/\/fundaciosetba.org\/wp-content\/uploads\/2023\/11\/2023-11-21_Cloenda-Traspassant-lObjectiu-SETBA_012-300x300.jpg\" class=\"attachment-woocommerce_thumbnail size-woocommerce_thumbnail\" alt=\"\" srcset=\"https:\/\/fundaciosetba.org\/wp-content\/uploads\/2023\/11\/2023-11-21_Cloenda-Traspassant-lObjectiu-SETBA_012-300x300.jpg 300w, https:\/\/fundaciosetba.org\/wp-content\/uploads\/2023\/11\/2023-11-21_Cloenda-Traspassant-lObjectiu-SETBA_012-150x150.jpg 150w\" sizes=\"auto, (max-width: 300px) 100vw, 300px\" \/><\/div><div class=\"w-gallery-item-meta\"><div class=\"w-gallery-item-title\">\u00a9 Laura G\u00e1lvez-Rhein<\/div><\/div><a class=\"w-gallery-item-link\" aria-label=\"\u00a9 Laura G\u00e1lvez-Rhein\" href=\"https:\/\/fundaciosetba.org\/wp-content\/uploads\/2023\/11\/2023-11-21_Cloenda-Traspassant-lObjectiu-SETBA_012-scaled.jpg\" title=\"\u00a9 Laura G\u00e1lvez-Rhein\"><\/a><\/div><div class=\"w-gallery-item\"><div class=\"w-gallery-item-img\"><img loading=\"lazy\" decoding=\"async\" width=\"300\" height=\"300\" src=\"https:\/\/fundaciosetba.org\/wp-content\/uploads\/2023\/11\/2023-11-21_Cloenda-Traspassant-lObjectiu-SETBA_021-300x300.jpg\" class=\"attachment-woocommerce_thumbnail size-woocommerce_thumbnail\" alt=\"\" srcset=\"https:\/\/fundaciosetba.org\/wp-content\/uploads\/2023\/11\/2023-11-21_Cloenda-Traspassant-lObjectiu-SETBA_021-300x300.jpg 300w, https:\/\/fundaciosetba.org\/wp-content\/uploads\/2023\/11\/2023-11-21_Cloenda-Traspassant-lObjectiu-SETBA_021-150x150.jpg 150w\" sizes=\"auto, (max-width: 300px) 100vw, 300px\" \/><\/div><div class=\"w-gallery-item-meta\"><div class=\"w-gallery-item-title\">\u00a9 Laura G\u00e1lvez-Rhein<\/div><\/div><a class=\"w-gallery-item-link\" aria-label=\"\u00a9 Laura G\u00e1lvez-Rhein\" href=\"https:\/\/fundaciosetba.org\/wp-content\/uploads\/2023\/11\/2023-11-21_Cloenda-Traspassant-lObjectiu-SETBA_021-scaled.jpg\" title=\"\u00a9 Laura G\u00e1lvez-Rhein\"><\/a><\/div><div class=\"w-gallery-item\"><div class=\"w-gallery-item-img\"><img loading=\"lazy\" decoding=\"async\" width=\"300\" height=\"300\" src=\"https:\/\/fundaciosetba.org\/wp-content\/uploads\/2023\/11\/2023-11-21_Cloenda-Traspassant-lObjectiu-SETBA_032_-300x300.jpg\" class=\"attachment-woocommerce_thumbnail size-woocommerce_thumbnail\" alt=\"\" srcset=\"https:\/\/fundaciosetba.org\/wp-content\/uploads\/2023\/11\/2023-11-21_Cloenda-Traspassant-lObjectiu-SETBA_032_-300x300.jpg 300w, https:\/\/fundaciosetba.org\/wp-content\/uploads\/2023\/11\/2023-11-21_Cloenda-Traspassant-lObjectiu-SETBA_032_-150x150.jpg 150w\" sizes=\"auto, (max-width: 300px) 100vw, 300px\" \/><\/div><div class=\"w-gallery-item-meta\"><div class=\"w-gallery-item-title\">\u00a9 Laura G\u00e1lvez-Rhein<\/div><\/div><a class=\"w-gallery-item-link\" aria-label=\"\u00a9 Laura G\u00e1lvez-Rhein\" href=\"https:\/\/fundaciosetba.org\/wp-content\/uploads\/2023\/11\/2023-11-21_Cloenda-Traspassant-lObjectiu-SETBA_032_-scaled.jpg\" title=\"\u00a9 Laura G\u00e1lvez-Rhein\"><\/a><\/div><\/div><\/div>\n<p>&nbsp;<\/p>\n<p>Adem\u00e1s, los resultados de los cuestionarios de impacto revelan que, <strong>despu\u00e9s de realizar el curso, hay un aumento del 10% m\u00e1s de alumnas que les gustar\u00eda dedicarse a la fotograf\u00eda en un futuro<\/strong> . La contribuci\u00f3n de empresas privadas, como en el caso de la colaboraci\u00f3n con Panasonic, es crucial para la continuidad de estas iniciativas, puesto que facilita el acceso a formaci\u00f3n, favoreciendo la transici\u00f3n de los participantes hacia nuevas oportunidades fuera de los centros penitenciarios. Alexandra destaca: &#8220;Me encanta ser fot\u00f3grafa. <strong>Me he dado cuenta de que tengo mucho potencial como fot\u00f3grafa y es algo que me gustar\u00eda continuar fuera<\/strong> y, como tampoco me queda tanto tiempo para salir, es algo que me gustar\u00eda hacer como, por ejemplo, un curso m\u00e1s profesional&#8221;, mostrando c\u00f3mo el proyecto ha logrado su objetivo de generar oportunidades de trabajo a trav\u00e9s de la fotograf\u00eda .<\/p>\n<p>La clausura del proyecto, realizada el 21 de noviembre en conmemoraci\u00f3n del <strong>D\u00eda Internacional por la Erradicaci\u00f3n de la Violencia hacia las Mujeres<\/strong> , destac\u00f3 la triste realidad de que <strong>el 75% de las mujeres internas han sufrido violencia machista<\/strong> . Con esta cifra, la Fundaci\u00f3n Setba, gracias a este proyecto, busca dar visibilidad a un colectivo a menudo invisibilizado por la sociedad y que sufre una triple condena: familiar, social y penal. Durante el acto, las participantes colgaron un mural en el pat\u00edn de la c\u00e1rcel con fotograf\u00edas tomadas por ellas mismas, se les entregaron los diplomas y se hizo entrega del premio del curso, v\u00eda sorteo, de una c\u00e1mara Panasonic &#8211; Lumix a una de las participantes.<\/p>\n<div class=\"w-gallery fit_cover wp_gallery type_grid action_popup_image ratio_1x1 count_4\" style=\"--columns:4;--items-gap:8px;\"><div class=\"w-gallery-list\"><div class=\"w-gallery-item\"><div class=\"w-gallery-item-img\"><img loading=\"lazy\" decoding=\"async\" width=\"300\" height=\"300\" src=\"https:\/\/fundaciosetba.org\/wp-content\/uploads\/2023\/11\/2023-11-21_Cloenda-Traspassant-lObjectiu-SETBA_033_-300x300.jpg\" class=\"attachment-woocommerce_thumbnail size-woocommerce_thumbnail\" alt=\"\" srcset=\"https:\/\/fundaciosetba.org\/wp-content\/uploads\/2023\/11\/2023-11-21_Cloenda-Traspassant-lObjectiu-SETBA_033_-300x300.jpg 300w, https:\/\/fundaciosetba.org\/wp-content\/uploads\/2023\/11\/2023-11-21_Cloenda-Traspassant-lObjectiu-SETBA_033_-150x150.jpg 150w\" sizes=\"auto, (max-width: 300px) 100vw, 300px\" \/><\/div><div class=\"w-gallery-item-meta\"><div class=\"w-gallery-item-title\">\u00a9 Laura G\u00e1lvez-Rhein<\/div><\/div><a class=\"w-gallery-item-link\" aria-label=\"\u00a9 Laura G\u00e1lvez-Rhein\" href=\"https:\/\/fundaciosetba.org\/wp-content\/uploads\/2023\/11\/2023-11-21_Cloenda-Traspassant-lObjectiu-SETBA_033_-scaled.jpg\" title=\"\u00a9 Laura G\u00e1lvez-Rhein\"><\/a><\/div><div class=\"w-gallery-item\"><div class=\"w-gallery-item-img\"><img loading=\"lazy\" decoding=\"async\" width=\"300\" height=\"300\" src=\"https:\/\/fundaciosetba.org\/wp-content\/uploads\/2023\/11\/2023-11-21_Cloenda-Traspassant-lObjectiu-SETBA_036-300x300.jpg\" class=\"attachment-woocommerce_thumbnail size-woocommerce_thumbnail\" alt=\"\" srcset=\"https:\/\/fundaciosetba.org\/wp-content\/uploads\/2023\/11\/2023-11-21_Cloenda-Traspassant-lObjectiu-SETBA_036-300x300.jpg 300w, https:\/\/fundaciosetba.org\/wp-content\/uploads\/2023\/11\/2023-11-21_Cloenda-Traspassant-lObjectiu-SETBA_036-150x150.jpg 150w\" sizes=\"auto, (max-width: 300px) 100vw, 300px\" \/><\/div><div class=\"w-gallery-item-meta\"><div class=\"w-gallery-item-title\">\u00a9 Laura G\u00e1lvez-Rhein<\/div><\/div><a class=\"w-gallery-item-link\" aria-label=\"\u00a9 Laura G\u00e1lvez-Rhein\" href=\"https:\/\/fundaciosetba.org\/wp-content\/uploads\/2023\/11\/2023-11-21_Cloenda-Traspassant-lObjectiu-SETBA_036-scaled.jpg\" title=\"\u00a9 Laura G\u00e1lvez-Rhein\"><\/a><\/div><div class=\"w-gallery-item\"><div class=\"w-gallery-item-img\"><img loading=\"lazy\" decoding=\"async\" width=\"300\" height=\"300\" src=\"https:\/\/fundaciosetba.org\/wp-content\/uploads\/2023\/11\/2023-11-21_Cloenda-Traspassant-lObjectiu-SETBA_048_-300x300.jpg\" class=\"attachment-woocommerce_thumbnail size-woocommerce_thumbnail\" alt=\"\" srcset=\"https:\/\/fundaciosetba.org\/wp-content\/uploads\/2023\/11\/2023-11-21_Cloenda-Traspassant-lObjectiu-SETBA_048_-300x300.jpg 300w, https:\/\/fundaciosetba.org\/wp-content\/uploads\/2023\/11\/2023-11-21_Cloenda-Traspassant-lObjectiu-SETBA_048_-150x150.jpg 150w\" sizes=\"auto, (max-width: 300px) 100vw, 300px\" \/><\/div><div class=\"w-gallery-item-meta\"><div class=\"w-gallery-item-title\">\u00a9 Laura G\u00e1lvez-Rhein<\/div><\/div><a class=\"w-gallery-item-link\" aria-label=\"\u00a9 Laura G\u00e1lvez-Rhein\" href=\"https:\/\/fundaciosetba.org\/wp-content\/uploads\/2023\/11\/2023-11-21_Cloenda-Traspassant-lObjectiu-SETBA_048_-scaled.jpg\" title=\"\u00a9 Laura G\u00e1lvez-Rhein\"><\/a><\/div><div class=\"w-gallery-item\"><div class=\"w-gallery-item-img\"><img loading=\"lazy\" decoding=\"async\" width=\"300\" height=\"300\" src=\"https:\/\/fundaciosetba.org\/wp-content\/uploads\/2023\/11\/2023-11-21_Cloenda-Traspassant-lObjectiu-SETBA_051-300x300.jpg\" class=\"attachment-woocommerce_thumbnail size-woocommerce_thumbnail\" alt=\"\" srcset=\"https:\/\/fundaciosetba.org\/wp-content\/uploads\/2023\/11\/2023-11-21_Cloenda-Traspassant-lObjectiu-SETBA_051-300x300.jpg 300w, https:\/\/fundaciosetba.org\/wp-content\/uploads\/2023\/11\/2023-11-21_Cloenda-Traspassant-lObjectiu-SETBA_051-150x150.jpg 150w\" sizes=\"auto, (max-width: 300px) 100vw, 300px\" \/><\/div><div class=\"w-gallery-item-meta\"><div class=\"w-gallery-item-title\">\u00a9 Laura G\u00e1lvez-Rhein<\/div><\/div><a class=\"w-gallery-item-link\" aria-label=\"\u00a9 Laura G\u00e1lvez-Rhein\" href=\"https:\/\/fundaciosetba.org\/wp-content\/uploads\/2023\/11\/2023-11-21_Cloenda-Traspassant-lObjectiu-SETBA_051-scaled.jpg\" title=\"\u00a9 Laura G\u00e1lvez-Rhein\"><\/a><\/div><\/div><\/div>\n<p>&nbsp;<\/p>\n<p>Con el fin de transformar la cultura penitenciaria, las l\u00edneas estrat\u00e9gicas de la Fundaci\u00f3n Setba se orientan hacia la inclusi\u00f3n social de las mujeres internas, aspirante a que la cultura se convierta en una parte intr\u00ednseca de su itinerario hacia la reinserci\u00f3n. La Fundaci\u00f3n Setba es miembro de la Comisi\u00f3n Permanente de la Mesa de Participaci\u00f3n Social, \u00f3rgano consultivo del Departament de Just\u00edcia, que trabaja para incidir en pol\u00edticas institucionales.<\/p>\n<p>Una de las participantes, Nicole, expresa su gratitud por el proyecto: <strong>&#8220;Me ha parecido muy bonito el proyecto. Ha sido pura magia, porque ves m\u00e1s all\u00e1 de lo que se puede ver normalmente con la vista. La c\u00e1mara es&#8230;es como un espejo&#8230;como si fuera una lupa. Algo muy diferente. Te saca de este sitio. Es maravilloso. As\u00ed que gracias&#8221;<\/strong><\/p>\n<p>El proyecto, organizado por la Fundaci\u00f3n Setba, ha sido posible gracias al patrocinio de Bizcabar y del Departamento de Justicia, Derechos y Memoria y con la colaboraci\u00f3n de Lum\u00ednico, Maquillaje Tutus\u00e1us, Marc Mart\u00ed, Instituto de Estudios Fotogr\u00e1ficos de Catalu\u00f1a, Panasonic -Lumix.<\/p>\n","protected":false},"excerpt":{"rendered":"<p>Quince intensivas horas dedicadas a la exploraci\u00f3n de los conocimientos fotogr\u00e1ficos, tanto te\u00f3ricos como pr\u00e1cticos, han marcado el transcurso del proyecto &#8216;Traspasando el objetivo&#8217; dirigido a mujeres internas del centro penitenciario Brians 1<\/p>\n","protected":false},"author":1,"featured_media":35480,"comment_status":"closed","ping_status":"closed","sticky":false,"template":"","format":"standard","meta":{"footnotes":""},"categories":[1350],"tags":[],"class_list":["post-35475","post","type-post","status-publish","format-standard","has-post-thumbnail","hentry","category-traspasando-el-objetivo-es"],"_links":{"self":[{"href":"https:\/\/fundaciosetba.org\/es\/wp-json\/wp\/v2\/posts\/35475","targetHints":{"allow":["GET"]}}],"collection":[{"href":"https:\/\/fundaciosetba.org\/es\/wp-json\/wp\/v2\/posts"}],"about":[{"href":"https:\/\/fundaciosetba.org\/es\/wp-json\/wp\/v2\/types\/post"}],"author":[{"embeddable":true,"href":"https:\/\/fundaciosetba.org\/es\/wp-json\/wp\/v2\/users\/1"}],"replies":[{"embeddable":true,"href":"https:\/\/fundaciosetba.org\/es\/wp-json\/wp\/v2\/comments?post=35475"}],"version-history":[{"count":2,"href":"https:\/\/fundaciosetba.org\/es\/wp-json\/wp\/v2\/posts\/35475\/revisions"}],"predecessor-version":[{"id":35513,"href":"https:\/\/fundaciosetba.org\/es\/wp-json\/wp\/v2\/posts\/35475\/revisions\/35513"}],"wp:featuredmedia":[{"embeddable":true,"href":"https:\/\/fundaciosetba.org\/es\/wp-json\/wp\/v2\/media\/35480"}],"wp:attachment":[{"href":"https:\/\/fundaciosetba.org\/es\/wp-json\/wp\/v2\/media?parent=35475"}],"wp:term":[{"taxonomy":"category","embeddable":true,"href":"https:\/\/fundaciosetba.org\/es\/wp-json\/wp\/v2\/categories?post=35475"},{"taxonomy":"post_tag","embeddable":true,"href":"https:\/\/fundaciosetba.org\/es\/wp-json\/wp\/v2\/tags?post=35475"}],"curies":[{"name":"wp","href":"https:\/\/api.w.org\/{rel}","templated":true}]}}