{"id":35476,"date":"2023-12-01T08:00:14","date_gmt":"2023-12-01T07:00:14","guid":{"rendered":"https:\/\/fundaciosetba.org\/?p=35476"},"modified":"2023-11-29T13:35:23","modified_gmt":"2023-11-29T12:35:23","slug":"ya-esta-disponible-la-nueva-formacion-gratuita-sobre-la-tecnica-del-collage-con-la-artista-marta-fabregas","status":"publish","type":"post","link":"https:\/\/fundaciosetba.org\/es\/ya-esta-disponible-la-nueva-formacion-gratuita-sobre-la-tecnica-del-collage-con-la-artista-marta-fabregas\/","title":{"rendered":"Ya est\u00e1 disponible la nueva formaci\u00f3n gratuita sobre la t\u00e9cnica del collage con la artista Marta F\u00e0bregas"},"content":{"rendered":"<p>Llega la tercera formaci\u00f3n art\u00edstica <a href=\"https:\/\/fundaciosetba.org\/projecte\/magistrals-premi-setba\/\">MAGISTRALES<\/a> , un proyecto pedag\u00f3gico dirigido a entidades que trabajan con personas con discapacidad intelectual en Catalu\u00f1a.<\/p>\n<p><strong>Los objetivos de Magistrales son:<\/strong><br \/>\n1-Mejorar la calidad de los talleres art\u00edsticos que se llevan a cabo en estas entidades.<br \/>\n2-Ayudar a los educadores sociales a detectar el talento de sus usuarios<br \/>\n3-Visibilizar y reconocer el talento de estos artistas que tiene en sus entidades.<\/p>\n<p>Durante estos dos a\u00f1os, nos ha acompa\u00f1ado el artista pl\u00e1stico <a href=\"https:\/\/youtu.be\/ac_-ySdhFFc?si=7VhXZQYbLNc1g0dU\"><strong>Jaime S\u00fanico<\/strong> , que nos mostraba c\u00f3mo perder el miedo al papel en blanco<\/a> , y la dise\u00f1adora e ilustradora <a href=\"https:\/\/youtu.be\/iLpmaRvfz18?si=EGGzFZOrcMncksf7\"><strong>Laura Klamburg<\/strong> , que nos ense\u00f1\u00f3 c\u00f3mo expresar las emociones a trav\u00e9s de los colores<\/a> . Este a\u00f1o, hemos contado con la artista y fot\u00f3grafa <strong>Marta F\u00e0bregas<\/strong> , que nos ha ense\u00f1ado la t\u00e9cnica del collage. Para quienes ya nos han ido siguiendo, sabr\u00e1n que tambi\u00e9n dirige el proyecto <em>Traspasando el objetivo<\/em> , un taller fotogr\u00e1fico dirigido a mujeres internas en centros penitenciarios.<\/p>\n<p><img loading=\"lazy\" decoding=\"async\" class=\"aligncenter size-us_600_400 wp-image-35467\" src=\"https:\/\/fundaciosetba.org\/wp-content\/uploads\/2023\/11\/2023-04_Magistrals_Rodatge-Marta-Fabregas_14-600x400.jpg\" alt=\"\" width=\"600\" height=\"400\" srcset=\"https:\/\/fundaciosetba.org\/wp-content\/uploads\/2023\/11\/2023-04_Magistrals_Rodatge-Marta-Fabregas_14-600x401.jpg 600w, https:\/\/fundaciosetba.org\/wp-content\/uploads\/2023\/11\/2023-04_Magistrals_Rodatge-Marta-Fabregas_14-300x200.jpg 300w, https:\/\/fundaciosetba.org\/wp-content\/uploads\/2023\/11\/2023-04_Magistrals_Rodatge-Marta-Fabregas_14-1024x684.jpg 1024w, https:\/\/fundaciosetba.org\/wp-content\/uploads\/2023\/11\/2023-04_Magistrals_Rodatge-Marta-Fabregas_14-150x100.jpg 150w, https:\/\/fundaciosetba.org\/wp-content\/uploads\/2023\/11\/2023-04_Magistrals_Rodatge-Marta-Fabregas_14.jpg 1920w\" sizes=\"auto, (max-width: 600px) 100vw, 600px\" \/><\/p>\n<p>F\u00e0bregas es artista, activista y fot\u00f3grafa formada en el Instituto de Estudios Fotogr\u00e1ficos de Catalu\u00f1a. Ha articulado su pr\u00e1ctica feminista de forma transversal en sus obras como en su vida cotidiana. En el \u00faltimo a\u00f1o, adem\u00e1s de participar en ferias internacionales en capitales art\u00edsticas como Madrid, Par\u00eds, Los \u00c1ngeles, ha expuesto en instituciones como el Museu Frederic Mar\u00e8s de Barcelona, \u200b\u200bas\u00ed como en galer\u00edas nacionales como internacionales, como Pigment Gallery ( de Barcelona y Par\u00eds), en la galer\u00eda Jorge Alcolea de Madrid, en la galer\u00eda Airel Jakob (Par\u00eds, Francia), en la galer\u00eda Saraceno Art Gallery de Roma, Italia) y en el BlinkGroup Gallery (Miami, Estados Unidos).<\/p>\n<p><strong>En esta formaci\u00f3n, aprender\u00e9is:<\/strong><br \/>\n\u2022 \u00bfQu\u00e9 es el collage?<br \/>\n\u2022 Historia del collage<br \/>\n\u2022 Algunos referentes<br \/>\n\u2022 Tipo de collage<br \/>\n\u2022 Herramientas y materiales<br \/>\n\u2022 C\u00f3mo organizar el espacio de trabajo<br \/>\n\u2022 Elementos que componen el collage<br \/>\n\u2022 T\u00e9cnicas de composici\u00f3n<br \/>\n\u2022 Ejercicios<br \/>\n\u2022 \u00bfC\u00f3mo hacemos un collage?<br \/>\n\u2022 Valoraciones de los trabajos presentados por entidades<\/p>\n<p><strong>Y necesitar\u00e9is:<\/strong><br \/>\n&#8211; Papeles de seda<br \/>\n&#8211; Cartulinas<br \/>\n&#8211; Papel cart\u00f3n<br \/>\n&#8211; Papel hecho a mano<br \/>\n&#8211; Revistas, diarios, etc.<br \/>\n&#8211; Impresiones antiguas<br \/>\n&#8211; L\u00e1minas<br \/>\n&#8211; Cinta adhesiva de cart\u00f3n<br \/>\n&#8211; Cordeles de color neutro<br \/>\n&#8211; Bote de cola blanca<br \/>\n&#8211; Pegamento de barra<br \/>\n&#8211; Pinturas de colores<br \/>\n&#8211; Tijeras y un regla<\/p>\n<p><strong>As\u00ed que tomad el material, tijeras y revistas, \u00a1qu\u00e9 empezamos!<\/strong><\/p>\n<p><iframe loading=\"lazy\" title=\"Formaci\u00f3 MAGISTRALS | Collage | Marta F\u00e0bregas | 2023\" width=\"640\" height=\"360\" src=\"https:\/\/www.youtube.com\/embed\/bOHdYy_4yp0?feature=oembed\" frameborder=\"0\" allow=\"accelerometer; autoplay; clipboard-write; encrypted-media; gyroscope; picture-in-picture; web-share\" allowfullscreen><\/iframe><\/p>\n<p>&nbsp;<\/p>\n<p><strong>\u00a1IMPORTANTE!<\/strong> Si eres una entidad del tercer sector que trabaja con personas con discapacidad intelectual y deseas recibir la pr\u00f3xima formaci\u00f3n personalizada de Magistrales sobre la acuarela con la artista Paula Leiva, rellena el siguiente formulario:<\/p>\n<p><a href=\"https:\/\/docs.google.com\/forms\/d\/e\/1FAIpQLSdq-a79ZMKvMcPx6oay-E2_xC9r3NjqSruJAd57V_mJ8UtFdw\/viewform?usp=sf_link\"><strong>INSCRIPCI\u00d3N A LA FORMACI\u00d3N MAGISTRALES CON PAULA LEIVA<\/strong><\/a><\/p>\n<p>El proyecto est\u00e1 organizado por la Fundaci\u00f3n Setba con el patrocinio del Ayuntamiento de Barcelona, \u200b\u200bBizcabar y Capital Care y la colaboraci\u00f3n de Barna Art i Dincat.<\/p>\n","protected":false},"excerpt":{"rendered":"<p>Llega la tercera formaci\u00f3n art\u00edstica MAGISTRALS, un proyecto pedag\u00f3gico dirigido a entidades que trabajan con personas con discapacidad intelectual en Catalu\u00f1a.<\/p>\n","protected":false},"author":1,"featured_media":35463,"comment_status":"closed","ping_status":"closed","sticky":false,"template":"","format":"standard","meta":{"footnotes":""},"categories":[1352],"tags":[],"class_list":["post-35476","post","type-post","status-publish","format-standard","has-post-thumbnail","hentry","category-magistrales-es"],"_links":{"self":[{"href":"https:\/\/fundaciosetba.org\/es\/wp-json\/wp\/v2\/posts\/35476","targetHints":{"allow":["GET"]}}],"collection":[{"href":"https:\/\/fundaciosetba.org\/es\/wp-json\/wp\/v2\/posts"}],"about":[{"href":"https:\/\/fundaciosetba.org\/es\/wp-json\/wp\/v2\/types\/post"}],"author":[{"embeddable":true,"href":"https:\/\/fundaciosetba.org\/es\/wp-json\/wp\/v2\/users\/1"}],"replies":[{"embeddable":true,"href":"https:\/\/fundaciosetba.org\/es\/wp-json\/wp\/v2\/comments?post=35476"}],"version-history":[{"count":2,"href":"https:\/\/fundaciosetba.org\/es\/wp-json\/wp\/v2\/posts\/35476\/revisions"}],"predecessor-version":[{"id":35511,"href":"https:\/\/fundaciosetba.org\/es\/wp-json\/wp\/v2\/posts\/35476\/revisions\/35511"}],"wp:featuredmedia":[{"embeddable":true,"href":"https:\/\/fundaciosetba.org\/es\/wp-json\/wp\/v2\/media\/35463"}],"wp:attachment":[{"href":"https:\/\/fundaciosetba.org\/es\/wp-json\/wp\/v2\/media?parent=35476"}],"wp:term":[{"taxonomy":"category","embeddable":true,"href":"https:\/\/fundaciosetba.org\/es\/wp-json\/wp\/v2\/categories?post=35476"},{"taxonomy":"post_tag","embeddable":true,"href":"https:\/\/fundaciosetba.org\/es\/wp-json\/wp\/v2\/tags?post=35476"}],"curies":[{"name":"wp","href":"https:\/\/api.w.org\/{rel}","templated":true}]}}