{"id":35589,"date":"2023-12-19T12:44:09","date_gmt":"2023-12-19T11:44:09","guid":{"rendered":"https:\/\/fundaciosetba.org\/raul-sanchez-premio-setba-2017-inaugura-su-primera-exposicion-individual-sin-tapujos\/"},"modified":"2024-01-09T12:05:55","modified_gmt":"2024-01-09T11:05:55","slug":"raul-sanchez-premio-setba-2017-inaugura-su-primera-exposicion-individual-sin-tapujos","status":"publish","type":"post","link":"https:\/\/fundaciosetba.org\/es\/raul-sanchez-premio-setba-2017-inaugura-su-primera-exposicion-individual-sin-tapujos\/","title":{"rendered":"Ra\u00fal S\u00e1nchez, Premio Setba 2017, inaugura su primera exposici\u00f3n individual &#8220;Sin Tapujos&#8221;"},"content":{"rendered":"<p>Ra\u00fal S\u00e1nchez (1980), es un artista pl\u00e1stico barcelon\u00e9s, ganador del Premio Setba 2017 por su obra &#8220;The Face&#8221;. Actualmente, presenta su primera exposici\u00f3n individual titulada Sin Tapujos, una selecci\u00f3n de obras pict\u00f3ricas agrupadas seg\u00fan sus principales intereses tem\u00e1ticos: Caminos, Peces y Retratos. La puesta en escena de la exposici\u00f3n, concebida por Quei15ARTgallery y Alfons S\u00e1nchez, padre y mentor de este artista, ofrece una perspectiva cr\u00edtica para concienciar sobre las carencias institucionales, p\u00fablicas y sociales en la visibilizaci\u00f3n de este diferente talento. La exposici\u00f3n permanecer\u00e1 abierta hasta el 4 de enero en el centro c\u00edvico Parc Sandaru del distrito de Sant Mart\u00ed de Barcelona.<\/p>\n<p>Nuestra directora, Cristina Sampere, que asisti\u00f3 a la inauguraci\u00f3n, comparti\u00f3 sus impresiones junto a otros artistas y cr\u00edticos de arte. \u201cConsidero que tengo la gran suerte de haber sido retratada por el artista Ra\u00fal S\u00e1nchez. La obra ahora preside mi despacho en la Fundaci\u00f3 Setba. Me siento totalmente identificada con el cuadro, destacando su composici\u00f3n y colores, que son trazos caracter\u00edsticos del artista. Adem\u00e1s, captur\u00f3 la imagen con mi vestido favorito, un estampado de flores, e incluso represent\u00f3 con detalle los peque\u00f1os detalles de los hoyuelos que tengo en mi cara, llamados popularmente \u201cbacones de la belleza\u201d. En mi caso, \u00e9stos no son gen\u00e9ticos; surgieron despu\u00e9s de una vez que recib\u00ed cuando era peque\u00f1a. El hecho de que el artista les haya destacado me complace especialmente y me reafirma en la idea de que siempre se puede extraer una lecci\u00f3n positiva incluso de una ca\u00edda.\u201d.<\/p>\n<p><strong>ENTREVISTA:<\/strong><\/p>\n<p><strong>Bienvenido, Raul. Quiz\u00e1s puedas empezar por explicarnos qu\u00e9 significa &#8220;Sin Tapujos&#8221;, \u00bfpor qu\u00e9 has elegido este t\u00edtulo para tu exposici\u00f3n?<\/strong><br \/>\nPorque yo soy as\u00ed, con ropa o sin ropa, sin etiquetas.<\/p>\n<p><strong>\u00bfQu\u00e9 es lo que podemos ver en esta exposici\u00f3n?<\/strong><br \/>\nEn esta exposici\u00f3n podr\u00e1 ver cuadros con caras, peces y caminos, siempre con muchos colores, sobre lienzo con pinturas acr\u00edlicas, pero tambi\u00e9n, sobre papel y pintado con rotuladores.<\/p>\n<p><strong>\u00bfEst\u00e1s contento de haber expuesto en ese centro c\u00edvico? \u00bfEs la primera vez que expones?<br \/>\n<\/strong>Si, la primera vez. Y me puse muy contento. Cuando me seleccionaron me emocion\u00e9 mucho.<\/p>\n<p><strong>\u00bfCrees que haber ganado el Premi Setba en 2017 te cambi\u00f3?<\/strong><br \/>\nS\u00ed, a partir del Premi Setba empec\u00e9 a pintar mucho m\u00e1s a menudo y con mi estilo propio.<\/p>\n<p><strong>\u00bfEn qu\u00e9 entidad hab\u00edas ido? \u00bfCu\u00e1ndo empezaste a pintar?<\/strong><br \/>\nEmpec\u00e9 a pintar en el Centro Ocupacional Les Corts. Ahora voy a otro taller m\u00e1s cerca de casa que es el Centro Ocupacional Paideia. Antes sol\u00eda pintar mucho m\u00e1s infantil, pero poco a poco he ido encontrando mi propio estilo y ya no lo hago como lo hac\u00eda antes.<\/p>\n<p><strong>\u00bfCada cu\u00e1ndo pintas y con qu\u00e9 te inspiras?<\/strong><br \/>\nPinto unos cuatro d\u00edas a la semana, a veces me paso toda la tarde del fin de semana pintando, escuchando m\u00fasica y bailando. Tengo la suerte de tener una familia que me apoya y me inspira. Con ellos visitamos muchos museos, tambi\u00e9n galer\u00edas y miro libros de pintores y cuando veo algo que me gusta me apunto.<\/p>\n<p><strong>Es evidente que &#8220;Sin Tapujos&#8221; tiene una misi\u00f3n importante y un mensaje poderoso. \u00bfNos podr\u00edas hablar m\u00e1s sobre c\u00f3mo esta exposici\u00f3n defiende la inclusi\u00f3n y por qu\u00e9 es un tema tan importante para ti?<br \/>\n<\/strong>Jam\u00e1s tenemos las mismas posibilidades de hacer cosas que a los dem\u00e1s. Por ellos todo es m\u00e1s f\u00e1cil. Por eso esta exposici\u00f3n es tan importante para m\u00ed.<\/p>\n<p><strong>He le\u00eddo que Alfons S\u00e1nchez, padre y mentor, ha imaginado el montaje expositivo. \u00bfPodr\u00edas explicar c\u00f3mo este montaje aporta una lectura cr\u00edtica a tu exposici\u00f3n?<\/strong><br \/>\n(Alfonso) &#8211; Como dijo un buen amigo \u00c1lvaro de la Pe\u00f1a, a veces los artistas hemos secuestrado la palabra &#8220;arte&#8221;, para que quede tan s\u00f3lo en nuestro colectivo. Hemos intentado hacer la exposici\u00f3n con el m\u00e1ximo rigor, nuestro colectivo debe ser exigente consigo mismo. Ser\u00e1 una exposici\u00f3n para ver, participar y, sobre todo, para entender que las capacidades deben potenciarse y las discapacidades complementar con los servicios adecuados, como por ejemplo, la asistencia personal para acercar la m\u00e1xima normalidad a la sociedad. Tanto en el \u00e1mbito laboral, ocio, sexual y afectivo.<\/p>\n<p><strong>Ra\u00fal, \u00bfqu\u00e9 te hace m\u00e1s ilusi\u00f3n o esperas conseguir con esta exposici\u00f3n y su inauguraci\u00f3n?<\/strong><br \/>\nMe hizo mucha ilusi\u00f3n que vinieran muchos amigos, re\u00edr y despu\u00e9s seguir pintado para hacer m\u00e1s exposiciones.<\/p>\n<p><strong>Muchas gracias, Raul, por compartir tu visi\u00f3n y la importancia de esta exposici\u00f3n con nosotros. Deseamos mucha suerte en todo el recorrido de &#8220;Sin Tapujos&#8221;. Es un placer haber hablado contigo.<\/strong><\/p>\n<p><strong>FOTOGRAF\u00cdAS DE LA EXPOSICI\u00d3N: \u00a9 Alfons S\u00e1nchez<\/strong><\/p>\n<div class=\"w-gallery fit_cover wp_gallery type_grid action_popup_image ratio_1x1 count_4\" style=\"--columns:4;--items-gap:8px;\"><div class=\"w-gallery-list\"><div class=\"w-gallery-item\"><div class=\"w-gallery-item-img\"><img loading=\"lazy\" decoding=\"async\" width=\"300\" height=\"300\" src=\"https:\/\/fundaciosetba.org\/wp-content\/uploads\/2023\/12\/ExpoRaul_SinTapujos_04_12_2023_BAIXA-300x300.jpg\" class=\"attachment-woocommerce_thumbnail size-woocommerce_thumbnail\" alt=\"\" srcset=\"https:\/\/fundaciosetba.org\/wp-content\/uploads\/2023\/12\/ExpoRaul_SinTapujos_04_12_2023_BAIXA-300x300.jpg 300w, https:\/\/fundaciosetba.org\/wp-content\/uploads\/2023\/12\/ExpoRaul_SinTapujos_04_12_2023_BAIXA-150x150.jpg 150w\" sizes=\"auto, (max-width: 300px) 100vw, 300px\" \/><\/div><div class=\"w-gallery-item-meta\"><div class=\"w-gallery-item-title\">Ra\u00fal Sanchez<\/div><\/div><a class=\"w-gallery-item-link\" aria-label=\"Ra\u00fal Sanchez\" href=\"https:\/\/fundaciosetba.org\/wp-content\/uploads\/2023\/12\/ExpoRaul_SinTapujos_04_12_2023_BAIXA.jpg\" title=\"Ra\u00fal Sanchez\"><\/a><\/div><div class=\"w-gallery-item\"><div class=\"w-gallery-item-img\"><img loading=\"lazy\" decoding=\"async\" width=\"300\" height=\"300\" src=\"https:\/\/fundaciosetba.org\/wp-content\/uploads\/2023\/12\/ExpoRaul_SinTapujos_04_12_2023_BAIXA-58-300x300.jpg\" class=\"attachment-woocommerce_thumbnail size-woocommerce_thumbnail\" alt=\"\" srcset=\"https:\/\/fundaciosetba.org\/wp-content\/uploads\/2023\/12\/ExpoRaul_SinTapujos_04_12_2023_BAIXA-58-300x300.jpg 300w, https:\/\/fundaciosetba.org\/wp-content\/uploads\/2023\/12\/ExpoRaul_SinTapujos_04_12_2023_BAIXA-58-150x150.jpg 150w\" sizes=\"auto, (max-width: 300px) 100vw, 300px\" \/><\/div><div class=\"w-gallery-item-meta\"><div class=\"w-gallery-item-title\">Cristina Sampere amb l'artista Ra\u00fal S\u00e1nchez<\/div><\/div><a class=\"w-gallery-item-link\" aria-label=\"Cristina Sampere amb l&#039;artista Ra\u00fal S\u00e1nchez\" href=\"https:\/\/fundaciosetba.org\/wp-content\/uploads\/2023\/12\/ExpoRaul_SinTapujos_04_12_2023_BAIXA-58.jpg\" title=\"Cristina Sampere amb l&#039;artista Ra\u00fal S\u00e1nchez\"><\/a><\/div><div class=\"w-gallery-item\"><div class=\"w-gallery-item-img\"><img loading=\"lazy\" decoding=\"async\" width=\"300\" height=\"300\" src=\"https:\/\/fundaciosetba.org\/wp-content\/uploads\/2023\/12\/ExpoRaul_SinTapujos_04_12_2023_BAIXA-75-300x300.jpg\" class=\"attachment-woocommerce_thumbnail size-woocommerce_thumbnail\" alt=\"\" srcset=\"https:\/\/fundaciosetba.org\/wp-content\/uploads\/2023\/12\/ExpoRaul_SinTapujos_04_12_2023_BAIXA-75-300x300.jpg 300w, https:\/\/fundaciosetba.org\/wp-content\/uploads\/2023\/12\/ExpoRaul_SinTapujos_04_12_2023_BAIXA-75-150x150.jpg 150w\" sizes=\"auto, (max-width: 300px) 100vw, 300px\" \/><\/div><div class=\"w-gallery-item-meta\"><div class=\"w-gallery-item-title\">Dia de la inauguraci\u00f3<\/div><\/div><a class=\"w-gallery-item-link\" aria-label=\"Dia de la inauguraci\u00f3\" href=\"https:\/\/fundaciosetba.org\/wp-content\/uploads\/2023\/12\/ExpoRaul_SinTapujos_04_12_2023_BAIXA-75.jpg\" title=\"Dia de la inauguraci\u00f3\"><\/a><\/div><div class=\"w-gallery-item\"><div class=\"w-gallery-item-img\"><img loading=\"lazy\" decoding=\"async\" width=\"300\" height=\"300\" src=\"https:\/\/fundaciosetba.org\/wp-content\/uploads\/2023\/12\/ExpoRaul_SinTapujos_04_12_2023_BAIXA-111-300x300.jpg\" class=\"attachment-woocommerce_thumbnail size-woocommerce_thumbnail\" alt=\"\" srcset=\"https:\/\/fundaciosetba.org\/wp-content\/uploads\/2023\/12\/ExpoRaul_SinTapujos_04_12_2023_BAIXA-111-300x300.jpg 300w, https:\/\/fundaciosetba.org\/wp-content\/uploads\/2023\/12\/ExpoRaul_SinTapujos_04_12_2023_BAIXA-111-150x150.jpg 150w\" sizes=\"auto, (max-width: 300px) 100vw, 300px\" \/><\/div><div class=\"w-gallery-item-meta\"><div class=\"w-gallery-item-title\">Dia de la inauguraci\u00f3<\/div><\/div><a class=\"w-gallery-item-link\" aria-label=\"Dia de la inauguraci\u00f3\" href=\"https:\/\/fundaciosetba.org\/wp-content\/uploads\/2023\/12\/ExpoRaul_SinTapujos_04_12_2023_BAIXA-111.jpg\" title=\"Dia de la inauguraci\u00f3\"><\/a><\/div><\/div><\/div>\n","protected":false},"excerpt":{"rendered":"<p>Ra\u00fal S\u00e1nchez (1980), es un artista pl\u00e1stico barcelon\u00e9s, ganador del Premio Setba 2017, por su obra &#8220;The Face&#8221;. Ahora, estrena su primera exposici\u00f3n &#8220;Sin Tapujos&#8221;, que podr\u00e1 verse hasta el 4 de enero en el centro c\u00edvico Parc Sandaru del distrito de Sant Mart\u00ed de Barcelona.<\/p>\n","protected":false},"author":1,"featured_media":35532,"comment_status":"closed","ping_status":"closed","sticky":false,"template":"","format":"standard","meta":{"footnotes":""},"categories":[1353],"tags":[],"class_list":["post-35589","post","type-post","status-publish","format-standard","has-post-thumbnail","hentry","category-premio-setba-es"],"_links":{"self":[{"href":"https:\/\/fundaciosetba.org\/es\/wp-json\/wp\/v2\/posts\/35589","targetHints":{"allow":["GET"]}}],"collection":[{"href":"https:\/\/fundaciosetba.org\/es\/wp-json\/wp\/v2\/posts"}],"about":[{"href":"https:\/\/fundaciosetba.org\/es\/wp-json\/wp\/v2\/types\/post"}],"author":[{"embeddable":true,"href":"https:\/\/fundaciosetba.org\/es\/wp-json\/wp\/v2\/users\/1"}],"replies":[{"embeddable":true,"href":"https:\/\/fundaciosetba.org\/es\/wp-json\/wp\/v2\/comments?post=35589"}],"version-history":[{"count":1,"href":"https:\/\/fundaciosetba.org\/es\/wp-json\/wp\/v2\/posts\/35589\/revisions"}],"predecessor-version":[{"id":35590,"href":"https:\/\/fundaciosetba.org\/es\/wp-json\/wp\/v2\/posts\/35589\/revisions\/35590"}],"wp:featuredmedia":[{"embeddable":true,"href":"https:\/\/fundaciosetba.org\/es\/wp-json\/wp\/v2\/media\/35532"}],"wp:attachment":[{"href":"https:\/\/fundaciosetba.org\/es\/wp-json\/wp\/v2\/media?parent=35589"}],"wp:term":[{"taxonomy":"category","embeddable":true,"href":"https:\/\/fundaciosetba.org\/es\/wp-json\/wp\/v2\/categories?post=35589"},{"taxonomy":"post_tag","embeddable":true,"href":"https:\/\/fundaciosetba.org\/es\/wp-json\/wp\/v2\/tags?post=35589"}],"curies":[{"name":"wp","href":"https:\/\/api.w.org\/{rel}","templated":true}]}}