{"id":35682,"date":"2024-01-25T09:00:18","date_gmt":"2024-01-25T08:00:18","guid":{"rendered":"https:\/\/fundaciosetba.org\/?p=35682"},"modified":"2024-01-25T09:24:28","modified_gmt":"2024-01-25T08:24:28","slug":"abierta-la-convocatoria-del-premio-setba-2024","status":"publish","type":"post","link":"https:\/\/fundaciosetba.org\/es\/abierta-la-convocatoria-del-premio-setba-2024\/","title":{"rendered":"Abierta la convocatoria del Premio Setba 2024"},"content":{"rendered":"<p>La Fundaci\u00f3n Setba abre la <strong>decimocuarta edici\u00f3n del certamen art\u00edstico Premio Setba para artistas con discapacidad intelectual<\/strong> .<\/p>\n<p>La convocatoria del Premio Setba forma parte del proyecto pedag\u00f3gico <a href=\"https:\/\/fundaciosetba.org\/projecte\/magistrals-premi-setba\/\"><em>Magistrales<\/em><\/a> y est\u00e1 abierta para todas las personas artistas -mayores de edad y con certificado de discapacidad intelectual (m\u00ednimo 33%)- que pertenezcan a una entidad sin \u00e1nimo de lucro, legalizada y registrada en Catalu\u00f1a.<\/p>\n<p>El objetivo de estos premios es reconocer el talento de los artistas con discapacidad intelectual y dar visibilidad a sus obras. Actualmente, es el certamen mejor dotado del Estado Espa\u00f1ol (13.100 euros en total), en el que re\u00fane a profesionales del mundo del arte, entidades y empresas.<\/p>\n<p><strong>Las inscripciones est\u00e1n abiertas hasta el 11 de abril<\/strong> de 2024.<\/p>\n<blockquote class=\"wp-embedded-content\" data-secret=\"4ukuzLa4ka\"><p><a href=\"https:\/\/fundaciosetba.org\/es\/inscripcion-premio-setba-2\/\">Inscripci\u00f3 Premi SETBA<\/a><\/p><\/blockquote>\n<p><iframe loading=\"lazy\" class=\"wp-embedded-content\" sandbox=\"allow-scripts\" security=\"restricted\" style=\"position: absolute; clip: rect(1px, 1px, 1px, 1px);\" title=\"\u00abInscripci\u00f3 Premi SETBA\u00bb \u2014 Fundaci\u00f3 SETBA\" src=\"https:\/\/fundaciosetba.org\/es\/inscripcion-premio-setba-2\/embed\/#?secret=KOFdnsTds1#?secret=4ukuzLa4ka\" data-secret=\"4ukuzLa4ka\" width=\"600\" height=\"338\" frameborder=\"0\" marginwidth=\"0\" marginheight=\"0\" scrolling=\"no\"><\/iframe><\/p>\n<p><strong>PREMIOS Y NOVEDADES DEL PREMIO SETBA 2024: <\/strong><br \/>\nSe otorgan tres premios art\u00edsticos de una dotaci\u00f3n econ\u00f3mica de 8.500 y 4.600 euros en material y formaci\u00f3n, y un cuarto premio de dise\u00f1o. \u00c9ste \u00faltimo otorgado por la empresa Bardinet y que tiene como resultado ser la nueva etiqueta de uno de los vinos de la bodega Lacrima Baccus, DO Pened\u00e8s.<\/p>\n<p>Como novedades de esta edici\u00f3n, se ha <strong>incrementado un 16% la dotaci\u00f3n econ\u00f3mica<\/strong> , dotando de esta forma una retribuci\u00f3n \u00fanicamente para el artista. Aparte de esta novedad, se ha <strong>incorporado una <em>masterclass<\/em> \u201cDigital portrait &#8211; retrato digital\u201d en el IED Barcelona<\/strong> para el artista ganador\/a del Premio Setba 2024 y para su entidad, valorada en 1.000\u20ac y una <strong>visita guiada a la bodega Bardinet Wines<\/strong> para la entidad ganadora del Premio de Dise\u00f1o Bardinet.<\/p>\n<p><strong>JURADO:<\/strong><br \/>\nLos miembros del jurado profesional de la 14\u00aa edici\u00f3n del Premi Setba son: <strong>Meritxell Duran<\/strong>, escultora e ilustradora; <strong>Jos\u00e9 Manuel Jaurena<\/strong>, gerente de la empresa Art Mir; <strong>M\u00f2nica Ramon<\/strong>, directora de la galer\u00eda Artur Ramon y vicepresidenta del Gremio de Galeristas de Arte de Catalunya; <strong>Cristina Sampere<\/strong>, artista y directora de la Fundaci\u00f3n Setba; y <strong>Montse Sampietro<\/strong>, del Departamento de Actividades de Cultura y Ciencia de la Fundaci\u00f3n \u201cla Caixa\u201d.<\/p>\n<p><strong>RESOLUCI\u00d3N 2023:<\/strong><br \/>\nEn 2023 se presentaron 1.460 obras de 85 entidades de Catalunya. <strong>La obra ganadora fue <em>Un quadre imponent<\/em> de Aina Fuster<\/strong> del Centro Ocupacional Les Corts.<\/p>\n<p><iframe loading=\"lazy\" title=\"Premi Setba 2023 | Resum XIII gala\" width=\"640\" height=\"360\" src=\"https:\/\/www.youtube.com\/embed\/HS4WdRT9S8k?feature=oembed\" frameborder=\"0\" allow=\"accelerometer; autoplay; clipboard-write; encrypted-media; gyroscope; picture-in-picture; web-share\" allowfullscreen><\/iframe><\/p>\n<p>El certamen del Premio Setba est\u00e1 organizado por la Fundaci\u00f3n Setba con el patrocinio del Ayuntamiento de Barcelona, \u200b\u200bBizcabar y Capital Care y con la colaboraci\u00f3n de Barna Art, Bardinet, Dincat, Fundaci\u00f3n &#8220;la Caixa&#8221;, el Gremio de Galer\u00edas de &#8216;Arte de Catalunya, IDEAL, el Instituto Europeo del Dise\u00f1o, el Museo Inmersivo del Bar\u00e7a y Pinturas MIR y con el apoyo de la Fundaci\u00f3n Bar\u00e7a Genuine y la galer\u00eda Pigment Gallery<\/p>\n","protected":false},"excerpt":{"rendered":"<p>Abierta la convocatoria del Premio Setba 2024 para artistas con discapacidad intelectual<\/p>\n","protected":false},"author":1,"featured_media":35670,"comment_status":"closed","ping_status":"closed","sticky":false,"template":"","format":"standard","meta":{"footnotes":""},"categories":[1353],"tags":[],"class_list":["post-35682","post","type-post","status-publish","format-standard","has-post-thumbnail","hentry","category-premio-setba-es"],"_links":{"self":[{"href":"https:\/\/fundaciosetba.org\/es\/wp-json\/wp\/v2\/posts\/35682","targetHints":{"allow":["GET"]}}],"collection":[{"href":"https:\/\/fundaciosetba.org\/es\/wp-json\/wp\/v2\/posts"}],"about":[{"href":"https:\/\/fundaciosetba.org\/es\/wp-json\/wp\/v2\/types\/post"}],"author":[{"embeddable":true,"href":"https:\/\/fundaciosetba.org\/es\/wp-json\/wp\/v2\/users\/1"}],"replies":[{"embeddable":true,"href":"https:\/\/fundaciosetba.org\/es\/wp-json\/wp\/v2\/comments?post=35682"}],"version-history":[{"count":1,"href":"https:\/\/fundaciosetba.org\/es\/wp-json\/wp\/v2\/posts\/35682\/revisions"}],"predecessor-version":[{"id":35683,"href":"https:\/\/fundaciosetba.org\/es\/wp-json\/wp\/v2\/posts\/35682\/revisions\/35683"}],"wp:featuredmedia":[{"embeddable":true,"href":"https:\/\/fundaciosetba.org\/es\/wp-json\/wp\/v2\/media\/35670"}],"wp:attachment":[{"href":"https:\/\/fundaciosetba.org\/es\/wp-json\/wp\/v2\/media?parent=35682"}],"wp:term":[{"taxonomy":"category","embeddable":true,"href":"https:\/\/fundaciosetba.org\/es\/wp-json\/wp\/v2\/categories?post=35682"},{"taxonomy":"post_tag","embeddable":true,"href":"https:\/\/fundaciosetba.org\/es\/wp-json\/wp\/v2\/tags?post=35682"}],"curies":[{"name":"wp","href":"https:\/\/api.w.org\/{rel}","templated":true}]}}