{"id":35726,"date":"2024-01-25T16:02:50","date_gmt":"2024-01-25T15:02:50","guid":{"rendered":"https:\/\/fundaciosetba.org\/entramos-en-la-carcel-de-ponent-con-traspasando-el-objetivo\/"},"modified":"2024-01-26T11:39:40","modified_gmt":"2024-01-26T10:39:40","slug":"entramos-en-la-carcel-de-ponent-con-traspasando-el-objetivo","status":"publish","type":"post","link":"https:\/\/fundaciosetba.org\/es\/entramos-en-la-carcel-de-ponent-con-traspasando-el-objetivo\/","title":{"rendered":"Entramos en la c\u00e1rcel de Ponent con &#8220;Traspasando el objetivo&#8221;"},"content":{"rendered":"<p>Por primera vez, la Fundaci\u00f3n Setba lleva <em>Traspasando el objetivo<\/em> , el proyecto de fotograf\u00eda para mujeres internas, en el centro penitenciario de Ponent (Lleida). Bajo la direcci\u00f3n de la artista Marta F\u00e0bregas desde 2020, este proyecto ha conseguido un <strong>impacto positivo en m\u00e1s de 131 mujeres de los centros Brians 1 y Wad-Ras.<\/strong><\/p>\n<p>El centro de Ponent, unificado en los a\u00f1os noventa, tiene una capacidad para 1.059 plazas, destinadas a varones adultos penados y dispone, tambi\u00e9n, de un m\u00f3dulo destinado a mujeres. Actualmente y seg\u00fan los <a href=\"https:\/\/justicia.gencat.cat\/ca\/departament\/Estadistiques\/dades-setmanals-execucio-penal\/index.html\">datos estad\u00edsticos semanales del Departamento de Justicia<\/a> (24 de enero 2024), en el centro de Ponent hay 607 hombres (96,3%) y 23 mujeres (3,7%).<\/p>\n<p>El objetivo principal de llevar el proyecto <em>Traspasando el objetivo<\/em> en este centro es <strong>proporcionar a las internas de este territorio actividades culturales con una perspectiva de g\u00e9nero y feminista<\/strong> . A trav\u00e9s de estas actividades, se busca ampliar sus conocimientos, aumentar su autoestima y colaborar con la visibilizaci\u00f3n del colectivo de mujeres internas, a menudo invisibilizadas y que sufren una triple condena: familiar, social y penal.<\/p>\n<p>La Fundaci\u00f3 Setba eval\u00faa sistem\u00e1ticamente el impacto del proyecto mediante cuestionarios, ex\u00e1menes de conocimientos fotogr\u00e1ficos y lecciones pr\u00e1cticas. Las participantes reciben apuntes del taller sobre retrato fotogr\u00e1fico y libretas para sus reflexiones personales. Adem\u00e1s, se dedican sesiones diarias a comentar obras fotogr\u00e1ficas de destacadas mujeres fot\u00f3grafas como <strong>Colita<\/strong> , <strong>Maria Espeus<\/strong> , <strong>Sandra Balsells<\/strong> , <strong>Iolanda Seb\u00e9<\/strong> , <strong>Tanit Plana<\/strong> , <strong>Laura G\u00e1lvez-Rhein<\/strong> , <strong>Mayte Vieta<\/strong> , <strong>Laia Abril<\/strong> y de la propia <strong>Marta F\u00e0bregas<\/strong> .<\/p>\n<p>El programa incluye el estudio de los diferentes tipos de planos, se explican los conceptos de picado y contrapicado, la aplicaci\u00f3n del ISO en la velocidad y el movimiento, los tipos de luz y su direcci\u00f3n y la composici\u00f3n (ley de los tercios, fugas), entre otros, pero tambi\u00e9n se ense\u00f1a a enfrentarse ante una c\u00e1mara jugando con la mirada y la actitud.<\/p>\n<p>Adem\u00e1s, en cada edici\u00f3n del proyecto se incluye una <em>masterclass<\/em> para todo el grupo y una mentor\u00eda personalizada con una fot\u00f3grafa de renombre invitada. <strong>En esta edici\u00f3n, tendremos a Iolanda Seb\u00e9.<\/strong> Una fot\u00f3grafa con m\u00e1s de 15 a\u00f1os de trayectoria profesional en el campo de la fotograf\u00eda; especializada en fotograf\u00eda de producto, publicidad y retrato art\u00edstico. La idea es que los resultados del proyecto queden reflejados en los fotolibros que se vayan publicando, como el reciente <a href=\"https:\/\/fundaciosetba.org\/producte\/brians-mujeres-invisibles\/\">&#8220;Brians. Mujeres invisibles&#8221;<\/a> y en exposiciones como &#8220;Mujeres invisibles&#8221;, que en septiembre llegar\u00e1 a la sala municipal de Lleida.<\/p>\n<figure id=\"attachment_35707\" aria-describedby=\"caption-attachment-35707\" style=\"width: 600px\" class=\"wp-caption aligncenter\"><img loading=\"lazy\" decoding=\"async\" class=\"wp-image-35705 size-us_600_400\" src=\"https:\/\/fundaciosetba.org\/wp-content\/uploads\/2024\/01\/paisajes_min-600x371.jpg\" alt=\"\" width=\"600\" height=\"371\" srcset=\"https:\/\/fundaciosetba.org\/wp-content\/uploads\/2024\/01\/paisajes_min-600x371.jpg 600w, https:\/\/fundaciosetba.org\/wp-content\/uploads\/2024\/01\/paisajes_min-300x185.jpg 300w, https:\/\/fundaciosetba.org\/wp-content\/uploads\/2024\/01\/paisajes_min-1024x632.jpg 1024w, https:\/\/fundaciosetba.org\/wp-content\/uploads\/2024\/01\/paisajes_min-150x93.jpg 150w, https:\/\/fundaciosetba.org\/wp-content\/uploads\/2024\/01\/paisajes_min.jpg 2000w\" sizes=\"auto, (max-width: 600px) 100vw, 600px\" \/><figcaption id=\"caption-attachment-35707\" class=\"wp-caption-text\">Fotograf\u00eda: \u00a9Iolanda Seb\u00e9<\/figcaption><\/figure>\n<p>El \u00faltimo d\u00eda del taller se organiza una sesi\u00f3n fotogr\u00e1fica para las participantes, en la que colaboran unas maquilladoras profesionales y Marta F\u00e0bregas las captura como Musas.<\/p>\n<figure id=\"attachment_35716\" aria-describedby=\"caption-attachment-35716\" style=\"width: 302px\" class=\"wp-caption aligncenter\"><img loading=\"lazy\" decoding=\"async\" class=\"size-us_600_400 wp-image-35714\" src=\"https:\/\/fundaciosetba.org\/wp-content\/uploads\/2024\/01\/Musa-no003-302x400.jpg\" alt=\"\" width=\"302\" height=\"400\" srcset=\"https:\/\/fundaciosetba.org\/wp-content\/uploads\/2024\/01\/Musa-no003-302x400.jpg 302w, https:\/\/fundaciosetba.org\/wp-content\/uploads\/2024\/01\/Musa-no003-227x300.jpg 227w, https:\/\/fundaciosetba.org\/wp-content\/uploads\/2024\/01\/Musa-no003-76x100.jpg 76w, https:\/\/fundaciosetba.org\/wp-content\/uploads\/2024\/01\/Musa-no003.jpg 400w\" sizes=\"auto, (max-width: 302px) 100vw, 302px\" \/><figcaption id=\"caption-attachment-35716\" class=\"wp-caption-text\">Obra: \u00a9Marta F\u00e0bregas<\/figcaption><\/figure>\n<p>Paralelamente a las sesiones pr\u00e1cticas, la Fundaci\u00f3 Setba proporciona material did\u00e1ctico sobre fotograf\u00eda para la biblioteca de la prisi\u00f3n. As\u00ed, se incentiva a las participantes a consultarlos en su tiempo libre. Los libros depositados incluyen temas como la t\u00e9cnica b\u00e1sica de la fotograf\u00eda, la fotograf\u00eda de retrato y ejemplos pr\u00e1cticos de retratos.<\/p>\n<p>Adem\u00e1s, <strong>gracias a la colaboraci\u00f3n de Panasonic-Lumix se sortea una c\u00e1mara Lumix entre las participantes<\/strong> que han mostrado mayor inter\u00e9s y aptitud durante el taller.<\/p>\n<p>Esta iniciativa, que comenz\u00f3 el 21 de enero y durar\u00e1 hasta el 26 de marzo, busca contribuir al empoderamiento de las internas mediante el arte y la fotograf\u00eda.<\/p>\n<p>El proyecto Traspasando el objetivo recibe el patrocinio del Departamento de Igualdad y Feminismos de la Generalidad de Catalu\u00f1a y de la empresa Bizcabar Serveis Immobiliaris; la colaboraci\u00f3n del Instituto de Estudios Fotogr\u00e1ficos de Catalu\u00f1a, Luminic Festival, Maquillaje Tutus\u00e1us, Marc Mart\u00ed y Panasonic \u2013 Lumix; y el apoyo del Departamento de Justicia, Derechos y Memoria y de la Fundaci\u00f3n Catalunya Cultura &#8211; Comunitat IMPULSA.<\/p>\n<p>Foto cabecera: Laura G\u00e1lvez-Rhein<\/p>\n","protected":false},"excerpt":{"rendered":"<p>Por primera vez, la Fundaci\u00f3n Setba lleva a cabo el proyecto de fotograf\u00eda para mujeres internas, Traspassant el objectiu, en el centro penitenciario de Ponent (Lleida). Bajo la direcci\u00f3n de la artista Marta F\u00e0bregas desde 2020, este proyecto ha tenido un impacto positivo en m\u00e1s de 131 mujeres de los centros Brians 1 y Wad-Ras.<\/p>\n","protected":false},"author":1,"featured_media":35704,"comment_status":"closed","ping_status":"closed","sticky":false,"template":"","format":"standard","meta":{"footnotes":""},"categories":[1350],"tags":[],"class_list":["post-35726","post","type-post","status-publish","format-standard","has-post-thumbnail","hentry","category-traspasando-el-objetivo-es"],"_links":{"self":[{"href":"https:\/\/fundaciosetba.org\/es\/wp-json\/wp\/v2\/posts\/35726","targetHints":{"allow":["GET"]}}],"collection":[{"href":"https:\/\/fundaciosetba.org\/es\/wp-json\/wp\/v2\/posts"}],"about":[{"href":"https:\/\/fundaciosetba.org\/es\/wp-json\/wp\/v2\/types\/post"}],"author":[{"embeddable":true,"href":"https:\/\/fundaciosetba.org\/es\/wp-json\/wp\/v2\/users\/1"}],"replies":[{"embeddable":true,"href":"https:\/\/fundaciosetba.org\/es\/wp-json\/wp\/v2\/comments?post=35726"}],"version-history":[{"count":1,"href":"https:\/\/fundaciosetba.org\/es\/wp-json\/wp\/v2\/posts\/35726\/revisions"}],"predecessor-version":[{"id":35727,"href":"https:\/\/fundaciosetba.org\/es\/wp-json\/wp\/v2\/posts\/35726\/revisions\/35727"}],"wp:featuredmedia":[{"embeddable":true,"href":"https:\/\/fundaciosetba.org\/es\/wp-json\/wp\/v2\/media\/35704"}],"wp:attachment":[{"href":"https:\/\/fundaciosetba.org\/es\/wp-json\/wp\/v2\/media?parent=35726"}],"wp:term":[{"taxonomy":"category","embeddable":true,"href":"https:\/\/fundaciosetba.org\/es\/wp-json\/wp\/v2\/categories?post=35726"},{"taxonomy":"post_tag","embeddable":true,"href":"https:\/\/fundaciosetba.org\/es\/wp-json\/wp\/v2\/tags?post=35726"}],"curies":[{"name":"wp","href":"https:\/\/api.w.org\/{rel}","templated":true}]}}