{"id":35765,"date":"2024-02-06T17:12:36","date_gmt":"2024-02-06T16:12:36","guid":{"rendered":"https:\/\/fundaciosetba.org\/convocatoria-abierta-del-natura-es-cultura-para-entidades-de-salud-mental\/"},"modified":"2024-02-06T17:17:10","modified_gmt":"2024-02-06T16:17:10","slug":"convocatoria-abierta-del-natura-es-cultura-para-entidades-de-salud-mental","status":"publish","type":"post","link":"https:\/\/fundaciosetba.org\/es\/convocatoria-abierta-del-natura-es-cultura-para-entidades-de-salud-mental\/","title":{"rendered":"Convocatoria abierta del Natura es Cultura, para entidades de salud mental"},"content":{"rendered":"<p>Abrimos la decimotercera edici\u00f3n del proyecto de respiro art\u00edstico <em>Natura es Cultura<\/em> , dirigido a entidades de salud mental de Catalu\u00f1a, y dirigido por el artista <a href=\"https:\/\/quimmoyalivepainting.wordpress.com\/\">Quim Moya<\/a> con la colaboraci\u00f3n del ingeniero forestal, Ignasi Vilarasau y la psic\u00f3loga y bailarina, <a href=\"https:\/\/donesvisuals.cat\/usuaris\/maria-ribera-salvador\/\">Maria Ribera<\/a> .<\/p>\n<p>Se trata de una <strong>estancia de una semana para personas que conviven con trastornos mentales<\/strong> , durante la cual se realizan talleres art\u00edsticos de <strong><em>land art<\/em><\/strong> , <strong>danza<\/strong> y actividades de <strong>conciencia medioambiental<\/strong> en el entorno natural del Bages. El proyecto tiene la voluntad de contribuir al bienestar ya la integraci\u00f3n social de los usuarios y las usuarias, fomentando sus capacidades art\u00edsticas y facilitando el contacto con la naturaleza, as\u00ed como dar un respiro a las familias ya las personas participantes.<\/p>\n<blockquote class=\"wp-embedded-content\" data-secret=\"9ety0v7BEr\"><p><a href=\"https:\/\/fundaciosetba.org\/es\/?page_id=34375\">Inscripci\u00f3 Natura \u00e9s cultura<\/a><\/p><\/blockquote>\n<p><iframe loading=\"lazy\" class=\"wp-embedded-content\" sandbox=\"allow-scripts\" security=\"restricted\" style=\"position: absolute; clip: rect(1px, 1px, 1px, 1px);\" title=\"\u00abInscripci\u00f3 Natura \u00e9s cultura\u00bb \u2014 Fundaci\u00f3 SETBA\" src=\"https:\/\/fundaciosetba.org\/es\/embed\/?page_id=34375#?secret=HA8UWtueMP#?secret=9ety0v7BEr\" data-secret=\"9ety0v7BEr\" width=\"600\" height=\"338\" frameborder=\"0\" marginwidth=\"0\" marginheight=\"0\" scrolling=\"no\"><\/iframe><\/p>\n<p>La convocatoria est\u00e1 abierta a todas las entidades de Catalu\u00f1a, legalmente constituidas, que trabajen con personas que conviven con trastornos mentales. <strong>A diferencia de otras ediciones, en esta, s\u00ed que podr\u00e1n presentarse entidades que ya participaron en la edici\u00f3n de 2023<\/strong> . Entre todas las entidades que se apunten, se realizar\u00e1 un sorteo para escoger las dos entidades beneficiarias.<\/p>\n<p>El proyecto se llevar\u00e1 a cabo durante las dos \u00faltimas semanas del mes de abril de 2024 en la residencia de artistas Cal Gras de Aviny\u00f3 y durante el mes de septiembre, las entidades participar\u00e1n en el Festival Art &amp; Gavarres.<\/p>\n<p><strong>Las inscripciones est\u00e1n abiertas hasta el 15 de marzo de 2024<\/strong> .<\/p>\n<p>Para conocer m\u00e1s sobre el proyecto, puedes ver el reportaje de la edici\u00f3n de 2022:<\/p>\n<p><iframe loading=\"lazy\" title=\"Natura \u00e9s Cultura | Art i salut mental amb Quim Moya\" width=\"640\" height=\"360\" src=\"https:\/\/www.youtube.com\/embed\/RsUQrnVzoW0?feature=oembed\" frameborder=\"0\" allow=\"accelerometer; autoplay; clipboard-write; encrypted-media; gyroscope; picture-in-picture; web-share\" allowfullscreen><\/iframe><\/p>\n<p>Este proyecto est\u00e1 organizado por la Fundaci\u00f3n Setba con el patrocinio de Bizcabar y Capital Care y con la colaboraci\u00f3n de Cal Gras, Pinturas Lepanto y Chocolates Torras.<\/p>\n<p>&nbsp;<\/p>\n","protected":false},"excerpt":{"rendered":"<p>Se abre la decimotercera edici\u00f3n del proyecto de respiro art\u00edstico Natura es Cultura, dirigido a entidades de salud mental de Catalu\u00f1a, y dirigido por el artista Quim Moya con la colaboraci\u00f3n del ingeniero forestal, Ignasi Vilarasau y la psic\u00f3loga y bailarina , Maria Ribera.<\/p>\n","protected":false},"author":1,"featured_media":35766,"comment_status":"closed","ping_status":"closed","sticky":false,"template":"","format":"standard","meta":{"footnotes":""},"categories":[1242],"tags":[],"class_list":["post-35765","post","type-post","status-publish","format-standard","has-post-thumbnail","hentry","category-natura-es-cultura-2"],"_links":{"self":[{"href":"https:\/\/fundaciosetba.org\/es\/wp-json\/wp\/v2\/posts\/35765","targetHints":{"allow":["GET"]}}],"collection":[{"href":"https:\/\/fundaciosetba.org\/es\/wp-json\/wp\/v2\/posts"}],"about":[{"href":"https:\/\/fundaciosetba.org\/es\/wp-json\/wp\/v2\/types\/post"}],"author":[{"embeddable":true,"href":"https:\/\/fundaciosetba.org\/es\/wp-json\/wp\/v2\/users\/1"}],"replies":[{"embeddable":true,"href":"https:\/\/fundaciosetba.org\/es\/wp-json\/wp\/v2\/comments?post=35765"}],"version-history":[{"count":1,"href":"https:\/\/fundaciosetba.org\/es\/wp-json\/wp\/v2\/posts\/35765\/revisions"}],"predecessor-version":[{"id":35769,"href":"https:\/\/fundaciosetba.org\/es\/wp-json\/wp\/v2\/posts\/35765\/revisions\/35769"}],"wp:featuredmedia":[{"embeddable":true,"href":"https:\/\/fundaciosetba.org\/es\/wp-json\/wp\/v2\/media\/35766"}],"wp:attachment":[{"href":"https:\/\/fundaciosetba.org\/es\/wp-json\/wp\/v2\/media?parent=35765"}],"wp:term":[{"taxonomy":"category","embeddable":true,"href":"https:\/\/fundaciosetba.org\/es\/wp-json\/wp\/v2\/categories?post=35765"},{"taxonomy":"post_tag","embeddable":true,"href":"https:\/\/fundaciosetba.org\/es\/wp-json\/wp\/v2\/tags?post=35765"}],"curies":[{"name":"wp","href":"https:\/\/api.w.org\/{rel}","templated":true}]}}