{"id":35810,"date":"2024-02-08T10:50:27","date_gmt":"2024-02-08T09:50:27","guid":{"rendered":"https:\/\/fundaciosetba.org\/se-inician-las-clases-presenciales-sobre-collage-de-magistrales-en-los-centros-civicos-de-barcelona\/"},"modified":"2024-02-08T16:50:21","modified_gmt":"2024-02-08T15:50:21","slug":"se-inician-las-clases-presenciales-sobre-collage-de-magistrales-en-los-centros-civicos-de-barcelona","status":"publish","type":"post","link":"https:\/\/fundaciosetba.org\/es\/se-inician-las-clases-presenciales-sobre-collage-de-magistrales-en-los-centros-civicos-de-barcelona\/","title":{"rendered":"Se inician las clases presenciales sobre collage de Magistrales en los centros c\u00edvicos de Barcelona"},"content":{"rendered":"<p>Durante los meses de febrero y mayo, cinco centros c\u00edvicos de Barcelona acogen las <strong>clases presenciales del proyecto <a href=\"https:\/\/fundaciosetba.org\/projecte\/magistrals-premi-setba\/\"><em>Magistrals<\/em><\/a><\/strong> , destinadas, en esta edici\u00f3n, al <strong>collage con la artista Marta F\u00e0bregas<\/strong> .<\/p>\n<p>Desde el 31 de enero hasta el 29 de febrero y del 8 al 29 de mayo, los y las participantes de los talleres de arte de los centros sociales <strong>ASPACE<\/strong> , <strong>CO Bogatell<\/strong> , <strong>Fundaci\u00f3n Pere Mitjans<\/strong> , <strong>Taller Escuela St Camil<\/strong> , <strong>CO Esclat<\/strong> , <strong>ACIDH<\/strong> , <strong>CO Eneida<\/strong> , <strong>Teb Verdum<\/strong> , <strong>TEB Sant Andreu<\/strong> y <strong>Taller Ocupacional Cordada<\/strong> aprenden y ponen en pr\u00e1ctica la t\u00e9cnica del collage, a trav\u00e9s de ejercicios donde el tema de trabajo es el retrato.<\/p>\n<div class=\"w-gallery fit_cover wp_gallery type_grid action_popup_image ratio_1x1 count_4\" style=\"--columns:4;--items-gap:8px;\"><div class=\"w-gallery-list\"><div class=\"w-gallery-item\"><div class=\"w-gallery-item-img\"><img loading=\"lazy\" decoding=\"async\" width=\"150\" height=\"150\" src=\"https:\/\/fundaciosetba.org\/wp-content\/uploads\/2024\/02\/IMG_1146-150x150.jpg\" class=\"attachment-thumbnail size-thumbnail\" alt=\"\" srcset=\"https:\/\/fundaciosetba.org\/wp-content\/uploads\/2024\/02\/IMG_1146-150x150.jpg 150w, https:\/\/fundaciosetba.org\/wp-content\/uploads\/2024\/02\/IMG_1146-300x300.jpg 300w\" sizes=\"auto, (max-width: 150px) 100vw, 150px\" \/><\/div><a class=\"w-gallery-item-link\" aria-label=\"IMG_1146\" href=\"https:\/\/fundaciosetba.org\/wp-content\/uploads\/2024\/02\/IMG_1146-scaled.jpg\" title=\"IMG_1146\"><\/a><\/div><div class=\"w-gallery-item\"><div class=\"w-gallery-item-img\"><img loading=\"lazy\" decoding=\"async\" width=\"150\" height=\"150\" src=\"https:\/\/fundaciosetba.org\/wp-content\/uploads\/2024\/02\/IMG_1147-150x150.jpg\" class=\"attachment-thumbnail size-thumbnail\" alt=\"\" srcset=\"https:\/\/fundaciosetba.org\/wp-content\/uploads\/2024\/02\/IMG_1147-150x150.jpg 150w, https:\/\/fundaciosetba.org\/wp-content\/uploads\/2024\/02\/IMG_1147-300x300.jpg 300w\" sizes=\"auto, (max-width: 150px) 100vw, 150px\" \/><\/div><a class=\"w-gallery-item-link\" aria-label=\"IMG_1147\" href=\"https:\/\/fundaciosetba.org\/wp-content\/uploads\/2024\/02\/IMG_1147-scaled.jpg\" title=\"IMG_1147\"><\/a><\/div><div class=\"w-gallery-item\"><div class=\"w-gallery-item-img\"><img loading=\"lazy\" decoding=\"async\" width=\"150\" height=\"150\" src=\"https:\/\/fundaciosetba.org\/wp-content\/uploads\/2024\/02\/IMG_1156-150x150.jpg\" class=\"attachment-thumbnail size-thumbnail\" alt=\"\" srcset=\"https:\/\/fundaciosetba.org\/wp-content\/uploads\/2024\/02\/IMG_1156-150x150.jpg 150w, https:\/\/fundaciosetba.org\/wp-content\/uploads\/2024\/02\/IMG_1156-300x300.jpg 300w\" sizes=\"auto, (max-width: 150px) 100vw, 150px\" \/><\/div><a class=\"w-gallery-item-link\" aria-label=\"IMG_1156\" href=\"https:\/\/fundaciosetba.org\/wp-content\/uploads\/2024\/02\/IMG_1156-scaled.jpg\" title=\"IMG_1156\"><\/a><\/div><div class=\"w-gallery-item\"><div class=\"w-gallery-item-img\"><img loading=\"lazy\" decoding=\"async\" width=\"150\" height=\"150\" src=\"https:\/\/fundaciosetba.org\/wp-content\/uploads\/2024\/02\/IMG_1157-150x150.jpg\" class=\"attachment-thumbnail size-thumbnail\" alt=\"\" srcset=\"https:\/\/fundaciosetba.org\/wp-content\/uploads\/2024\/02\/IMG_1157-150x150.jpg 150w, https:\/\/fundaciosetba.org\/wp-content\/uploads\/2024\/02\/IMG_1157-300x300.jpg 300w\" sizes=\"auto, (max-width: 150px) 100vw, 150px\" \/><\/div><a class=\"w-gallery-item-link\" aria-label=\"IMG_1157\" href=\"https:\/\/fundaciosetba.org\/wp-content\/uploads\/2024\/02\/IMG_1157-scaled.jpg\" title=\"IMG_1157\"><\/a><\/div><\/div><\/div>\n<p>Esta formaci\u00f3n presencial se ha hecho posible gracias a la colaboraci\u00f3n del Ayuntamiento de Barcelona y los <strong>centros c\u00edvicos Can Felipa<\/strong> (Sant Mart\u00ed), <strong>Guinard\u00f3<\/strong> (Horta-Guinard\u00f3), <strong>El Coll &#8211; La Bruguera<\/strong> (Gr\u00e0cia), <strong>Can Bast\u00e9<\/strong> ( Nou Barris) y el de <strong>Bar\u00f3 de Viver<\/strong> (Sant Andreu).<\/p>\n<p>Con este proyecto, la Fundaci\u00f3n Setba tiene la voluntad de <strong>contribuir a la mejora de la calidad de los talleres art\u00edsticos que se llevan a cabo en las entidades del sector de la discapacidad y ayudar a los profesionales sociales a detectar el talento de sus usuarios.<\/strong><\/p>\n<div class=\"w-gallery fit_cover wp_gallery type_grid action_popup_image ratio_1x1 count_3\" style=\"--columns:3;--items-gap:8px;\"><div class=\"w-gallery-list\"><div class=\"w-gallery-item\"><div class=\"w-gallery-item-img\"><img loading=\"lazy\" decoding=\"async\" width=\"300\" height=\"300\" src=\"https:\/\/fundaciosetba.org\/wp-content\/uploads\/2024\/02\/IMG_1322-300x300.jpg\" class=\"attachment-woocommerce_thumbnail size-woocommerce_thumbnail\" alt=\"\" srcset=\"https:\/\/fundaciosetba.org\/wp-content\/uploads\/2024\/02\/IMG_1322-300x300.jpg 300w, https:\/\/fundaciosetba.org\/wp-content\/uploads\/2024\/02\/IMG_1322-150x150.jpg 150w\" sizes=\"auto, (max-width: 300px) 100vw, 300px\" \/><\/div><a class=\"w-gallery-item-link\" aria-label=\"IMG_1322\" href=\"https:\/\/fundaciosetba.org\/wp-content\/uploads\/2024\/02\/IMG_1322-scaled.jpg\" title=\"IMG_1322\"><\/a><\/div><div class=\"w-gallery-item\"><div class=\"w-gallery-item-img\"><img loading=\"lazy\" decoding=\"async\" width=\"300\" height=\"300\" src=\"https:\/\/fundaciosetba.org\/wp-content\/uploads\/2024\/02\/IMG_1321-300x300.jpg\" class=\"attachment-woocommerce_thumbnail size-woocommerce_thumbnail\" alt=\"\" srcset=\"https:\/\/fundaciosetba.org\/wp-content\/uploads\/2024\/02\/IMG_1321-300x300.jpg 300w, https:\/\/fundaciosetba.org\/wp-content\/uploads\/2024\/02\/IMG_1321-150x150.jpg 150w\" sizes=\"auto, (max-width: 300px) 100vw, 300px\" \/><\/div><a class=\"w-gallery-item-link\" aria-label=\"IMG_1321\" href=\"https:\/\/fundaciosetba.org\/wp-content\/uploads\/2024\/02\/IMG_1321-scaled.jpg\" title=\"IMG_1321\"><\/a><\/div><div class=\"w-gallery-item\"><div class=\"w-gallery-item-img\"><img loading=\"lazy\" decoding=\"async\" width=\"300\" height=\"300\" src=\"https:\/\/fundaciosetba.org\/wp-content\/uploads\/2024\/02\/IMG_1358-300x300.jpg\" class=\"attachment-woocommerce_thumbnail size-woocommerce_thumbnail\" alt=\"\" srcset=\"https:\/\/fundaciosetba.org\/wp-content\/uploads\/2024\/02\/IMG_1358-300x300.jpg 300w, https:\/\/fundaciosetba.org\/wp-content\/uploads\/2024\/02\/IMG_1358-150x150.jpg 150w\" sizes=\"auto, (max-width: 300px) 100vw, 300px\" \/><\/div><a class=\"w-gallery-item-link\" aria-label=\"IMG_1358\" href=\"https:\/\/fundaciosetba.org\/wp-content\/uploads\/2024\/02\/IMG_1358-scaled.jpg\" title=\"IMG_1358\"><\/a><\/div><\/div><\/div>\n<p>Las formaciones online est\u00e1n disponibles en nuestro canal de Youtube. Durante estos tres a\u00f1os, nos han acompa\u00f1ado el artista pl\u00e1stico <a href=\"https:\/\/youtu.be\/ac_-ySdhFFc?si=ldRT0mQuwKQkkPcx\"><strong>Jaime S\u00fanico<\/strong><\/a> , la dise\u00f1adora e ilustradora <a href=\"https:\/\/youtu.be\/iLpmaRvfz18?si=3DjJGkGx6fu0LDvI\"><strong>Laura Klamburg<\/strong><\/a> y la fot\u00f3grafa <strong>Marta F\u00e0bregas<\/strong> .<\/p>\n<p><iframe loading=\"lazy\" title=\"Formaci\u00f3 MAGISTRALS | Collage | Marta F\u00e0bregas | 2023\" width=\"640\" height=\"360\" src=\"https:\/\/www.youtube.com\/embed\/bOHdYy_4yp0?feature=oembed\" frameborder=\"0\" allow=\"accelerometer; autoplay; clipboard-write; encrypted-media; gyroscope; picture-in-picture; web-share\" allowfullscreen><\/iframe><\/p>\n<p><a href=\"https:\/\/www.martafabregas.com\/\">F\u00e0bregas<\/a> es artista, activista y fot\u00f3grafa formada en el Instituto de Estudios Fotogr\u00e1ficos de Catalu\u00f1a. Ha articulado su pr\u00e1ctica feminista de forma transversal en sus obras como en su vida cotidiana. En el \u00faltimo a\u00f1o, adem\u00e1s de participar en ferias internacionales en capitales art\u00edsticas como Madrid, Par\u00eds, Los \u00c1ngeles, ha expuesto en instituciones como el Museu Frederic Mar\u00e8s de Barcelona, \u200b\u200bas\u00ed como en galer\u00edas nacionales tanto nacionales como internacionales, como Pigment Gallery (de Barcelona y Par\u00eds), la galer\u00eda Jorge Alcolea de Madrid, la galer\u00eda Airel Jakob (Par\u00eds, Francia), la galer\u00eda Saraceno Art Gallery de Roma, Italia, y el BlinkGroup Gallery (Miami, Estados Unidos).<\/p>\n<p>El proyecto est\u00e1 organizado por la Fundaci\u00f3n Setba con el patrocinio del Ayuntamiento de Barcelona, \u200b\u200bBizcabar y Capital Care, y la colaboraci\u00f3n de Barna Art y Dincat.<\/p>\n","protected":false},"excerpt":{"rendered":"<p>Durante los meses de febrero y mayo, cinco centros c\u00edvicos de Barcelona acogen las clases presenciales del proyecto Magistrals, destinadas, en esta edici\u00f3n, al collage con la artista Marta F\u00e0bregas.<\/p>\n","protected":false},"author":1,"featured_media":35795,"comment_status":"closed","ping_status":"closed","sticky":false,"template":"","format":"standard","meta":{"footnotes":""},"categories":[1352],"tags":[],"class_list":["post-35810","post","type-post","status-publish","format-standard","has-post-thumbnail","hentry","category-magistrales-es"],"_links":{"self":[{"href":"https:\/\/fundaciosetba.org\/es\/wp-json\/wp\/v2\/posts\/35810","targetHints":{"allow":["GET"]}}],"collection":[{"href":"https:\/\/fundaciosetba.org\/es\/wp-json\/wp\/v2\/posts"}],"about":[{"href":"https:\/\/fundaciosetba.org\/es\/wp-json\/wp\/v2\/types\/post"}],"author":[{"embeddable":true,"href":"https:\/\/fundaciosetba.org\/es\/wp-json\/wp\/v2\/users\/1"}],"replies":[{"embeddable":true,"href":"https:\/\/fundaciosetba.org\/es\/wp-json\/wp\/v2\/comments?post=35810"}],"version-history":[{"count":1,"href":"https:\/\/fundaciosetba.org\/es\/wp-json\/wp\/v2\/posts\/35810\/revisions"}],"predecessor-version":[{"id":35811,"href":"https:\/\/fundaciosetba.org\/es\/wp-json\/wp\/v2\/posts\/35810\/revisions\/35811"}],"wp:featuredmedia":[{"embeddable":true,"href":"https:\/\/fundaciosetba.org\/es\/wp-json\/wp\/v2\/media\/35795"}],"wp:attachment":[{"href":"https:\/\/fundaciosetba.org\/es\/wp-json\/wp\/v2\/media?parent=35810"}],"wp:term":[{"taxonomy":"category","embeddable":true,"href":"https:\/\/fundaciosetba.org\/es\/wp-json\/wp\/v2\/categories?post=35810"},{"taxonomy":"post_tag","embeddable":true,"href":"https:\/\/fundaciosetba.org\/es\/wp-json\/wp\/v2\/tags?post=35810"}],"curies":[{"name":"wp","href":"https:\/\/api.w.org\/{rel}","templated":true}]}}