{"id":35951,"date":"2024-03-04T16:57:23","date_gmt":"2024-03-04T15:57:23","guid":{"rendered":"https:\/\/fundaciosetba.org\/obras-del-premio-setba-se-exponen-en-el-sam-madrid\/"},"modified":"2024-03-05T10:07:51","modified_gmt":"2024-03-05T09:07:51","slug":"obras-del-premio-setba-se-exponen-en-el-sam-madrid","status":"publish","type":"post","link":"https:\/\/fundaciosetba.org\/es\/obras-del-premio-setba-se-exponen-en-el-sam-madrid\/","title":{"rendered":"Obras del Premio Setba se exponen en el SAM Madrid"},"content":{"rendered":"<p>Del 6 al 10 de marzo, la Fundaci\u00f3n Carlos de Amberes acoge la s\u00e9ptima edici\u00f3n del Sal\u00f3n de Arte Moderno (SAM) en Madrid, y, por primera vez, la Fundaci\u00f3n Setba est\u00e1 presente con una muestra de las obras finalistas del Premio Setba .<\/p>\n<p>El SAM est\u00e1 orientado a los amantes del arte y los coleccionistas interesados \u200b\u200ben ver y adquirir obras que ya forman parte de la historia del arte. Con la participaci\u00f3n de hasta 100 artistas, este evento ofrece durante la semana del arte en Madrid una oportunidad \u00fanica para gozar de una selecci\u00f3n destacada de obras de artistas de las vanguardias y el arte moderno como Salvador Dal\u00ed, Joaqu\u00edn Sorolla, Joan Mir\u00f3, Pablo Picasso, Ignacio Zuloaga, Antonio Saura, Manolo Vald\u00e9s, Miquel Barcel\u00f3, Jos\u00e9 Guerrero, Juan Genov\u00e9s, Fernando Z\u00f3bel, Luis Feito, Antoni T\u00e0pies, Lita Cabellut, Sonia Delaunay, Eduardo Chillida, Rafael Canogar, Dar\u00edo de Regoyos, Mat\u00edas Krahn, Mario Pavez, Isabel Ramoneda, Joan Mir\u00f3, Joaquim Sunyer, Alexander Calder, Giorgio de Chirico, Edgar Plans, Casimir Mart\u00ednez Tarrass\u00f3, Paco Conesa, Aramis Ney, Equipo Cr\u00f3nica, BENAM, Antoni Clav\u00e9, Manuel Ter\u00e1n, Joan Castej\u00f3n, Xavi Garc\u00eda, Emilio C\u00e1rdenas, Javier Pagola, Bonifacio Alfonso, Mar\u00eda Corte, Jaume Plensa, In\u00e9s Valls Fortuny, Pablo Palazuelo, Javier Aldarias, Sandra Spinola, Gonzalo Rada, Carol Moreno y Hern\u00e1ndez Piju\u00e1n.<\/p>\n<div class=\"w-gallery fit_cover wp_gallery type_grid action_popup_image ratio_1x1 count_8\" style=\"--columns:4;--items-gap:8px;\"><div class=\"w-gallery-list\"><div class=\"w-gallery-item\"><div class=\"w-gallery-item-img\"><img loading=\"lazy\" decoding=\"async\" width=\"150\" height=\"150\" src=\"https:\/\/fundaciosetba.org\/wp-content\/uploads\/2024\/03\/ART-LAB-MASEDA-Baskiat-150x150.jpg\" class=\"attachment-thumbnail size-thumbnail\" alt=\"\" srcset=\"https:\/\/fundaciosetba.org\/wp-content\/uploads\/2024\/03\/ART-LAB-MASEDA-Baskiat-150x150.jpg 150w, https:\/\/fundaciosetba.org\/wp-content\/uploads\/2024\/03\/ART-LAB-MASEDA-Baskiat-300x300.jpg 300w\" sizes=\"auto, (max-width: 150px) 100vw, 150px\" \/><\/div><a class=\"w-gallery-item-link\" aria-label=\"ART LAB - MASEDA - Baskiat\" href=\"https:\/\/fundaciosetba.org\/wp-content\/uploads\/2024\/03\/ART-LAB-MASEDA-Baskiat-scaled.jpg\" title=\"ART LAB - MASEDA - Baskiat\"><\/a><\/div><div class=\"w-gallery-item\"><div class=\"w-gallery-item-img\"><img loading=\"lazy\" decoding=\"async\" width=\"150\" height=\"150\" src=\"https:\/\/fundaciosetba.org\/wp-content\/uploads\/2024\/03\/ART-PETRITXOL-Alexander-Calder.-3.bn-Hommage-to-Joan-Prats-1965.-Lito-H.C.-58-x-78-cm-150x150.jpeg\" class=\"attachment-thumbnail size-thumbnail\" alt=\"\" srcset=\"https:\/\/fundaciosetba.org\/wp-content\/uploads\/2024\/03\/ART-PETRITXOL-Alexander-Calder.-3.bn-Hommage-to-Joan-Prats-1965.-Lito-H.C.-58-x-78-cm-150x150.jpeg 150w, https:\/\/fundaciosetba.org\/wp-content\/uploads\/2024\/03\/ART-PETRITXOL-Alexander-Calder.-3.bn-Hommage-to-Joan-Prats-1965.-Lito-H.C.-58-x-78-cm-300x300.jpeg 300w\" sizes=\"auto, (max-width: 150px) 100vw, 150px\" \/><\/div><a class=\"w-gallery-item-link\" aria-label=\"ART PETRITXOL - Alexander Calder. 3.bn- Hommage to Joan Prats - 1965. Lito H.C\" href=\"https:\/\/fundaciosetba.org\/wp-content\/uploads\/2024\/03\/ART-PETRITXOL-Alexander-Calder.-3.bn-Hommage-to-Joan-Prats-1965.-Lito-H.C.-58-x-78-cm.jpeg\" title=\"ART PETRITXOL - Alexander Calder. 3.bn- Hommage to Joan Prats - 1965. Lito H.C\"><\/a><\/div><div class=\"w-gallery-item\"><div class=\"w-gallery-item-img\"><img loading=\"lazy\" decoding=\"async\" width=\"150\" height=\"150\" src=\"https:\/\/fundaciosetba.org\/wp-content\/uploads\/2024\/03\/FUNDACION-SETBA-CAMINOS-RAUL-SANCHEZ-150x150.jpeg\" class=\"attachment-thumbnail size-thumbnail\" alt=\"\" srcset=\"https:\/\/fundaciosetba.org\/wp-content\/uploads\/2024\/03\/FUNDACION-SETBA-CAMINOS-RAUL-SANCHEZ-150x150.jpeg 150w, https:\/\/fundaciosetba.org\/wp-content\/uploads\/2024\/03\/FUNDACION-SETBA-CAMINOS-RAUL-SANCHEZ-300x300.jpeg 300w\" sizes=\"auto, (max-width: 150px) 100vw, 150px\" \/><\/div><a class=\"w-gallery-item-link\" aria-label=\"FUNDACI\u00d3N SETBA - CAMINOS - RA\u00daL S\u00c1NCHEZ\" href=\"https:\/\/fundaciosetba.org\/wp-content\/uploads\/2024\/03\/FUNDACION-SETBA-CAMINOS-RAUL-SANCHEZ.jpeg\" title=\"FUNDACI\u00d3N SETBA - CAMINOS - RA\u00daL S\u00c1NCHEZ\"><\/a><\/div><div class=\"w-gallery-item\"><div class=\"w-gallery-item-img\"><img loading=\"lazy\" decoding=\"async\" width=\"150\" height=\"150\" src=\"https:\/\/fundaciosetba.org\/wp-content\/uploads\/2024\/03\/GALERA2-150x150.jpg\" class=\"attachment-thumbnail size-thumbnail\" alt=\"\" srcset=\"https:\/\/fundaciosetba.org\/wp-content\/uploads\/2024\/03\/GALERA2-150x150.jpg 150w, https:\/\/fundaciosetba.org\/wp-content\/uploads\/2024\/03\/GALERA2-300x300.jpg 300w\" sizes=\"auto, (max-width: 150px) 100vw, 150px\" \/><\/div><a class=\"w-gallery-item-link\" aria-label=\"GALER\u00cdA EL CISNEMOHOLY-NAGY, Untitled, c.1923\" href=\"https:\/\/fundaciosetba.org\/wp-content\/uploads\/2024\/03\/GALERA2-scaled.jpg\" title=\"GALER\u00cdA EL CISNEMOHOLY-NAGY, Untitled, c.1923\"><\/a><\/div><div class=\"w-gallery-item\"><div class=\"w-gallery-item-img\"><img loading=\"lazy\" decoding=\"async\" width=\"150\" height=\"150\" src=\"https:\/\/fundaciosetba.org\/wp-content\/uploads\/2024\/03\/JORGE-ALCOLEA-Joaquin-con-su-perro-en-Javea-Joaquin-Sorolla-150x150.png\" class=\"attachment-thumbnail size-thumbnail\" alt=\"\" srcset=\"https:\/\/fundaciosetba.org\/wp-content\/uploads\/2024\/03\/JORGE-ALCOLEA-Joaquin-con-su-perro-en-Javea-Joaquin-Sorolla-150x150.png 150w, https:\/\/fundaciosetba.org\/wp-content\/uploads\/2024\/03\/JORGE-ALCOLEA-Joaquin-con-su-perro-en-Javea-Joaquin-Sorolla-300x300.png 300w\" sizes=\"auto, (max-width: 150px) 100vw, 150px\" \/><\/div><a class=\"w-gallery-item-link\" aria-label=\"JORGE ALCOLEA - Joaqu\u00edn con su perro en J\u00e1vea - Joaqu\u00edn Sorolla\" href=\"https:\/\/fundaciosetba.org\/wp-content\/uploads\/2024\/03\/JORGE-ALCOLEA-Joaquin-con-su-perro-en-Javea-Joaquin-Sorolla.png\" title=\"JORGE ALCOLEA - Joaqu\u00edn con su perro en J\u00e1vea - Joaqu\u00edn Sorolla\"><\/a><\/div><div class=\"w-gallery-item\"><div class=\"w-gallery-item-img\"><img loading=\"lazy\" decoding=\"async\" width=\"150\" height=\"150\" src=\"https:\/\/fundaciosetba.org\/wp-content\/uploads\/2024\/03\/JORGE-ALCOLEA-Modelo-Paris.-_IGNACIO_ZULOAGA-150x150.jpeg\" class=\"attachment-thumbnail size-thumbnail\" alt=\"\" srcset=\"https:\/\/fundaciosetba.org\/wp-content\/uploads\/2024\/03\/JORGE-ALCOLEA-Modelo-Paris.-_IGNACIO_ZULOAGA-150x150.jpeg 150w, https:\/\/fundaciosetba.org\/wp-content\/uploads\/2024\/03\/JORGE-ALCOLEA-Modelo-Paris.-_IGNACIO_ZULOAGA-300x300.jpeg 300w\" sizes=\"auto, (max-width: 150px) 100vw, 150px\" \/><\/div><a class=\"w-gallery-item-link\" aria-label=\"JORGE ALCOLEA - Modelo, Par\u00eds. _IGNACIO_ZULOAGA\" href=\"https:\/\/fundaciosetba.org\/wp-content\/uploads\/2024\/03\/JORGE-ALCOLEA-Modelo-Paris.-_IGNACIO_ZULOAGA-scaled.jpeg\" title=\"JORGE ALCOLEA - Modelo, Par\u00eds. _IGNACIO_ZULOAGA\"><\/a><\/div><div class=\"w-gallery-item\"><div class=\"w-gallery-item-img\"><img loading=\"lazy\" decoding=\"async\" width=\"150\" height=\"150\" src=\"https:\/\/fundaciosetba.org\/wp-content\/uploads\/2024\/03\/SAM-1-150x150.jpg\" class=\"attachment-thumbnail size-thumbnail\" alt=\"\" srcset=\"https:\/\/fundaciosetba.org\/wp-content\/uploads\/2024\/03\/SAM-1-150x150.jpg 150w, https:\/\/fundaciosetba.org\/wp-content\/uploads\/2024\/03\/SAM-1-300x300.jpg 300w\" sizes=\"auto, (max-width: 150px) 100vw, 150px\" \/><\/div><a class=\"w-gallery-item-link\" aria-label=\"SAM\" href=\"https:\/\/fundaciosetba.org\/wp-content\/uploads\/2024\/03\/SAM-1.jpg\" title=\"SAM\"><\/a><\/div><div class=\"w-gallery-item\"><div class=\"w-gallery-item-img\"><img loading=\"lazy\" decoding=\"async\" width=\"150\" height=\"150\" src=\"https:\/\/fundaciosetba.org\/wp-content\/uploads\/2024\/03\/SAM-150x150.jpg\" class=\"attachment-thumbnail size-thumbnail\" alt=\"\" srcset=\"https:\/\/fundaciosetba.org\/wp-content\/uploads\/2024\/03\/SAM-150x150.jpg 150w, https:\/\/fundaciosetba.org\/wp-content\/uploads\/2024\/03\/SAM-300x300.jpg 300w\" sizes=\"auto, (max-width: 150px) 100vw, 150px\" \/><\/div><a class=\"w-gallery-item-link\" aria-label=\"SAM\" href=\"https:\/\/fundaciosetba.org\/wp-content\/uploads\/2024\/03\/SAM.jpg\" title=\"SAM\"><\/a><\/div><\/div><\/div>\n<p><strong>En esta s\u00e9ptima edici\u00f3n, el SAM cuenta con la participaci\u00f3n de la Fundaci\u00f3n Setba<\/strong> , para acercar el arte del Premio Setba a los visitantes. El objetivo del Premi Setba es reconocer el talento de los artistas con discapacidad, potenciarlos y dar visibilidad a sus obras mediante exposiciones (como la organizada por Pigment Gallery), la participaci\u00f3n en ferias de arte como SAM y colaboraciones con empresas como la plataforma de venta de l\u00e1minas Artesta y la bodega Lacrima Baccus, para la imagen de sus vinos.<\/p>\n<p>Las obras que se exponen son: <em>Lo veo todo<\/em> de Abel Luengo, <em>Ara\u00f1a ragnarok<\/em> de \u00c1lex Ju\u00e1rez,  <em>Transexualidad<\/em> de Noelia Bernal,  <em>Recuerdo un sue\u00f1o<\/em> de Rosa Pardo,  <em>Caminos<\/em> de Raul S\u00e1nchez,  <em>Autorretrato<\/em> de Sergio Lechuga, <em>Escaleras llega y abajo de<\/em> Jenifer Serrano, <em>El p\u00e1jaro<\/em> \u00c1ngel P\u00e9rez, <em>Viva la Vida<\/em> de Cristian Barrachina y <em>La lluvia<\/em> de Flora Gonz\u00e1lez.<\/p>\n<p><a href=\"https:\/\/www.feriasam.com\/entradas\">Las entradas se pueden adquirir en la p\u00e1gina web de SAM<\/a><\/p>\n<p><img loading=\"lazy\" decoding=\"async\" class=\"aligncenter wp-image-35944 \" src=\"https:\/\/fundaciosetba.org\/wp-content\/uploads\/2024\/03\/WhatsApp-Image-2024-03-04-at-17.11.48.jpeg\" alt=\"\" width=\"1022\" height=\"575\" srcset=\"https:\/\/fundaciosetba.org\/wp-content\/uploads\/2024\/03\/WhatsApp-Image-2024-03-04-at-17.11.48.jpeg 1920w, https:\/\/fundaciosetba.org\/wp-content\/uploads\/2024\/03\/WhatsApp-Image-2024-03-04-at-17.11.48-300x169.jpeg 300w, https:\/\/fundaciosetba.org\/wp-content\/uploads\/2024\/03\/WhatsApp-Image-2024-03-04-at-17.11.48-1024x576.jpeg 1024w, https:\/\/fundaciosetba.org\/wp-content\/uploads\/2024\/03\/WhatsApp-Image-2024-03-04-at-17.11.48-150x84.jpeg 150w, https:\/\/fundaciosetba.org\/wp-content\/uploads\/2024\/03\/WhatsApp-Image-2024-03-04-at-17.11.48-600x338.jpeg 600w\" sizes=\"auto, (max-width: 1022px) 100vw, 1022px\" \/><\/p>\n<p>Fotograf\u00edas proporcionadas por el SAM<\/p>\n","protected":false},"excerpt":{"rendered":"<p>Del 6 al 10 de marzo, la Fundaci\u00f3n Carlos de Amberes acoge la s\u00e9ptima edici\u00f3n del Sal\u00f3n de Arte Moderno (SAM) en Madrid, y, por primera vez, la Fundaci\u00f3n Setba est\u00e1 presente con una muestra de las obras finalistas del Premio Setba .<\/p>\n","protected":false},"author":1,"featured_media":35955,"comment_status":"closed","ping_status":"closed","sticky":false,"template":"","format":"standard","meta":{"footnotes":""},"categories":[1353],"tags":[],"class_list":["post-35951","post","type-post","status-publish","format-standard","has-post-thumbnail","hentry","category-premio-setba-es"],"_links":{"self":[{"href":"https:\/\/fundaciosetba.org\/es\/wp-json\/wp\/v2\/posts\/35951","targetHints":{"allow":["GET"]}}],"collection":[{"href":"https:\/\/fundaciosetba.org\/es\/wp-json\/wp\/v2\/posts"}],"about":[{"href":"https:\/\/fundaciosetba.org\/es\/wp-json\/wp\/v2\/types\/post"}],"author":[{"embeddable":true,"href":"https:\/\/fundaciosetba.org\/es\/wp-json\/wp\/v2\/users\/1"}],"replies":[{"embeddable":true,"href":"https:\/\/fundaciosetba.org\/es\/wp-json\/wp\/v2\/comments?post=35951"}],"version-history":[{"count":1,"href":"https:\/\/fundaciosetba.org\/es\/wp-json\/wp\/v2\/posts\/35951\/revisions"}],"predecessor-version":[{"id":35956,"href":"https:\/\/fundaciosetba.org\/es\/wp-json\/wp\/v2\/posts\/35951\/revisions\/35956"}],"wp:featuredmedia":[{"embeddable":true,"href":"https:\/\/fundaciosetba.org\/es\/wp-json\/wp\/v2\/media\/35955"}],"wp:attachment":[{"href":"https:\/\/fundaciosetba.org\/es\/wp-json\/wp\/v2\/media?parent=35951"}],"wp:term":[{"taxonomy":"category","embeddable":true,"href":"https:\/\/fundaciosetba.org\/es\/wp-json\/wp\/v2\/categories?post=35951"},{"taxonomy":"post_tag","embeddable":true,"href":"https:\/\/fundaciosetba.org\/es\/wp-json\/wp\/v2\/tags?post=35951"}],"curies":[{"name":"wp","href":"https:\/\/api.w.org\/{rel}","templated":true}]}}