{"id":35964,"date":"2024-03-04T10:03:14","date_gmt":"2024-03-04T09:03:14","guid":{"rendered":"https:\/\/fundaciosetba.org\/la-acuarelista-y-caligrafista-paula-leiva-es-la-nueva-directora-artistica-del-proyecto-magistrals\/"},"modified":"2024-03-05T17:10:37","modified_gmt":"2024-03-05T16:10:37","slug":"la-acuarelista-y-caligrafista-paula-leiva-es-la-nueva-directora-artistica-del-proyecto-magistrals","status":"publish","type":"post","link":"https:\/\/fundaciosetba.org\/es\/la-acuarelista-y-caligrafista-paula-leiva-es-la-nueva-directora-artistica-del-proyecto-magistrals\/","title":{"rendered":"La acuarelista y caligrafista Paula Leiva es la nueva directora art\u00edstica del proyecto &#8220;Magistrals&#8221;"},"content":{"rendered":"<p>La artista Paula Leiva es la nueva directora art\u00edstica de la cuarta edici\u00f3n del proyecto <em>Magistrals.<\/em> Un programa formativo en el que colaboran distintos artistas en cada edici\u00f3n. Durante los \u00faltimos tres a\u00f1os, el proyecto ha estado liderado por profesionales de renombre como el pintor Jaime S\u00fanico, la dise\u00f1adora e ilustradora Laura Klamburg, y la artista y fot\u00f3grafa Marta F\u00e0bregas. <a href=\"https:\/\/youtube.com\/playlist?list=PLpeZ033GX4Op-FCn0ip_wt-2rMtPg7xl5&amp;si=FnR5jbD_tMXD4Eat\">Todas las formaciones est\u00e1n disponibles en nuestro canal de YouTube.<\/a><\/p>\n<p><strong>En esta cuarta edici\u00f3n, <a href=\"http:\/\/www.paulaleiva.com\/ca\/pintora-catala\/\">Paula Leiva<\/a> nos adentra en el mundo de la acuarela y, para hacerlo posible, contamos con la participaci\u00f3n de cinco entidades del sector de la discapacidad de Catalu\u00f1a: el Centro Ocupacional Les Corts, la Fundaci\u00f3n Maresme, la Fundaci\u00f3n Privada Arc de Sant Mart\u00ed, la Fundaci\u00f3n TEAS y el Centro Ocupacional Condal.<\/strong><\/p>\n<p>Durante el mes de febrero hemos rodado la primera c\u00e1psula formativa, que se har\u00e1 p\u00fablica en nuestro canal de Youtube el 3 de diciembre de 2024, coincidiendo con el D\u00eda Internacional de las Personas con Discapacidad.<\/p>\n<div class=\"w-gallery fit_cover wp_gallery type_grid action_popup_image ratio_1x1 count_6\" style=\"--columns:3;--items-gap:8px;\"><div class=\"w-gallery-list\"><div class=\"w-gallery-item\"><div class=\"w-gallery-item-img\"><img loading=\"lazy\" decoding=\"async\" width=\"300\" height=\"300\" src=\"https:\/\/fundaciosetba.org\/wp-content\/uploads\/2024\/03\/Rodatge-Paula-Leiva_Magistrals_SETBA_17-300x300.jpg\" class=\"attachment-woocommerce_thumbnail size-woocommerce_thumbnail\" alt=\"\" srcset=\"https:\/\/fundaciosetba.org\/wp-content\/uploads\/2024\/03\/Rodatge-Paula-Leiva_Magistrals_SETBA_17-300x300.jpg 300w, https:\/\/fundaciosetba.org\/wp-content\/uploads\/2024\/03\/Rodatge-Paula-Leiva_Magistrals_SETBA_17-150x150.jpg 150w\" sizes=\"auto, (max-width: 300px) 100vw, 300px\" \/><\/div><a class=\"w-gallery-item-link\" aria-label=\"Rodatge Paula Leiva_Magistrals_SETBA_17\" href=\"https:\/\/fundaciosetba.org\/wp-content\/uploads\/2024\/03\/Rodatge-Paula-Leiva_Magistrals_SETBA_17-scaled.jpg\" title=\"Rodatge Paula Leiva_Magistrals_SETBA_17\"><\/a><\/div><div class=\"w-gallery-item\"><div class=\"w-gallery-item-img\"><img loading=\"lazy\" decoding=\"async\" width=\"300\" height=\"300\" src=\"https:\/\/fundaciosetba.org\/wp-content\/uploads\/2024\/03\/Rodatge-Paula-Leiva_Magistrals_SETBA_45-300x300.jpg\" class=\"attachment-woocommerce_thumbnail size-woocommerce_thumbnail\" alt=\"\" srcset=\"https:\/\/fundaciosetba.org\/wp-content\/uploads\/2024\/03\/Rodatge-Paula-Leiva_Magistrals_SETBA_45-300x300.jpg 300w, https:\/\/fundaciosetba.org\/wp-content\/uploads\/2024\/03\/Rodatge-Paula-Leiva_Magistrals_SETBA_45-150x150.jpg 150w\" sizes=\"auto, (max-width: 300px) 100vw, 300px\" \/><\/div><a class=\"w-gallery-item-link\" aria-label=\"Rodatge Paula Leiva_Magistrals_SETBA_45\" href=\"https:\/\/fundaciosetba.org\/wp-content\/uploads\/2024\/03\/Rodatge-Paula-Leiva_Magistrals_SETBA_45-scaled.jpg\" title=\"Rodatge Paula Leiva_Magistrals_SETBA_45\"><\/a><\/div><div class=\"w-gallery-item\"><div class=\"w-gallery-item-img\"><img loading=\"lazy\" decoding=\"async\" width=\"300\" height=\"300\" src=\"https:\/\/fundaciosetba.org\/wp-content\/uploads\/2024\/03\/Imatge-destacada-web-24-07-300x300.png\" class=\"attachment-woocommerce_thumbnail size-woocommerce_thumbnail\" alt=\"\" srcset=\"https:\/\/fundaciosetba.org\/wp-content\/uploads\/2024\/03\/Imatge-destacada-web-24-07-300x300.png 300w, https:\/\/fundaciosetba.org\/wp-content\/uploads\/2024\/03\/Imatge-destacada-web-24-07-150x150.png 150w\" sizes=\"auto, (max-width: 300px) 100vw, 300px\" \/><\/div><a class=\"w-gallery-item-link\" aria-label=\"Imatge-destacada-web-24-07\" href=\"https:\/\/fundaciosetba.org\/wp-content\/uploads\/2024\/03\/Imatge-destacada-web-24-07.png\" title=\"Imatge-destacada-web-24-07\"><\/a><\/div><div class=\"w-gallery-item\"><div class=\"w-gallery-item-img\"><img loading=\"lazy\" decoding=\"async\" width=\"300\" height=\"300\" src=\"https:\/\/fundaciosetba.org\/wp-content\/uploads\/2024\/03\/Rodatge-Paula-Leiva_Magistrals_SETBA_70-300x300.jpg\" class=\"attachment-woocommerce_thumbnail size-woocommerce_thumbnail\" alt=\"\" srcset=\"https:\/\/fundaciosetba.org\/wp-content\/uploads\/2024\/03\/Rodatge-Paula-Leiva_Magistrals_SETBA_70-300x300.jpg 300w, https:\/\/fundaciosetba.org\/wp-content\/uploads\/2024\/03\/Rodatge-Paula-Leiva_Magistrals_SETBA_70-150x150.jpg 150w\" sizes=\"auto, (max-width: 300px) 100vw, 300px\" \/><\/div><a class=\"w-gallery-item-link\" aria-label=\"Rodatge Paula Leiva_Magistrals_SETBA_70\" href=\"https:\/\/fundaciosetba.org\/wp-content\/uploads\/2024\/03\/Rodatge-Paula-Leiva_Magistrals_SETBA_70-scaled.jpg\" title=\"Rodatge Paula Leiva_Magistrals_SETBA_70\"><\/a><\/div><div class=\"w-gallery-item\"><div class=\"w-gallery-item-img\"><img loading=\"lazy\" decoding=\"async\" width=\"300\" height=\"300\" src=\"https:\/\/fundaciosetba.org\/wp-content\/uploads\/2024\/03\/Rodatge-Paula-Leiva_Magistrals_SETBA_63-300x300.jpg\" class=\"attachment-woocommerce_thumbnail size-woocommerce_thumbnail\" alt=\"\" srcset=\"https:\/\/fundaciosetba.org\/wp-content\/uploads\/2024\/03\/Rodatge-Paula-Leiva_Magistrals_SETBA_63-300x300.jpg 300w, https:\/\/fundaciosetba.org\/wp-content\/uploads\/2024\/03\/Rodatge-Paula-Leiva_Magistrals_SETBA_63-150x150.jpg 150w\" sizes=\"auto, (max-width: 300px) 100vw, 300px\" \/><\/div><a class=\"w-gallery-item-link\" aria-label=\"Rodatge Paula Leiva_Magistrals_SETBA_63\" href=\"https:\/\/fundaciosetba.org\/wp-content\/uploads\/2024\/03\/Rodatge-Paula-Leiva_Magistrals_SETBA_63-scaled.jpg\" title=\"Rodatge Paula Leiva_Magistrals_SETBA_63\"><\/a><\/div><div class=\"w-gallery-item\"><div class=\"w-gallery-item-img\"><img loading=\"lazy\" decoding=\"async\" width=\"300\" height=\"300\" src=\"https:\/\/fundaciosetba.org\/wp-content\/uploads\/2024\/03\/Rodatge-Paula-Leiva_Magistrals_SETBA_10-300x300.jpg\" class=\"attachment-woocommerce_thumbnail size-woocommerce_thumbnail\" alt=\"\" srcset=\"https:\/\/fundaciosetba.org\/wp-content\/uploads\/2024\/03\/Rodatge-Paula-Leiva_Magistrals_SETBA_10-300x300.jpg 300w, https:\/\/fundaciosetba.org\/wp-content\/uploads\/2024\/03\/Rodatge-Paula-Leiva_Magistrals_SETBA_10-150x150.jpg 150w\" sizes=\"auto, (max-width: 300px) 100vw, 300px\" \/><\/div><a class=\"w-gallery-item-link\" aria-label=\"Rodatge Paula Leiva_Magistrals_SETBA_10\" href=\"https:\/\/fundaciosetba.org\/wp-content\/uploads\/2024\/03\/Rodatge-Paula-Leiva_Magistrals_SETBA_10-scaled.jpg\" title=\"Rodatge Paula Leiva_Magistrals_SETBA_10\"><\/a><\/div><\/div><\/div>\n<p>Los objetivos de este proyecto son <strong>mejorar la calidad de los talleres art\u00edsticos que se realizan en estas entidades y ayudar a los profesionales a identificar el talento de sus aulas<\/strong> .<\/p>\n<p>Paula Leiva Granger, nacida en Santiago de Chile en 1961 y afincada en Barcelona desde 1974, destaca como pintora, profesora, ilustradora y cal\u00edgrafa. Con m\u00e1s de 40 a\u00f1os de experiencia profesional, ha colaborado con diversas galer\u00edas, universidades privadas, centros culturales p\u00fablicos, medios de comunicaci\u00f3n, publicaciones y eventos internacionales. Autora del libro &#8221; <a href=\"http:\/\/www.paulaleiva.com\/ca\/llibre\/\">Manual Pr\u00e1ctico de Dibujo y Acuarela<\/a> &#8221; (2007), publicado en China por <em>China Federation of Literary and Arts Circles Publishing House<\/em> , que se puede encontrar en todas las bibliotecas de Catalu\u00f1a.<\/p>\n<p>Actualmente, Leiva es profesora de acuarela, pintura al \u00f3leo, dibujo y figura humana en el C\u00edrculo Art\u00edstico de Sant Lluc, en el taller Artvall\u00e8s en Poblenou, y dirige su propio taller. Su obra es regularmente expuesta y vendida en diversas galer\u00edas de la ciudad de Barcelona. Adem\u00e1s, colabora peri\u00f3dicamente como acuarelista bot\u00e1nica con la revista <em>The Plant Review<\/em> de la Royal Horticultural Society de Londres, Reino Unido.<\/p>\n<p>Este proyecto est\u00e1 organizado por la Fundaci\u00f3 Setba; patrocinado por Bizcabar Patrimonio y Capital Care; con la colaboraci\u00f3n del Ayuntamiento de Barcelona, \u200b\u200bBarna Art, Bardinet, Galer\u00edas de Arte de Catalu\u00f1a, Dincat, Ideal Barcelona, \u200b\u200bMuseo Inmersivo del Bar\u00e7a, Fundaci\u00f3n &#8220;la Caixa&#8221;, IED Barcelona, \u200b\u200bPinturas Mir; y con el apoyo de Pigment Gallery y Fundaci\u00f3 Bar\u00e7a Genuine.<\/p>\n<p><em>Fotograf\u00edas art\u00edculo: Laura G\u00e1lvez-Rhein<\/em><\/p>\n","protected":false},"excerpt":{"rendered":"<p>Para esta cuarta edici\u00f3n, Paula Leiva nos adentra en el mundo de la acuarela y para hacerlo posible, contamos con la participaci\u00f3n de cinco entidades del sector de la discapacidad de Catalu\u00f1a: el Centro Ocupacional Les Corts, la Fundaci\u00f3 Maresme, la Fundaci\u00f3n Privada Arco Iris, la Fundaci\u00f3n TEAS y el Centro Ocupacional Condal.<\/p>\n","protected":false},"author":1,"featured_media":35885,"comment_status":"closed","ping_status":"closed","sticky":false,"template":"","format":"standard","meta":{"footnotes":""},"categories":[1352],"tags":[],"class_list":["post-35964","post","type-post","status-publish","format-standard","has-post-thumbnail","hentry","category-magistrales-es"],"_links":{"self":[{"href":"https:\/\/fundaciosetba.org\/es\/wp-json\/wp\/v2\/posts\/35964","targetHints":{"allow":["GET"]}}],"collection":[{"href":"https:\/\/fundaciosetba.org\/es\/wp-json\/wp\/v2\/posts"}],"about":[{"href":"https:\/\/fundaciosetba.org\/es\/wp-json\/wp\/v2\/types\/post"}],"author":[{"embeddable":true,"href":"https:\/\/fundaciosetba.org\/es\/wp-json\/wp\/v2\/users\/1"}],"replies":[{"embeddable":true,"href":"https:\/\/fundaciosetba.org\/es\/wp-json\/wp\/v2\/comments?post=35964"}],"version-history":[{"count":1,"href":"https:\/\/fundaciosetba.org\/es\/wp-json\/wp\/v2\/posts\/35964\/revisions"}],"predecessor-version":[{"id":35965,"href":"https:\/\/fundaciosetba.org\/es\/wp-json\/wp\/v2\/posts\/35964\/revisions\/35965"}],"wp:featuredmedia":[{"embeddable":true,"href":"https:\/\/fundaciosetba.org\/es\/wp-json\/wp\/v2\/media\/35885"}],"wp:attachment":[{"href":"https:\/\/fundaciosetba.org\/es\/wp-json\/wp\/v2\/media?parent=35964"}],"wp:term":[{"taxonomy":"category","embeddable":true,"href":"https:\/\/fundaciosetba.org\/es\/wp-json\/wp\/v2\/categories?post=35964"},{"taxonomy":"post_tag","embeddable":true,"href":"https:\/\/fundaciosetba.org\/es\/wp-json\/wp\/v2\/tags?post=35964"}],"curies":[{"name":"wp","href":"https:\/\/api.w.org\/{rel}","templated":true}]}}