{"id":35995,"date":"2024-03-01T12:08:53","date_gmt":"2024-03-01T11:08:53","guid":{"rendered":"https:\/\/fundaciosetba.org\/la-fotografa-iolanda-sebe-imparte-una-masterclass-en-el-centro-penitenciario-ponent-en-el-marco-del-proyecto-traspasando-el-objetivo\/"},"modified":"2024-03-07T12:23:23","modified_gmt":"2024-03-07T11:23:23","slug":"la-fotografa-iolanda-sebe-imparte-una-masterclass-en-el-centro-penitenciario-ponent-en-el-marco-del-proyecto-traspasando-el-objetivo","status":"publish","type":"post","link":"https:\/\/fundaciosetba.org\/es\/la-fotografa-iolanda-sebe-imparte-una-masterclass-en-el-centro-penitenciario-ponent-en-el-marco-del-proyecto-traspasando-el-objetivo\/","title":{"rendered":"La fot\u00f3grafa Iolanda Seb\u00e9 imparte una masterclass en el Centro Penitenciario Ponent, en el marco del proyecto &#8220;Traspasando el objetivo&#8221;"},"content":{"rendered":"<p>En cada edici\u00f3n del proyecto <em>Traspasando el objetivo<\/em> se invita a una de las fot\u00f3grafas que se ense\u00f1a durante el programa, para que conozcan de primera mano el proyecto impartiendo una <em>masterclass<\/em> para todo el grupo y, posteriormente, realizando una mentor\u00eda personalizada con una de las participantes al finalizar el taller.<\/p>\n<p><strong>En esta edici\u00f3n, se ha contado con la fot\u00f3grafa publicitaria leridana Iolanda Seb\u00e9, que ha mostrado a las internas su trabajo <em>Inked Ophelia<\/em> de 2016. <\/strong>Este programa busca utilizar la fotograf\u00eda como una herramienta transformadora, conectando con las experiencias personales de las mujeres y proporcion\u00e1ndoles una plataforma para expresarse de forma art\u00edstica.<\/p>\n<p><img loading=\"lazy\" decoding=\"async\" class=\"aligncenter wp-image-35837 \" src=\"https:\/\/fundaciosetba.org\/wp-content\/uploads\/2024\/03\/paisajes_min-1024x632.jpg\" alt=\"\" width=\"887\" height=\"547\" srcset=\"https:\/\/fundaciosetba.org\/wp-content\/uploads\/2024\/03\/paisajes_min-1024x632.jpg 1024w, https:\/\/fundaciosetba.org\/wp-content\/uploads\/2024\/03\/paisajes_min-300x185.jpg 300w, https:\/\/fundaciosetba.org\/wp-content\/uploads\/2024\/03\/paisajes_min-150x93.jpg 150w, https:\/\/fundaciosetba.org\/wp-content\/uploads\/2024\/03\/paisajes_min-600x371.jpg 600w, https:\/\/fundaciosetba.org\/wp-content\/uploads\/2024\/03\/paisajes_min.jpg 2000w\" sizes=\"auto, (max-width: 887px) 100vw, 887px\" \/><\/p>\n<p>La tem\u00e1tica de <em>Inked Ophelia<\/em> , donde una mujer tatuada se transforma en un paisaje poderoso, <strong>habla del empoderamiento y la transformaci\u00f3n personal<\/strong> . Este tema podr\u00eda resonar especialmente con quienes buscan una oportunidad de redimirse y transformarse en una versi\u00f3n m\u00e1s fuerte y aut\u00e9ntica de s\u00ed mismas.<\/p>\n<p>La narrativa central de <em>Inked Ophelia<\/em> destaca la lucha de la mujer por defender su identidad y val\u00eda personal. <strong>En un entorno penitenciario, donde la identidad y la autoestima pueden afectarse, este mensaje puede ser extraordinariamente relevante y motivador.<\/strong> La participaci\u00f3n en programas creativos como <em>Traspasando el Objetivo<\/em> puede ser un est\u00edmulo positivo para las mujeres del centro penitenciario. La presencia de Seb\u00e9 puede haber sido destinada a inspirarles a explorar su propia creatividad y utilizar la fotograf\u00eda como herramienta para expresarse.<\/p>\n<p>La reinterpretaci\u00f3n de Ophelia en su obra puede representar la posibilidad de cambio y nuevas perspectivas, temas que podr\u00edan ser relevantes e inspiradores por las internas que est\u00e1n en un proceso de reforma personal.<\/p>\n<div class=\"w-gallery fit_cover wp_gallery type_grid action_popup_image ratio_1x1 count_3\" style=\"--columns:3;--items-gap:8px;\"><div class=\"w-gallery-list\"><div class=\"w-gallery-item\"><div class=\"w-gallery-item-img\"><img loading=\"lazy\" decoding=\"async\" width=\"300\" height=\"300\" src=\"https:\/\/fundaciosetba.org\/wp-content\/uploads\/2024\/03\/ophelia_violant201510-300x300.jpg\" class=\"attachment-woocommerce_thumbnail size-woocommerce_thumbnail\" alt=\"\" srcset=\"https:\/\/fundaciosetba.org\/wp-content\/uploads\/2024\/03\/ophelia_violant201510-300x300.jpg 300w, https:\/\/fundaciosetba.org\/wp-content\/uploads\/2024\/03\/ophelia_violant201510-150x150.jpg 150w\" sizes=\"auto, (max-width: 300px) 100vw, 300px\" \/><\/div><a class=\"w-gallery-item-link\" aria-label=\"ophelia_violant201510\" href=\"https:\/\/fundaciosetba.org\/wp-content\/uploads\/2024\/03\/ophelia_violant201510-scaled.jpg\" title=\"ophelia_violant201510\"><\/a><\/div><div class=\"w-gallery-item\"><div class=\"w-gallery-item-img\"><img loading=\"lazy\" decoding=\"async\" width=\"300\" height=\"300\" src=\"https:\/\/fundaciosetba.org\/wp-content\/uploads\/2024\/03\/ophelia_violant2015003-300x300.jpg\" class=\"attachment-woocommerce_thumbnail size-woocommerce_thumbnail\" alt=\"\" srcset=\"https:\/\/fundaciosetba.org\/wp-content\/uploads\/2024\/03\/ophelia_violant2015003-300x300.jpg 300w, https:\/\/fundaciosetba.org\/wp-content\/uploads\/2024\/03\/ophelia_violant2015003-150x150.jpg 150w\" sizes=\"auto, (max-width: 300px) 100vw, 300px\" \/><\/div><a class=\"w-gallery-item-link\" aria-label=\"ophelia_violant2015003\" href=\"https:\/\/fundaciosetba.org\/wp-content\/uploads\/2024\/03\/ophelia_violant2015003-scaled.jpg\" title=\"ophelia_violant2015003\"><\/a><\/div><div class=\"w-gallery-item\"><div class=\"w-gallery-item-img\"><img loading=\"lazy\" decoding=\"async\" width=\"300\" height=\"300\" src=\"https:\/\/fundaciosetba.org\/wp-content\/uploads\/2024\/03\/ophelia_violant2015004-300x300.jpg\" class=\"attachment-woocommerce_thumbnail size-woocommerce_thumbnail\" alt=\"\" srcset=\"https:\/\/fundaciosetba.org\/wp-content\/uploads\/2024\/03\/ophelia_violant2015004-300x300.jpg 300w, https:\/\/fundaciosetba.org\/wp-content\/uploads\/2024\/03\/ophelia_violant2015004-150x150.jpg 150w\" sizes=\"auto, (max-width: 300px) 100vw, 300px\" \/><\/div><a class=\"w-gallery-item-link\" aria-label=\"ophelia_violant2015004\" href=\"https:\/\/fundaciosetba.org\/wp-content\/uploads\/2024\/03\/ophelia_violant2015004-scaled.jpg\" title=\"ophelia_violant2015004\"><\/a><\/div><\/div><\/div>\n<p>La decisi\u00f3n de Iolanda Seb\u00e9 de compartir su obra con las mujeres del Centro Penitenciario de Ponent no s\u00f3lo puede haber sido un acto de generosidad, sino tambi\u00e9n una oportunidad de conectar con estas mujeres a trav\u00e9s de su \u00fanica expresi\u00f3n art\u00edstica. La fotograf\u00eda, en este contexto, se convierte en un veh\u00edculo poderoso para la reflexi\u00f3n, transformaci\u00f3n y conexi\u00f3n humana.<\/p>\n<div class=\"w-gallery fit_cover wp_gallery type_grid action_popup_image ratio_1x1 count_3\" style=\"--columns:3;--items-gap:8px;\"><div class=\"w-gallery-list\"><div class=\"w-gallery-item\"><div class=\"w-gallery-item-img\"><img loading=\"lazy\" decoding=\"async\" width=\"300\" height=\"300\" src=\"https:\/\/fundaciosetba.org\/wp-content\/uploads\/2024\/03\/Fotografies-Neus-Ponent-2024-22-300x300.jpg\" class=\"attachment-woocommerce_thumbnail size-woocommerce_thumbnail\" alt=\"\" srcset=\"https:\/\/fundaciosetba.org\/wp-content\/uploads\/2024\/03\/Fotografies-Neus-Ponent-2024-22-300x300.jpg 300w, https:\/\/fundaciosetba.org\/wp-content\/uploads\/2024\/03\/Fotografies-Neus-Ponent-2024-22-150x150.jpg 150w\" sizes=\"auto, (max-width: 300px) 100vw, 300px\" \/><\/div><a class=\"w-gallery-item-link\" aria-label=\"Fotografies Neus Ponent 2024 (22)\" href=\"https:\/\/fundaciosetba.org\/wp-content\/uploads\/2024\/03\/Fotografies-Neus-Ponent-2024-22-scaled.jpg\" title=\"Fotografies Neus Ponent 2024 (22)\"><\/a><\/div><div class=\"w-gallery-item\"><div class=\"w-gallery-item-img\"><img loading=\"lazy\" decoding=\"async\" width=\"300\" height=\"300\" src=\"https:\/\/fundaciosetba.org\/wp-content\/uploads\/2024\/03\/Fotografies-Neus-Ponent-2024-24-300x300.jpg\" class=\"attachment-woocommerce_thumbnail size-woocommerce_thumbnail\" alt=\"\" srcset=\"https:\/\/fundaciosetba.org\/wp-content\/uploads\/2024\/03\/Fotografies-Neus-Ponent-2024-24-300x300.jpg 300w, https:\/\/fundaciosetba.org\/wp-content\/uploads\/2024\/03\/Fotografies-Neus-Ponent-2024-24-150x150.jpg 150w\" sizes=\"auto, (max-width: 300px) 100vw, 300px\" \/><\/div><a class=\"w-gallery-item-link\" aria-label=\"Fotografies Neus Ponent 2024 (24)\" href=\"https:\/\/fundaciosetba.org\/wp-content\/uploads\/2024\/03\/Fotografies-Neus-Ponent-2024-24-scaled.jpg\" title=\"Fotografies Neus Ponent 2024 (24)\"><\/a><\/div><div class=\"w-gallery-item\"><div class=\"w-gallery-item-img\"><img loading=\"lazy\" decoding=\"async\" width=\"300\" height=\"300\" src=\"https:\/\/fundaciosetba.org\/wp-content\/uploads\/2024\/03\/Fotografies-Neus-Ponent-2024-26-300x300.jpg\" class=\"attachment-woocommerce_thumbnail size-woocommerce_thumbnail\" alt=\"\" srcset=\"https:\/\/fundaciosetba.org\/wp-content\/uploads\/2024\/03\/Fotografies-Neus-Ponent-2024-26-300x300.jpg 300w, https:\/\/fundaciosetba.org\/wp-content\/uploads\/2024\/03\/Fotografies-Neus-Ponent-2024-26-150x150.jpg 150w\" sizes=\"auto, (max-width: 300px) 100vw, 300px\" \/><\/div><a class=\"w-gallery-item-link\" aria-label=\"Fotografies Neus Ponent 2024 (26)\" href=\"https:\/\/fundaciosetba.org\/wp-content\/uploads\/2024\/03\/Fotografies-Neus-Ponent-2024-26-scaled.jpg\" title=\"Fotografies Neus Ponent 2024 (26)\"><\/a><\/div><\/div><\/div>\n<p>Iolanda Seb\u00e9 (Lleida, 1976) tiene una s\u00f3lida formaci\u00f3n fotogr\u00e1fica. Ha trabajado muchos a\u00f1os en estudios de imagen y ya tiene una trayectoria de 19 a\u00f1os con empresa propia en el \u00e1mbito de la fotograf\u00eda. Compagina la labor profesional -fotograf\u00eda de empresa, imagen de marca y publicidad con una faceta m\u00e1s creativa. En este \u00faltimo apartado se pueden citar trabajos como los carteles para los festivales M\u00fasicas Dispersas (MUD), Noche Sonora o Dans\u00e0neu, reportajes de viajes, editoriales de moda para diferentes marcas o, tambi\u00e9n, su incursi\u00f3n en la fotograf\u00eda art\u00edstica. Con una marcada inclinaci\u00f3n hacia el retrato, su estilo es muy personal. Sus obras tienen siempre un matiz irreverente, on\u00edrico y atemporal.<\/p>\n<p><img loading=\"lazy\" decoding=\"async\" class=\"aligncenter size-us_600_400 wp-image-35958\" src=\"https:\/\/fundaciosetba.org\/wp-content\/uploads\/2024\/03\/Iolanda-Sebe-2-312x400.jpg\" alt=\"\" width=\"312\" height=\"400\" srcset=\"https:\/\/fundaciosetba.org\/wp-content\/uploads\/2024\/03\/Iolanda-Sebe-2-312x400.jpg 312w, https:\/\/fundaciosetba.org\/wp-content\/uploads\/2024\/03\/Iolanda-Sebe-2-234x300.jpg 234w, https:\/\/fundaciosetba.org\/wp-content\/uploads\/2024\/03\/Iolanda-Sebe-2-799x1024.jpg 799w, https:\/\/fundaciosetba.org\/wp-content\/uploads\/2024\/03\/Iolanda-Sebe-2-78x100.jpg 78w, https:\/\/fundaciosetba.org\/wp-content\/uploads\/2024\/03\/Iolanda-Sebe-2-600x769.jpg 600w, https:\/\/fundaciosetba.org\/wp-content\/uploads\/2024\/03\/Iolanda-Sebe-2.jpg 960w\" sizes=\"auto, (max-width: 312px) 100vw, 312px\" \/><\/p>\n<p>Actualmente, adem\u00e1s de participar en el proyecto <em>Traspasando el objetivo<\/em>, en el Festival municipal de Poes\u00eda de Lleida como comisaria de arte y en el proyecto <a href=\"https:\/\/donestransformadores.cat\">Mujeres transformadoras<\/a>, un proyecto de la delegaci\u00f3n del gobierno de la Generalidad de Lleida para dar visibilidad a las mujeres que transforman el mundo rural del territorio de Lleida.<\/p>\n<p>Sus obras forman parte del fondo de algunas colecciones e instituciones p\u00fablicas y privadas, como Caja oscura. Espacio Caballeros. L\u00e9rida, 2018; Reset, Exposici\u00f3n online Instituto de Estudios Ilerdenses. Lleida, 2020 durante la pandemia; Enmascaradas, exposici\u00f3n colectiva de la Diputaci\u00f3n de Lleida. L\u00e9rida, 2020; Geograf\u00edas, Sala LOLA, Lleida, 2015; Inked Ophelia. Palazzo del Senato, Espacio Carlo Paganini, Mil\u00e1n, 2016; Con otros ojos, Espacio Clasual. L\u00e9rida, 2016; Mia, Galer\u00eda Espai A47, Lleida, 2017; Una Habitaci\u00f3n propia, Sala G\u00f3tica del Instituto de Estudios Ilerdenses. L\u00e9rida, 2017; Iban todos a otro mar, Espai Cavallers. Lleida, 2019 junto a Anselm Ros, y como jurado Concurso fotogr\u00e1fico feminista Leo Pedrico. Lleida, 2018<\/p>\n<p>Fotograf\u00eda cabecera: Llu\u00eds Bull\u00f3n<br \/>\nFotograf\u00edas de la masterclass: Neus<\/p>\n","protected":false},"excerpt":{"rendered":"<p>En cada edici\u00f3n del proyecto Traspasando el objetivo se invita a una de las fot\u00f3grafas que se ense\u00f1a durante el programa, para que conozcan de primera mano el proyecto impartiendo una masterclass para todo el grupo y, posteriormente, realizando una mentor\u00eda personalizada con una de las participantes al finalizar el taller.<\/p>\n","protected":false},"author":1,"featured_media":35968,"comment_status":"closed","ping_status":"closed","sticky":false,"template":"","format":"standard","meta":{"footnotes":""},"categories":[1350],"tags":[],"class_list":["post-35995","post","type-post","status-publish","format-standard","has-post-thumbnail","hentry","category-traspasando-el-objetivo-es"],"_links":{"self":[{"href":"https:\/\/fundaciosetba.org\/es\/wp-json\/wp\/v2\/posts\/35995","targetHints":{"allow":["GET"]}}],"collection":[{"href":"https:\/\/fundaciosetba.org\/es\/wp-json\/wp\/v2\/posts"}],"about":[{"href":"https:\/\/fundaciosetba.org\/es\/wp-json\/wp\/v2\/types\/post"}],"author":[{"embeddable":true,"href":"https:\/\/fundaciosetba.org\/es\/wp-json\/wp\/v2\/users\/1"}],"replies":[{"embeddable":true,"href":"https:\/\/fundaciosetba.org\/es\/wp-json\/wp\/v2\/comments?post=35995"}],"version-history":[{"count":1,"href":"https:\/\/fundaciosetba.org\/es\/wp-json\/wp\/v2\/posts\/35995\/revisions"}],"predecessor-version":[{"id":35996,"href":"https:\/\/fundaciosetba.org\/es\/wp-json\/wp\/v2\/posts\/35995\/revisions\/35996"}],"wp:featuredmedia":[{"embeddable":true,"href":"https:\/\/fundaciosetba.org\/es\/wp-json\/wp\/v2\/media\/35968"}],"wp:attachment":[{"href":"https:\/\/fundaciosetba.org\/es\/wp-json\/wp\/v2\/media?parent=35995"}],"wp:term":[{"taxonomy":"category","embeddable":true,"href":"https:\/\/fundaciosetba.org\/es\/wp-json\/wp\/v2\/categories?post=35995"},{"taxonomy":"post_tag","embeddable":true,"href":"https:\/\/fundaciosetba.org\/es\/wp-json\/wp\/v2\/tags?post=35995"}],"curies":[{"name":"wp","href":"https:\/\/api.w.org\/{rel}","templated":true}]}}