{"id":36029,"date":"2024-03-07T16:21:17","date_gmt":"2024-03-07T15:21:17","guid":{"rendered":"https:\/\/fundaciosetba.org\/fotografias-de-mujeres-internas-en-centros-penitenciarios-se-exponen-en-el-photo-forum-fest\/"},"modified":"2024-03-07T17:03:38","modified_gmt":"2024-03-07T16:03:38","slug":"fotografias-de-mujeres-internas-en-centros-penitenciarios-se-exponen-en-el-photo-forum-fest","status":"publish","type":"post","link":"https:\/\/fundaciosetba.org\/es\/fotografias-de-mujeres-internas-en-centros-penitenciarios-se-exponen-en-el-photo-forum-fest\/","title":{"rendered":"Fotograf\u00edas de mujeres internas en centros penitenciarios se exponen en el Photo Forum Fest"},"content":{"rendered":"<p><strong>Diecis\u00e9is fotograf\u00edas de internas en centros penitenciarios de Catalu\u00f1a salen a la luz y se exponen, por primera vez, en el Photo Forum Fest.<\/strong><\/p>\n<p>La exposici\u00f3n <em>Mujer, fotograf\u00eda, prisi\u00f3n<\/em> es una selecci\u00f3n de fotograf\u00edas que se han hecho en los centros Brians 1 y Wad-Ras dentro de la actividad de mentor\u00edas del proyecto <em>Traspasando el objetivo, <\/em>en el que <strong>han colaborado las fot\u00f3grafas Sandra Balsells, Tanit Plana, Marta F\u00e0bregas y Laura G\u00e1lvez-Rhein<\/strong>, quienes han impartido unas mentor\u00edas personalizadas con las participantes del proyecto.<\/p>\n<p>Las fotograf\u00edas retratan diferentes espacios y momentos que se viven en las c\u00e1rceles, como por ejemplo: el trabajo en prisi\u00f3n, 24 horas en Wad-Ras, mitos y ritos y la cultura en prisi\u00f3n. <strong>Todos ellos pueden verse del 13 al 15 de marzo en el <a href=\"https:\/\/www.photoforumbarcelona.com\/\">Festival Photo Forum Barcelona<\/a> en el Palacio de Congresos de Barcelona<\/strong> (Feria de Barcelona, \u200b\u200bMontjuic).<\/p>\n<div class=\"w-gallery fit_cover wp_gallery type_grid action_popup_image ratio_1x1 count_3\" style=\"--columns:3;--items-gap:8px;\"><div class=\"w-gallery-list\"><div class=\"w-gallery-item\"><div class=\"w-gallery-item-img\"><img loading=\"lazy\" decoding=\"async\" width=\"150\" height=\"150\" src=\"https:\/\/fundaciosetba.org\/wp-content\/uploads\/2024\/03\/1082460-copia-150x150.jpg\" class=\"attachment-thumbnail size-thumbnail\" alt=\"\" srcset=\"https:\/\/fundaciosetba.org\/wp-content\/uploads\/2024\/03\/1082460-copia-150x150.jpg 150w, https:\/\/fundaciosetba.org\/wp-content\/uploads\/2024\/03\/1082460-copia-300x300.jpg 300w\" sizes=\"auto, (max-width: 150px) 100vw, 150px\" \/><\/div><div class=\"w-gallery-item-meta\"><div class=\"w-gallery-item-title\">\u00a9Sofia K.<\/div><\/div><a class=\"w-gallery-item-link\" aria-label=\"\u00a9Sofia K.\" href=\"https:\/\/fundaciosetba.org\/wp-content\/uploads\/2024\/03\/1082460-copia-scaled.jpg\" title=\"\u00a9Sofia K.\"><\/a><\/div><div class=\"w-gallery-item\"><div class=\"w-gallery-item-img\"><img loading=\"lazy\" decoding=\"async\" width=\"150\" height=\"150\" src=\"https:\/\/fundaciosetba.org\/wp-content\/uploads\/2024\/03\/alex-50x70-_1-150x150.jpg\" class=\"attachment-thumbnail size-thumbnail\" alt=\"\" srcset=\"https:\/\/fundaciosetba.org\/wp-content\/uploads\/2024\/03\/alex-50x70-_1-150x150.jpg 150w, https:\/\/fundaciosetba.org\/wp-content\/uploads\/2024\/03\/alex-50x70-_1-300x300.jpg 300w\" sizes=\"auto, (max-width: 150px) 100vw, 150px\" \/><\/div><div class=\"w-gallery-item-meta\"><div class=\"w-gallery-item-title\">\u00a9Alex L.<\/div><\/div><a class=\"w-gallery-item-link\" aria-label=\"\u00a9Alex L.\" href=\"https:\/\/fundaciosetba.org\/wp-content\/uploads\/2024\/03\/alex-50x70-_1-scaled.jpg\" title=\"\u00a9Alex L.\"><\/a><\/div><div class=\"w-gallery-item\"><div class=\"w-gallery-item-img\"><img loading=\"lazy\" decoding=\"async\" width=\"150\" height=\"150\" src=\"https:\/\/fundaciosetba.org\/wp-content\/uploads\/2024\/03\/bea-50x70_1-150x150.jpg\" class=\"attachment-thumbnail size-thumbnail\" alt=\"\" srcset=\"https:\/\/fundaciosetba.org\/wp-content\/uploads\/2024\/03\/bea-50x70_1-150x150.jpg 150w, https:\/\/fundaciosetba.org\/wp-content\/uploads\/2024\/03\/bea-50x70_1-300x300.jpg 300w\" sizes=\"auto, (max-width: 150px) 100vw, 150px\" \/><\/div><div class=\"w-gallery-item-meta\"><div class=\"w-gallery-item-title\">\u00a9Bea D.<\/div><\/div><a class=\"w-gallery-item-link\" aria-label=\"\u00a9Bea D.\" href=\"https:\/\/fundaciosetba.org\/wp-content\/uploads\/2024\/03\/bea-50x70_1-scaled.jpg\" title=\"\u00a9Bea D.\"><\/a><\/div><\/div><\/div>\n<p>&nbsp;<\/p>\n<p>El proyecto <em>Traspasando el objetivo<\/em> tiene la voluntad de <strong>mejorar la autoestima de las participantes mediante la imagen y la adquisici\u00f3n de conocimientos<\/strong> , generar oportunidades de trabajo y visibilizar a este colectivo, que s\u00f3lo representa el 6% de la poblaci\u00f3n penitenciaria .<\/p>\n<p>Hasta ahora, han participado 131 mujeres de los centros penitenciarios Brians 1 (Sant Esteve Sesrovires) y Wad-Ras (Barcelona), que han realizado <strong>70 sesiones y 105 horas de formaci\u00f3n, disparando m\u00e1s de 25.000 fotograf\u00edas con c\u00e1maras PANASONIC LUMIX DC-FZ83<\/strong> .<\/p>\n<p>Las participantes con mayor aptitud y actitud son mentorizadas por fot\u00f3grafas profesionales, y PANASONIC les presta un malet\u00edn<br \/>\nfotogr\u00e1fico profesional para realizar los reportajes, una peque\u00f1a parte de los cuales se pueden ver en esta exposici\u00f3n.<\/p>\n<p><img loading=\"lazy\" decoding=\"async\" class=\"aligncenter size-full wp-image-36024\" src=\"https:\/\/fundaciosetba.org\/wp-content\/uploads\/2024\/03\/marta-fabregas-.png\" alt=\"\" width=\"502\" height=\"317\" srcset=\"https:\/\/fundaciosetba.org\/wp-content\/uploads\/2024\/03\/marta-fabregas-.png 502w, https:\/\/fundaciosetba.org\/wp-content\/uploads\/2024\/03\/marta-fabregas--300x189.png 300w, https:\/\/fundaciosetba.org\/wp-content\/uploads\/2024\/03\/marta-fabregas--150x95.png 150w\" sizes=\"auto, (max-width: 502px) 100vw, 502px\" \/><\/p>\n<p>Adem\u00e1s, el 14 de marzo de 14:30 a 15:00 horas, <strong>la directora art\u00edstica del proyecto Marta F\u00e0bregas, lleva a cabo una presentaci\u00f3n sobre la fotograf\u00eda como herramienta de transformaci\u00f3n social y el uso de la TRANSFOTOGRAF\u00cdA<\/strong>, t\u00e9cnica art\u00edstica utilizada por F\u00e0bregas, herramienta de transformaci\u00f3n social que combina arte, trabajo interno e impacto externo. Sus obras celebran la valent\u00eda de las mujeres, abrazan la imperfecci\u00f3n y reflexionan sobre la dignidad femenina.<\/p>\n<p style=\"text-align: center;\"><a href=\"https:\/\/www.eventbrite.com\/e\/entradas-photo-forum-fest-2024-754457922957\"><strong>PARA ADQUIRIR LOS PASOS GRATUITOS EN LA FERIA<\/strong><\/a><\/p>\n<p><img loading=\"lazy\" decoding=\"async\" class=\"size-us_600_400 wp-image-36007 aligncenter\" src=\"https:\/\/fundaciosetba.org\/wp-content\/uploads\/2024\/03\/Manual_difusion_PF_2024_entrades-600x345.jpg\" alt=\"\" width=\"600\" height=\"345\" srcset=\"https:\/\/fundaciosetba.org\/wp-content\/uploads\/2024\/03\/Manual_difusion_PF_2024_entrades-600x345.jpg 600w, https:\/\/fundaciosetba.org\/wp-content\/uploads\/2024\/03\/Manual_difusion_PF_2024_entrades-300x173.jpg 300w, https:\/\/fundaciosetba.org\/wp-content\/uploads\/2024\/03\/Manual_difusion_PF_2024_entrades-150x86.jpg 150w, https:\/\/fundaciosetba.org\/wp-content\/uploads\/2024\/03\/Manual_difusion_PF_2024_entrades.jpg 766w\" sizes=\"auto, (max-width: 600px) 100vw, 600px\" \/><\/p>\n<p>La Fundaci\u00f3n Setba cree firmemente que la cultura es un derecho universal, que debe llegar a todos, tambi\u00e9n a las mujeres internas en centros penitenciarios.<\/p>\n<p>La exposici\u00f3n est\u00e1 organizada por Panasonic &#8211; Lumix con la colaboraci\u00f3n de la Fundaci\u00f3n Setba, Bizcabar Patrimoni, Copia Lab, Departamento de Justicia, Derechos y Memoria, Departamento de Igualdad y Feminismos y el Instituto de Estudios Fotogr\u00e1ficos de Catalu\u00f1a.<\/p>\n<p>Fot\u00f3grafas: Sof\u00eda K., Diama T., Bea D., Nati S., Briggith M., Kimberly C., Alex L. y Teresa Z.<br \/>\nMentores: Sandra Balsells, Marta F\u00e0bregas, Laura G\u00e1lvez-Rhein y Tanit Plana<\/p>\n","protected":false},"excerpt":{"rendered":"<p>Diecis\u00e9is fotograf\u00edas de internas en centros penitenciarios de Catalu\u00f1a salen a la luz y se exponen, por primera vez, en el Photo Forum Fest, del 13 al 15 de marzo de 2024.<\/p>\n","protected":false},"author":1,"featured_media":36030,"comment_status":"closed","ping_status":"closed","sticky":false,"template":"","format":"standard","meta":{"footnotes":""},"categories":[1350],"tags":[],"class_list":["post-36029","post","type-post","status-publish","format-standard","has-post-thumbnail","hentry","category-traspasando-el-objetivo-es"],"_links":{"self":[{"href":"https:\/\/fundaciosetba.org\/es\/wp-json\/wp\/v2\/posts\/36029","targetHints":{"allow":["GET"]}}],"collection":[{"href":"https:\/\/fundaciosetba.org\/es\/wp-json\/wp\/v2\/posts"}],"about":[{"href":"https:\/\/fundaciosetba.org\/es\/wp-json\/wp\/v2\/types\/post"}],"author":[{"embeddable":true,"href":"https:\/\/fundaciosetba.org\/es\/wp-json\/wp\/v2\/users\/1"}],"replies":[{"embeddable":true,"href":"https:\/\/fundaciosetba.org\/es\/wp-json\/wp\/v2\/comments?post=36029"}],"version-history":[{"count":1,"href":"https:\/\/fundaciosetba.org\/es\/wp-json\/wp\/v2\/posts\/36029\/revisions"}],"predecessor-version":[{"id":36033,"href":"https:\/\/fundaciosetba.org\/es\/wp-json\/wp\/v2\/posts\/36029\/revisions\/36033"}],"wp:featuredmedia":[{"embeddable":true,"href":"https:\/\/fundaciosetba.org\/es\/wp-json\/wp\/v2\/media\/36030"}],"wp:attachment":[{"href":"https:\/\/fundaciosetba.org\/es\/wp-json\/wp\/v2\/media?parent=36029"}],"wp:term":[{"taxonomy":"category","embeddable":true,"href":"https:\/\/fundaciosetba.org\/es\/wp-json\/wp\/v2\/categories?post=36029"},{"taxonomy":"post_tag","embeddable":true,"href":"https:\/\/fundaciosetba.org\/es\/wp-json\/wp\/v2\/tags?post=36029"}],"curies":[{"name":"wp","href":"https:\/\/api.w.org\/{rel}","templated":true}]}}