{"id":36112,"date":"2024-03-19T10:50:38","date_gmt":"2024-03-19T09:50:38","guid":{"rendered":"https:\/\/fundaciosetba.org\/tres-obras-del-premio-setba-se-venden-en-el-salon-de-arte-moderno-de-madrid\/"},"modified":"2024-03-20T10:23:48","modified_gmt":"2024-03-20T09:23:48","slug":"tres-obras-del-premio-setba-se-venden-en-el-salon-de-arte-moderno-de-madrid","status":"publish","type":"post","link":"https:\/\/fundaciosetba.org\/es\/tres-obras-del-premio-setba-se-venden-en-el-salon-de-arte-moderno-de-madrid\/","title":{"rendered":"Tres obras del Premio Setba se venden en el Sal\u00f3n de Arte Moderno de Madrid"},"content":{"rendered":"<p><strong><em>Transexualidad<\/em> de Noelia Bernal, <em>Caminos<\/em> de Ra\u00fal S\u00e1nchez y <em>La lluvia<\/em> de Flora Gonz\u00e1lez han sido las obras vendidas durante el Sal\u00f3n de Arte Moderno<\/strong> (SAM), que se celebr\u00f3 del 6 al 10 de marzo en la Fundaci\u00f3n Carlos de Amberes de Madrid, y que recibi\u00f3 la visita de 10.500 personas.<\/p>\n<div class=\"w-gallery fit_cover wp_gallery type_grid action_popup_image ratio_1x1 count_3\" style=\"--columns:3;--items-gap:8px;\"><div class=\"w-gallery-list\"><div class=\"w-gallery-item\"><div class=\"w-gallery-item-img\"><img loading=\"lazy\" decoding=\"async\" width=\"268\" height=\"400\" src=\"https:\/\/fundaciosetba.org\/wp-content\/uploads\/2024\/03\/FUNDACION-SETBA-CAMINOS-RAUL-SANCHEZ-1-268x400.jpeg\" class=\"attachment-us_600_400 size-us_600_400\" alt=\"\" srcset=\"https:\/\/fundaciosetba.org\/wp-content\/uploads\/2024\/03\/FUNDACION-SETBA-CAMINOS-RAUL-SANCHEZ-1-268x400.jpeg 268w, https:\/\/fundaciosetba.org\/wp-content\/uploads\/2024\/03\/FUNDACION-SETBA-CAMINOS-RAUL-SANCHEZ-1-201x300.jpeg 201w, https:\/\/fundaciosetba.org\/wp-content\/uploads\/2024\/03\/FUNDACION-SETBA-CAMINOS-RAUL-SANCHEZ-1-685x1024.jpeg 685w, https:\/\/fundaciosetba.org\/wp-content\/uploads\/2024\/03\/FUNDACION-SETBA-CAMINOS-RAUL-SANCHEZ-1-67x100.jpeg 67w, https:\/\/fundaciosetba.org\/wp-content\/uploads\/2024\/03\/FUNDACION-SETBA-CAMINOS-RAUL-SANCHEZ-1-600x896.jpeg 600w, https:\/\/fundaciosetba.org\/wp-content\/uploads\/2024\/03\/FUNDACION-SETBA-CAMINOS-RAUL-SANCHEZ-1.jpeg 986w\" sizes=\"auto, (max-width: 268px) 100vw, 268px\" \/><\/div><div class=\"w-gallery-item-meta\"><div class=\"w-gallery-item-title\">Caminos de Raul S\u00e1nchez, Autorretrato de Sergio Lechuga, Escaleras arriba y abajo de Jenifer Serrano, El p\u00e1jaro \u00c0ngel P\u00e9rez, Viva la Vida de Cristian Barrachina i La lluvia de Flora Gonz\u00e1lez.<\/div><\/div><a class=\"w-gallery-item-link\" aria-label=\"Caminos de Raul S\u00e1nchez, Autorretrato de Sergio Lechuga, Escaleras arriba y abajo de Jenifer Serrano, El p\u00e1jaro \u00c0ngel P\u00e9rez, Viva la Vida de Cristian Barrachina i La lluvia de Flora Gonz\u00e1lez.\" href=\"https:\/\/fundaciosetba.org\/wp-content\/uploads\/2024\/03\/FUNDACION-SETBA-CAMINOS-RAUL-SANCHEZ-1.jpeg\" title=\"Caminos de Raul S\u00e1nchez, Autorretrato de Sergio Lechuga, Escaleras arriba y abajo de Jenifer Serrano, El p\u00e1jaro \u00c0ngel P\u00e9rez, Viva la Vida de Cristian Barrachina i La lluvia de Flora Gonz\u00e1lez.\"><\/a><\/div><div class=\"w-gallery-item\"><div class=\"w-gallery-item-img\"><img loading=\"lazy\" decoding=\"async\" width=\"286\" height=\"400\" src=\"https:\/\/fundaciosetba.org\/wp-content\/uploads\/2024\/03\/Lafotografica_43B4134-286x400.jpg\" class=\"attachment-us_600_400 size-us_600_400\" alt=\"\" srcset=\"https:\/\/fundaciosetba.org\/wp-content\/uploads\/2024\/03\/Lafotografica_43B4134-286x400.jpg 286w, https:\/\/fundaciosetba.org\/wp-content\/uploads\/2024\/03\/Lafotografica_43B4134-214x300.jpg 214w, https:\/\/fundaciosetba.org\/wp-content\/uploads\/2024\/03\/Lafotografica_43B4134-731x1024.jpg 731w, https:\/\/fundaciosetba.org\/wp-content\/uploads\/2024\/03\/Lafotografica_43B4134-71x100.jpg 71w, https:\/\/fundaciosetba.org\/wp-content\/uploads\/2024\/03\/Lafotografica_43B4134-600x840.jpg 600w, https:\/\/fundaciosetba.org\/wp-content\/uploads\/2024\/03\/Lafotografica_43B4134.jpg 771w\" sizes=\"auto, (max-width: 286px) 100vw, 286px\" \/><\/div><div class=\"w-gallery-item-meta\"><div class=\"w-gallery-item-title\">Transexualidad de Noelia Bernal, Recuerdo de un sue\u00f1o de Rosa Pardo, <\/div><\/div><a class=\"w-gallery-item-link\" aria-label=\"Transexualidad de Noelia Bernal, Recuerdo de un sue\u00f1o de Rosa Pardo, \" href=\"https:\/\/fundaciosetba.org\/wp-content\/uploads\/2024\/03\/Lafotografica_43B4134.jpg\" title=\"Transexualidad de Noelia Bernal, Recuerdo de un sue\u00f1o de Rosa Pardo, \"><\/a><\/div><div class=\"w-gallery-item\"><div class=\"w-gallery-item-img\"><img loading=\"lazy\" decoding=\"async\" width=\"282\" height=\"400\" src=\"https:\/\/fundaciosetba.org\/wp-content\/uploads\/2024\/03\/807-282x400.jpg\" class=\"attachment-us_600_400 size-us_600_400\" alt=\"\" srcset=\"https:\/\/fundaciosetba.org\/wp-content\/uploads\/2024\/03\/807-282x400.jpg 282w, https:\/\/fundaciosetba.org\/wp-content\/uploads\/2024\/03\/807-212x300.jpg 212w, https:\/\/fundaciosetba.org\/wp-content\/uploads\/2024\/03\/807-723x1024.jpg 723w, https:\/\/fundaciosetba.org\/wp-content\/uploads\/2024\/03\/807-71x100.jpg 71w, https:\/\/fundaciosetba.org\/wp-content\/uploads\/2024\/03\/807-600x850.jpg 600w, https:\/\/fundaciosetba.org\/wp-content\/uploads\/2024\/03\/807-scaled.jpg 1807w\" sizes=\"auto, (max-width: 282px) 100vw, 282px\" \/><\/div><div class=\"w-gallery-item-meta\"><div class=\"w-gallery-item-title\">La lluvia de Flora Gonz\u00e1lez<\/div><\/div><a class=\"w-gallery-item-link\" aria-label=\"La lluvia de Flora Gonz\u00e1lez\" href=\"https:\/\/fundaciosetba.org\/wp-content\/uploads\/2024\/03\/807-scaled.jpg\" title=\"La lluvia de Flora Gonz\u00e1lez\"><\/a><\/div><\/div><\/div>\n<p>&nbsp;<\/p>\n<p>El SAM, orientado a los amantes del arte ya los coleccionistas interesados \u200b\u200ben ver y adquirir obras de artistas de la vanguardia, invit\u00f3, por primera vez, a la Fundaci\u00f3n Setba a exponer diez de las obras finalistas del Premi Setba .<\/p>\n<p><strong>Junto con obras de Joaqu\u00edn Sorolla, Joan Mir\u00f3, Salvador Dal\u00ed o Pablo Picasso<\/strong> , la exposici\u00f3n de la Fundaci\u00f3n Setba pudieron verse las obras <em>Lo veo todo<\/em> de Abel Luengo, A<em>ra\u00f1a ragnarok<\/em> de \u00c1lex Ju\u00e1rez, <em>Transexualidad<\/em> de Noelia Bernal, <em>Recuerdo un sue\u00f1o<\/em> de Rosa Pardo, <em>Caminos<\/em> de Raul S\u00e1nchez, <em>Autorretrato<\/em> de Sergio Lechuga, E<em>scaleras llega y abajo<\/em> de Jenifer Serrano, <em>El p\u00e1jaro<\/em> \u00c1ngel P\u00e9rez, <em>Viva la Vida<\/em> de Cristian Barrachina y <em>La lluvia<\/em> de Flora Gonz\u00e1lez.<\/p>\n<p><img loading=\"lazy\" decoding=\"async\" class=\"aligncenter size-us_600_400 wp-image-36048\" src=\"https:\/\/fundaciosetba.org\/wp-content\/uploads\/2024\/03\/SAM-Premio-Setba-600x338.jpeg\" alt=\"\" width=\"600\" height=\"338\" srcset=\"https:\/\/fundaciosetba.org\/wp-content\/uploads\/2024\/03\/SAM-Premio-Setba-600x338.jpeg 600w, https:\/\/fundaciosetba.org\/wp-content\/uploads\/2024\/03\/SAM-Premio-Setba-300x169.jpeg 300w, https:\/\/fundaciosetba.org\/wp-content\/uploads\/2024\/03\/SAM-Premio-Setba-1024x576.jpeg 1024w, https:\/\/fundaciosetba.org\/wp-content\/uploads\/2024\/03\/SAM-Premio-Setba-150x84.jpeg 150w, https:\/\/fundaciosetba.org\/wp-content\/uploads\/2024\/03\/SAM-Premio-Setba.jpeg 1920w\" sizes=\"auto, (max-width: 600px) 100vw, 600px\" \/><\/p>\n<p>El objetivo del Premi Setba es <strong>reconocer el talento de los artistas con discapacidad, potenciarlos y dar visibilidad a sus obras<\/strong> mediante exposiciones (como la organizada por Pigment Gallery), la participaci\u00f3n en ferias de arte como SAM y colaboraciones con empresas como la plataforma de venta de l\u00e1minas Artesta y la bodega Lacrima Baccus, para la imagen de sus vinos.<\/p>\n<p>Entre sus personalidades, la directora de la Fundaci\u00f3n Setba, Cristina Sampere Fern\u00e1ndez, recibi\u00f3 la visita a la exposici\u00f3n del Premio Setba del se\u00f1or <strong>Ernest Urtasun Dom\u00e8nech, ministro de Cultura del Gobierno de Espa\u00f1a<\/strong> ; del<strong>alcalde de Madrid, don Jos\u00e9 Luis Mart\u00ednez-Almeida Navasq\u00fc\u00e9s<\/strong>; de la <strong>concejala presidenta del distrito de Salamanca, la se\u00f1ora M\u00aa Cayetana Hernandez De La Riva<\/strong>; del <strong>presidente de la Confederaci\u00f3n Espa\u00f1ola de Organizaciones Empresariales, don Antonio Garamendi<\/strong>; del <strong>periodista y presidente de la Fundaci\u00f3n Carlos de Amberes, don Miguel \u00c1ngel Aguilar<\/strong>; y del <strong>director del SAM, el se\u00f1or Jorge Alcolea<\/strong>.<\/p>\n<div class=\"w-gallery fit_cover wp_gallery type_grid action_popup_image ratio_1x1 count_3\" style=\"--columns:3;--items-gap:8px;\"><div class=\"w-gallery-list\"><div class=\"w-gallery-item\"><div class=\"w-gallery-item-img\"><img loading=\"lazy\" decoding=\"async\" width=\"300\" height=\"300\" src=\"https:\/\/fundaciosetba.org\/wp-content\/uploads\/2024\/03\/6_03_2024_SAM_M_CULTURA_52-300x300.jpg\" class=\"attachment-woocommerce_thumbnail size-woocommerce_thumbnail\" alt=\"\" srcset=\"https:\/\/fundaciosetba.org\/wp-content\/uploads\/2024\/03\/6_03_2024_SAM_M_CULTURA_52-300x300.jpg 300w, https:\/\/fundaciosetba.org\/wp-content\/uploads\/2024\/03\/6_03_2024_SAM_M_CULTURA_52-150x150.jpg 150w\" sizes=\"auto, (max-width: 300px) 100vw, 300px\" \/><\/div><a class=\"w-gallery-item-link\" aria-label=\"6_03_2024_SAM_M_CULTURA_52\" href=\"https:\/\/fundaciosetba.org\/wp-content\/uploads\/2024\/03\/6_03_2024_SAM_M_CULTURA_52-scaled.jpg\" title=\"6_03_2024_SAM_M_CULTURA_52\"><\/a><\/div><div class=\"w-gallery-item\"><div class=\"w-gallery-item-img\"><img loading=\"lazy\" decoding=\"async\" width=\"300\" height=\"300\" src=\"https:\/\/fundaciosetba.org\/wp-content\/uploads\/2024\/03\/4_03_2024_SAM_118-300x300.jpg\" class=\"attachment-woocommerce_thumbnail size-woocommerce_thumbnail\" alt=\"\" srcset=\"https:\/\/fundaciosetba.org\/wp-content\/uploads\/2024\/03\/4_03_2024_SAM_118-300x300.jpg 300w, https:\/\/fundaciosetba.org\/wp-content\/uploads\/2024\/03\/4_03_2024_SAM_118-150x150.jpg 150w\" sizes=\"auto, (max-width: 300px) 100vw, 300px\" \/><\/div><a class=\"w-gallery-item-link\" aria-label=\"4_03_2024_SAM_118\" href=\"https:\/\/fundaciosetba.org\/wp-content\/uploads\/2024\/03\/4_03_2024_SAM_118-scaled.jpg\" title=\"4_03_2024_SAM_118\"><\/a><\/div><div class=\"w-gallery-item\"><div class=\"w-gallery-item-img\"><img loading=\"lazy\" decoding=\"async\" width=\"300\" height=\"300\" src=\"https:\/\/fundaciosetba.org\/wp-content\/uploads\/2024\/03\/4_03_2024_SAM_40-300x300.jpg\" class=\"attachment-woocommerce_thumbnail size-woocommerce_thumbnail\" alt=\"\" srcset=\"https:\/\/fundaciosetba.org\/wp-content\/uploads\/2024\/03\/4_03_2024_SAM_40-300x300.jpg 300w, https:\/\/fundaciosetba.org\/wp-content\/uploads\/2024\/03\/4_03_2024_SAM_40-150x150.jpg 150w\" sizes=\"auto, (max-width: 300px) 100vw, 300px\" \/><\/div><a class=\"w-gallery-item-link\" aria-label=\"4_03_2024_SAM_40\" href=\"https:\/\/fundaciosetba.org\/wp-content\/uploads\/2024\/03\/4_03_2024_SAM_40-scaled.jpg\" title=\"4_03_2024_SAM_40\"><\/a><\/div><\/div><\/div>\n","protected":false},"excerpt":{"rendered":"<p>&#8220;Transexualidad&#8221; de Noelia Bernal, &#8220;Caminos&#8221; de Ra\u00fal S\u00e1nchez y &#8220;La lluvia&#8221; de Flora Gonz\u00e1lez han sido las obras vendidas durante el Sal\u00f3n de Arte Moderno (SAM), el cual recibi\u00f3 la visita de 10.500 personas.<\/p>\n","protected":false},"author":1,"featured_media":36071,"comment_status":"closed","ping_status":"closed","sticky":false,"template":"","format":"standard","meta":{"footnotes":""},"categories":[1352,1353],"tags":[],"class_list":["post-36112","post","type-post","status-publish","format-standard","has-post-thumbnail","hentry","category-magistrales-es","category-premio-setba-es"],"_links":{"self":[{"href":"https:\/\/fundaciosetba.org\/es\/wp-json\/wp\/v2\/posts\/36112","targetHints":{"allow":["GET"]}}],"collection":[{"href":"https:\/\/fundaciosetba.org\/es\/wp-json\/wp\/v2\/posts"}],"about":[{"href":"https:\/\/fundaciosetba.org\/es\/wp-json\/wp\/v2\/types\/post"}],"author":[{"embeddable":true,"href":"https:\/\/fundaciosetba.org\/es\/wp-json\/wp\/v2\/users\/1"}],"replies":[{"embeddable":true,"href":"https:\/\/fundaciosetba.org\/es\/wp-json\/wp\/v2\/comments?post=36112"}],"version-history":[{"count":1,"href":"https:\/\/fundaciosetba.org\/es\/wp-json\/wp\/v2\/posts\/36112\/revisions"}],"predecessor-version":[{"id":36113,"href":"https:\/\/fundaciosetba.org\/es\/wp-json\/wp\/v2\/posts\/36112\/revisions\/36113"}],"wp:featuredmedia":[{"embeddable":true,"href":"https:\/\/fundaciosetba.org\/es\/wp-json\/wp\/v2\/media\/36071"}],"wp:attachment":[{"href":"https:\/\/fundaciosetba.org\/es\/wp-json\/wp\/v2\/media?parent=36112"}],"wp:term":[{"taxonomy":"category","embeddable":true,"href":"https:\/\/fundaciosetba.org\/es\/wp-json\/wp\/v2\/categories?post=36112"},{"taxonomy":"post_tag","embeddable":true,"href":"https:\/\/fundaciosetba.org\/es\/wp-json\/wp\/v2\/tags?post=36112"}],"curies":[{"name":"wp","href":"https:\/\/api.w.org\/{rel}","templated":true}]}}