{"id":36198,"date":"2024-03-21T09:50:38","date_gmt":"2024-03-21T08:50:38","guid":{"rendered":"https:\/\/fundaciosetba.org\/conoce-las-nueve-fotografas-que-se-ensenan-durante-el-proyecto-traspasando-el-objetivo\/"},"modified":"2024-03-22T09:56:58","modified_gmt":"2024-03-22T08:56:58","slug":"conoce-las-nueve-fotografas-que-se-ensenan-durante-el-proyecto-traspasando-el-objetivo","status":"publish","type":"post","link":"https:\/\/fundaciosetba.org\/es\/conoce-las-nueve-fotografas-que-se-ensenan-durante-el-proyecto-traspasando-el-objetivo\/","title":{"rendered":"Conoce las nueve fot\u00f3grafas que se ense\u00f1an durante el proyecto &#8220;Traspasando el objetivo&#8221;"},"content":{"rendered":"<p>Ya hace un par de a\u00f1os que la Fundaci\u00f3n Setba, dentro del proyecto fotogr\u00e1fico <em>Traspasando el objetivo<\/em> , realizado en varios centros penitenciarios de Catalu\u00f1a, da a conocer a diferentes mujeres fot\u00f3grafas.<\/p>\n<p>Esta iniciativa nace con la voluntad de ampliar los conocimientos de las mujeres internas, pero no s\u00f3lo con la adquisici\u00f3n del saber del funcionamiento de una c\u00e1mara, sino tambi\u00e9n con el conocimiento de mujeres fot\u00f3grafas de referencia para reconocerlas y, gracias a ellas, inspirarse y empoderarse con sus trabajos.<\/p>\n<p>Este 2024, se les habla de nueve fot\u00f3grafas de gran trayectoria:  <strong>Laia Abril<\/strong> (Premio Nacional de Fotograf\u00eda 2023),  <strong>Sandra Balsells<\/strong> (Premio Ortega y Gasset 2006),  <strong>Isabel Steva \u201cColita\u201d<\/strong> (Premio Nacional de Fotograf\u00eda 2014), que desgraciadamente nos dej\u00f3 este a\u00f1o;  <strong>Maria Espeus<\/strong> (Premio Nacional de Cultura 2017),  <strong>Laura G\u00e1lvez-Rhein<\/strong> , <strong>Tanit Plana<\/strong> (Premio FotoPress&#8217;01 y Premio Descubrimientos PhotoEspa\u00f1a 2003), <strong>Iolanda Seb\u00e9<\/strong> , <strong>Mayte Vieta<\/strong> , y la misma directora del proyecto, <strong>Marta F\u00e0bregas<\/strong> .<\/p>\n<p>Este a\u00f1o, se ha empezado en el centro penitenciario Ponent (primera edici\u00f3n) y se tiene la previsi\u00f3n de ir, tambi\u00e9n, a Wad-Ras (edici\u00f3n 3) ya Brians 1 (edici\u00f3n 7).<\/p>\n<p><strong>Laia Abril (Barcelona, \u200b\u200b1986)<\/strong><\/p>\n<div class=\"w-gallery fit_cover wp_gallery type_grid action_popup_image ratio_1x1 count_2\" style=\"--columns:2;--items-gap:8px;\"><div class=\"w-gallery-list\"><div class=\"w-gallery-item\"><div class=\"w-gallery-item-img\"><img loading=\"lazy\" decoding=\"async\" width=\"333\" height=\"400\" src=\"https:\/\/fundaciosetba.org\/wp-content\/uploads\/2024\/03\/PORTRAIT-LAIA-ABRIL-333x400.jpg\" class=\"attachment-us_600_400 size-us_600_400\" alt=\"\" srcset=\"https:\/\/fundaciosetba.org\/wp-content\/uploads\/2024\/03\/PORTRAIT-LAIA-ABRIL-333x400.jpg 333w, https:\/\/fundaciosetba.org\/wp-content\/uploads\/2024\/03\/PORTRAIT-LAIA-ABRIL-249x300.jpg 249w, https:\/\/fundaciosetba.org\/wp-content\/uploads\/2024\/03\/PORTRAIT-LAIA-ABRIL-851x1024.jpg 851w, https:\/\/fundaciosetba.org\/wp-content\/uploads\/2024\/03\/PORTRAIT-LAIA-ABRIL-83x100.jpg 83w, https:\/\/fundaciosetba.org\/wp-content\/uploads\/2024\/03\/PORTRAIT-LAIA-ABRIL-600x722.jpg 600w, https:\/\/fundaciosetba.org\/wp-content\/uploads\/2024\/03\/PORTRAIT-LAIA-ABRIL.jpg 2000w\" sizes=\"auto, (max-width: 333px) 100vw, 333px\" \/><\/div><a class=\"w-gallery-item-link\" aria-label=\"PORTRAIT LAIA ABRIL\" href=\"https:\/\/fundaciosetba.org\/wp-content\/uploads\/2024\/03\/PORTRAIT-LAIA-ABRIL.jpg\" title=\"PORTRAIT LAIA ABRIL\"><\/a><\/div><div class=\"w-gallery-item\"><div class=\"w-gallery-item-img\"><img loading=\"lazy\" decoding=\"async\" width=\"266\" height=\"400\" src=\"https:\/\/fundaciosetba.org\/wp-content\/uploads\/2024\/03\/01-The-Epilogue-Exhibition-Dossier_012-266x400.jpg\" class=\"attachment-us_600_400 size-us_600_400\" alt=\"\" srcset=\"https:\/\/fundaciosetba.org\/wp-content\/uploads\/2024\/03\/01-The-Epilogue-Exhibition-Dossier_012-266x400.jpg 266w, https:\/\/fundaciosetba.org\/wp-content\/uploads\/2024\/03\/01-The-Epilogue-Exhibition-Dossier_012-199x300.jpg 199w, https:\/\/fundaciosetba.org\/wp-content\/uploads\/2024\/03\/01-The-Epilogue-Exhibition-Dossier_012-66x100.jpg 66w, https:\/\/fundaciosetba.org\/wp-content\/uploads\/2024\/03\/01-The-Epilogue-Exhibition-Dossier_012.jpg 508w\" sizes=\"auto, (max-width: 266px) 100vw, 266px\" \/><\/div><a class=\"w-gallery-item-link\" aria-label=\"01 The Epilogue - Exhibition Dossier_012\" href=\"https:\/\/fundaciosetba.org\/wp-content\/uploads\/2024\/03\/01-The-Epilogue-Exhibition-Dossier_012.jpg\" title=\"01 The Epilogue - Exhibition Dossier_012\"><\/a><\/div><\/div><\/div>\n<p>Artista multidisciplinar que trabaja con fotograf\u00eda, texto, v\u00eddeo y sonido, en 2023 ha sido galardonada con el Premio Nacional de Fotograf\u00eda, el m\u00e1ximo reconocimiento del estado espa\u00f1ol. Ganadora del Visionary Award 2018 y autora de varios libros entre los que se incluyen las publicaciones <em>The Epilogue<\/em> y <em>On Abortion<\/em> . En 2016 fue galardonada con el Premio Revelaci\u00f3n Foto Espa\u00f1a, Fotopress Grant y el Prix Madame Figaro.<\/p>\n<p><em>The epilogue<\/em> (El ep\u00edlogo), 2013<\/p>\n<p>The Epilogue es una serie de fotograf\u00edas de Laia Abril, que documenta la historia de la familia Robinson y su hija Cammy, que muri\u00f3 a los 26 a\u00f1os de bulimia. Laia Abril vivi\u00f3 una temporada con esta familia, que tuvo que hacer frente a la culpa, al luto ya la frustraci\u00f3n por no detectar el problema. The Epilogue refleja el sufrimiento de la familia, que es la v\u00edctima indirecta de los trastornos alimenticios. Laia Abril, quien en su d\u00eda tambi\u00e9n luch\u00f3 contra la bulimia, ha trabajado, desde 2010, en varios proyectos relacionados con los trastornos de la alimentaci\u00f3n. The Epilogue es el trabajo final de la serie.<\/p>\n<p><strong>Sandra Balsells (Barcelona, 1966)<\/strong><\/p>\n<div class=\"w-gallery fit_cover wp_gallery type_grid action_popup_image ratio_1x1 count_2\" style=\"--columns:2;--items-gap:8px;\"><div class=\"w-gallery-list\"><div class=\"w-gallery-item\"><div class=\"w-gallery-item-img\"><img loading=\"lazy\" decoding=\"async\" width=\"300\" height=\"300\" src=\"https:\/\/fundaciosetba.org\/wp-content\/uploads\/2024\/03\/Sandra-by-David-Fabregas_Formentera-abril-2017_IMG_4522-baixa-300x300.jpg\" class=\"attachment-woocommerce_thumbnail size-woocommerce_thumbnail\" alt=\"\" srcset=\"https:\/\/fundaciosetba.org\/wp-content\/uploads\/2024\/03\/Sandra-by-David-Fabregas_Formentera-abril-2017_IMG_4522-baixa-300x300.jpg 300w, https:\/\/fundaciosetba.org\/wp-content\/uploads\/2024\/03\/Sandra-by-David-Fabregas_Formentera-abril-2017_IMG_4522-baixa-150x150.jpg 150w\" sizes=\"auto, (max-width: 300px) 100vw, 300px\" \/><\/div><a class=\"w-gallery-item-link\" aria-label=\"Sandra by David Fa\u0300bregas_Formentera abril 2017_IMG_4522 baixa\" href=\"https:\/\/fundaciosetba.org\/wp-content\/uploads\/2024\/03\/Sandra-by-David-Fabregas_Formentera-abril-2017_IMG_4522-baixa.jpg\" title=\"Sandra by David Fa\u0300bregas_Formentera abril 2017_IMG_4522 baixa\"><\/a><\/div><div class=\"w-gallery-item\"><div class=\"w-gallery-item-img\"><img loading=\"lazy\" decoding=\"async\" width=\"300\" height=\"300\" src=\"https:\/\/fundaciosetba.org\/wp-content\/uploads\/2024\/03\/Sandra-Balsells_Amra-Efica_R243C1F13-neta-300x300.jpg\" class=\"attachment-woocommerce_thumbnail size-woocommerce_thumbnail\" alt=\"\" srcset=\"https:\/\/fundaciosetba.org\/wp-content\/uploads\/2024\/03\/Sandra-Balsells_Amra-Efica_R243C1F13-neta-300x300.jpg 300w, https:\/\/fundaciosetba.org\/wp-content\/uploads\/2024\/03\/Sandra-Balsells_Amra-Efica_R243C1F13-neta-150x150.jpg 150w\" sizes=\"auto, (max-width: 300px) 100vw, 300px\" \/><\/div><a class=\"w-gallery-item-link\" aria-label=\"R243C1F13\" href=\"https:\/\/fundaciosetba.org\/wp-content\/uploads\/2024\/03\/Sandra-Balsells_Amra-Efica_R243C1F13-neta-scaled.jpg\" title=\"R243C1F13\"><\/a><\/div><\/div><\/div>\n<p>Balsells es fotoperiodista y combina este trabajo con la docencia de la fotograf\u00eda en la Universidad Ramon Llull desde 1995. En 1991, coincidiendo con el proceso de desintegraci\u00f3n de la antigua Yugoslavia, cubri\u00f3 el estallido de la guerra en Croacia como colaboradora freelance del diario brit\u00e1nico <em>The Times<\/em> . Es autora del libro Balkan in memoriam (Blume, 2002), un extenso recorrido fotogr\u00e1fico por la d\u00e9cada m\u00e1s convulsa de la antigua Yugoslavia, gracias al cual en 2006 fue galardonada con el premio Ortega y Gasset a la Mejor Tarea Informativa.<\/p>\n<p>Ha participado en m\u00e1s de cincuenta exposiciones individuales y colectivas y su obra figura en diversas colecciones p\u00fablicas y privadas. Ha colaborado con la Fundaci\u00f3 Setba en los proyectos  <em>DE LA SOMBRA A LA LUZ<\/em>, en el que retrat\u00f3 el d\u00eda a d\u00eda de Bibi, una mujer v\u00edctima de la violencia machista, y en 2021 fue mentora de Sof\u00eda Kyprisli, interna en el Centro Brians 1 y participante del proyecto  <em>TRASPASANDO EL OBJETIVO<\/em>. Pr\u00f3ximamente, la plataforma HBO Max estrenar\u00e1 un documental sobre los mejores fotoperiodistas mundiales, en el que le dedica uno de sus cap\u00edtulos.<\/p>\n<p><em>Amra Efica, 1993  <\/em><\/p>\n<p>Sandra Balsells fotografi\u00f3 a esta joven bosnia-musulmana, herida durante la guerra de Bosnia-Herzegovina, en Mostar. Cuenta la fot\u00f3grafa que toda la piel de la joven estaba perforada por muchas heridas provocadas por el estallido de un mortero. Estuvo a punto de no tomar la foto, pero intercambiaron una mirada, en la que la mujer herida mostraba cierta disposici\u00f3n. Balsells dispar\u00f3 dos veces, se acerc\u00f3, la acarici\u00f3 y se fue.<\/p>\n<p>Balsells hab\u00eda descartado ambas im\u00e1genes por su imperfecci\u00f3n t\u00e9cnica. Pero siete a\u00f1os despu\u00e9s, cuando preparaba su libro <em>Balkan in memoriam<\/em> , el rostro de Amra Efica, as\u00ed se llamaba la mujer herida, volvi\u00f3 a sobrecogerla, descubriendo la potencia de la imagen a pesar de la desolaci\u00f3n de la escena y la imperfecci\u00f3n t\u00e9cnica. Rescat\u00f3 la fotograf\u00eda, la incluy\u00f3 en el libro y desde entonces se ha convertido en un retrato con vida propia y ha desatado una hilera de historias y eventos. En 2003 Balsells se reencontr\u00f3 con Amra, que hab\u00eda sobrevivido ya ra\u00edz de ese reencuentro, surgi\u00f3 una amistad que dura hasta la fecha.<\/p>\n<p>*Fotograf\u00eda Sandra Balsells: <b>\u00a9<\/b> David F\u00e0bregas<\/p>\n<p><strong>Isabel Steva \u201cColita\u201d (Barcelona, \u200b\u200b1940-2024)<\/strong><\/p>\n<div class=\"w-gallery fit_cover wp_gallery type_grid action_popup_image ratio_1x1 count_2\" style=\"--columns:2;--items-gap:8px;\"><div class=\"w-gallery-list\"><div class=\"w-gallery-item\"><div class=\"w-gallery-item-img\"><img loading=\"lazy\" decoding=\"async\" width=\"541\" height=\"400\" src=\"https:\/\/fundaciosetba.org\/wp-content\/uploads\/2024\/03\/COLITAIsabelEsteva_MARTA-ALBERTI-C-1024x757-1-541x400.jpg\" class=\"attachment-us_600_400 size-us_600_400\" alt=\"\" srcset=\"https:\/\/fundaciosetba.org\/wp-content\/uploads\/2024\/03\/COLITAIsabelEsteva_MARTA-ALBERTI-C-1024x757-1-541x400.jpg 541w, https:\/\/fundaciosetba.org\/wp-content\/uploads\/2024\/03\/COLITAIsabelEsteva_MARTA-ALBERTI-C-1024x757-1-300x222.jpg 300w, https:\/\/fundaciosetba.org\/wp-content\/uploads\/2024\/03\/COLITAIsabelEsteva_MARTA-ALBERTI-C-1024x757-1-135x100.jpg 135w, https:\/\/fundaciosetba.org\/wp-content\/uploads\/2024\/03\/COLITAIsabelEsteva_MARTA-ALBERTI-C-1024x757-1-600x444.jpg 600w, https:\/\/fundaciosetba.org\/wp-content\/uploads\/2024\/03\/COLITAIsabelEsteva_MARTA-ALBERTI-C-1024x757-1.jpg 1024w\" sizes=\"auto, (max-width: 541px) 100vw, 541px\" \/><\/div><a class=\"w-gallery-item-link\" aria-label=\"COLITAIsabelEsteva_MARTA-ALBERTI\u0301-C-1024x757\" href=\"https:\/\/fundaciosetba.org\/wp-content\/uploads\/2024\/03\/COLITAIsabelEsteva_MARTA-ALBERTI-C-1024x757-1.jpg\" title=\"COLITAIsabelEsteva_MARTA-ALBERTI\u0301-C-1024x757\"><\/a><\/div><div class=\"w-gallery-item\"><div class=\"w-gallery-item-img\"><img loading=\"lazy\" decoding=\"async\" width=\"307\" height=\"400\" src=\"https:\/\/fundaciosetba.org\/wp-content\/uploads\/2024\/03\/Carmen-Amaya-en-Los-Tarantos.-Barcelona-1963-\u00a9-Archivo-Colita-Fotografia-307x400.jpg\" class=\"attachment-us_600_400 size-us_600_400\" alt=\"\" srcset=\"https:\/\/fundaciosetba.org\/wp-content\/uploads\/2024\/03\/Carmen-Amaya-en-Los-Tarantos.-Barcelona-1963-\u00a9-Archivo-Colita-Fotografia-307x400.jpg 307w, https:\/\/fundaciosetba.org\/wp-content\/uploads\/2024\/03\/Carmen-Amaya-en-Los-Tarantos.-Barcelona-1963-\u00a9-Archivo-Colita-Fotografia-230x300.jpg 230w, https:\/\/fundaciosetba.org\/wp-content\/uploads\/2024\/03\/Carmen-Amaya-en-Los-Tarantos.-Barcelona-1963-\u00a9-Archivo-Colita-Fotografia-786x1024.jpg 786w, https:\/\/fundaciosetba.org\/wp-content\/uploads\/2024\/03\/Carmen-Amaya-en-Los-Tarantos.-Barcelona-1963-\u00a9-Archivo-Colita-Fotografia-77x100.jpg 77w, https:\/\/fundaciosetba.org\/wp-content\/uploads\/2024\/03\/Carmen-Amaya-en-Los-Tarantos.-Barcelona-1963-\u00a9-Archivo-Colita-Fotografia-600x781.jpg 600w, https:\/\/fundaciosetba.org\/wp-content\/uploads\/2024\/03\/Carmen-Amaya-en-Los-Tarantos.-Barcelona-1963-\u00a9-Archivo-Colita-Fotografia-scaled.jpg 1966w\" sizes=\"auto, (max-width: 307px) 100vw, 307px\" \/><\/div><a class=\"w-gallery-item-link\" aria-label=\"Carmen Amaya en Los Tarantos. Barcelona 1963 \u00a9 Archivo Colita Fotograf\u00eda.\" href=\"https:\/\/fundaciosetba.org\/wp-content\/uploads\/2024\/03\/Carmen-Amaya-en-Los-Tarantos.-Barcelona-1963-\u00a9-Archivo-Colita-Fotografia-scaled.jpg\" title=\"Carmen Amaya en Los Tarantos. Barcelona 1963 \u00a9 Archivo Colita Fotograf\u00eda.\"><\/a><\/div><\/div><\/div>\n<p>Fot\u00f3grafa de larga trayectoria, aprendi\u00f3 el oficio de la mano de grandes fot\u00f3grafos como Maspons o Miserachs, con los que form\u00f3 parte de la generaci\u00f3n conocida como &#8220;la gauche divine&#8221;. Movimiento de intelectuales, profesionales y artistas de izquierdas que, junto a miembros de la burgues\u00eda catalana, se reun\u00edan en la discoteca &#8220;Bocaccio&#8221; de Barcelona durante la etapa final del franquismo. Colita ha retratado a grandes personajes del siglo XX, artistas, escritores, cantantes y ha colaborado en diferentes medios de comunicaci\u00f3n. En 2014 se le concedi\u00f3 el Premio Nacional de Fotograf\u00eda, premio que rechaz\u00f3 por la situaci\u00f3n de la cultura y la educaci\u00f3n en la Espa\u00f1a del ministro Wert y el presidente Rajoy. Su obra figura en la colecci\u00f3n del Museo Nacional de Arte de Catalunya y en la colecci\u00f3n permanente del Reina Sof\u00eda.<\/p>\n<p><em>Carmen Amaya en los Tarantos. Barcelona 1963<\/em><\/p>\n<p>En 1963, Colita trabaj\u00f3 en la pel\u00edcula &#8220;Los Tarantos&#8221; del director Rovira Beleta, rodada en Barcelona en la zona del Somorrostro, y que fue candidata al Oscar a la mejor pel\u00edcula de habla no inglesa. Colita se hizo amiga de su protagonista, la genial bailaora de flamenco Carmen Amaya, a la que fotografi\u00f3 en varias ocasiones. Esta fotograf\u00eda corresponde a un descanso del rodaje, en el que deb\u00eda bailar descalza con un fr\u00edo insufrible, por lo que cada vez que se paraba la grabaci\u00f3n, Amaya se pon\u00eda de inmediato el abrigo. La bailaora ten\u00eda una insuficiencia renal y la dureza del rodaje agrav\u00f3 su enfermedad. Muri\u00f3 poco despu\u00e9s de terminar la pel\u00edcula. Ten\u00eda 50 a\u00f1os. Carmen Amaya naci\u00f3 en una chabola en la playa del Somorrostro. El hecho de vivir junto al mar influy\u00f3 en su forma de bailar. &#8220;Mi vida y mi arte nacieron del mar. Mi primera idea del movimiento y de la danza me vino del ritmo de las olas&#8221;.<\/p>\n<p>*Fotograf\u00eda Colita: <b>\u00a9<\/b> Marta Albert\u00ed<\/p>\n<p><strong>Maria Espeus (Boras, Suecia 1949)<\/strong><\/p>\n<div class=\"w-gallery fit_cover wp_gallery type_grid action_popup_image ratio_1x1 count_2\" style=\"--columns:2;--items-gap:8px;\"><div class=\"w-gallery-list\"><div class=\"w-gallery-item\"><div class=\"w-gallery-item-img\"><img loading=\"lazy\" decoding=\"async\" width=\"400\" height=\"400\" src=\"https:\/\/fundaciosetba.org\/wp-content\/uploads\/2024\/03\/Estela-de-Castro-Garcia-feb.2014-400x400.jpg\" class=\"attachment-us_600_400 size-us_600_400\" alt=\"\" srcset=\"https:\/\/fundaciosetba.org\/wp-content\/uploads\/2024\/03\/Estela-de-Castro-Garcia-feb.2014-400x400.jpg 400w, https:\/\/fundaciosetba.org\/wp-content\/uploads\/2024\/03\/Estela-de-Castro-Garcia-feb.2014-300x300.jpg 300w, https:\/\/fundaciosetba.org\/wp-content\/uploads\/2024\/03\/Estela-de-Castro-Garcia-feb.2014-150x150.jpg 150w, https:\/\/fundaciosetba.org\/wp-content\/uploads\/2024\/03\/Estela-de-Castro-Garcia-feb.2014-100x100.jpg 100w, https:\/\/fundaciosetba.org\/wp-content\/uploads\/2024\/03\/Estela-de-Castro-Garcia-feb.2014-600x600.jpg 600w, https:\/\/fundaciosetba.org\/wp-content\/uploads\/2024\/03\/Estela-de-Castro-Garcia-feb.2014.jpg 902w\" sizes=\"auto, (max-width: 400px) 100vw, 400px\" \/><\/div><a class=\"w-gallery-item-link\" aria-label=\"Estela de Castro Garcia feb.2014\" href=\"https:\/\/fundaciosetba.org\/wp-content\/uploads\/2024\/03\/Estela-de-Castro-Garcia-feb.2014.jpg\" title=\"Estela de Castro Garcia feb.2014\"><\/a><\/div><div class=\"w-gallery-item\"><div class=\"w-gallery-item-img\"><img loading=\"lazy\" decoding=\"async\" width=\"317\" height=\"400\" src=\"https:\/\/fundaciosetba.org\/wp-content\/uploads\/2024\/03\/DE-LOMBRA-A-LA-LLUM-Maria-Espeus-2017-317x400.jpg\" class=\"attachment-us_600_400 size-us_600_400\" alt=\"\" srcset=\"https:\/\/fundaciosetba.org\/wp-content\/uploads\/2024\/03\/DE-LOMBRA-A-LA-LLUM-Maria-Espeus-2017-317x400.jpg 317w, https:\/\/fundaciosetba.org\/wp-content\/uploads\/2024\/03\/DE-LOMBRA-A-LA-LLUM-Maria-Espeus-2017-238x300.jpg 238w, https:\/\/fundaciosetba.org\/wp-content\/uploads\/2024\/03\/DE-LOMBRA-A-LA-LLUM-Maria-Espeus-2017-812x1024.jpg 812w, https:\/\/fundaciosetba.org\/wp-content\/uploads\/2024\/03\/DE-LOMBRA-A-LA-LLUM-Maria-Espeus-2017-79x100.jpg 79w, https:\/\/fundaciosetba.org\/wp-content\/uploads\/2024\/03\/DE-LOMBRA-A-LA-LLUM-Maria-Espeus-2017-600x757.jpg 600w, https:\/\/fundaciosetba.org\/wp-content\/uploads\/2024\/03\/DE-LOMBRA-A-LA-LLUM-Maria-Espeus-2017-scaled.jpg 2030w\" sizes=\"auto, (max-width: 317px) 100vw, 317px\" \/><\/div><a class=\"w-gallery-item-link\" aria-label=\"DE L&#039;OMBRA A LA LLUM-Maria Espeus-2017\" href=\"https:\/\/fundaciosetba.org\/wp-content\/uploads\/2024\/03\/DE-LOMBRA-A-LA-LLUM-Maria-Espeus-2017-scaled.jpg\" title=\"DE L&#039;OMBRA A LA LLUM-Maria Espeus-2017\"><\/a><\/div><\/div><\/div>\n<p>Espeus naci\u00f3 en Boras (Suecia), vivi\u00f3 cinco a\u00f1os en Par\u00eds y en 1977 fij\u00f3 su residencia en Barcelona estableciendo un estudio propio. Durante su larga carrera profesional ha colaborado con Instituciones p\u00fablicas: Generalitat de Catalunya, Ayuntamiento de Barcelona, \u200b\u200bExpo Sevilla 92, Canal+, TV3, BTV, Gran Teatro del Liceo y Juegos Ol\u00edmpicos 92, en los que fotografi\u00f3 a los personajes relevantes de las olimpiadas barcelonesas, como el Rey Juan Carlos o el cantante Pl\u00e1cido Domingo, entre otros muchos. Ha trabajado en moda, publicidad y en el mundo editorial. En cine, fue la directora de fotograf\u00eda del documental <em>Las variaciones Gould<\/em> de Manuel Huerga; y tambi\u00e9n colabor\u00f3 \u200b\u200ben el filme <em>Septiembre<\/em> de Carlos Bosch. Ha expuesto en diferentes galer\u00edas y centros culturales, como: Instituto Estudios Estadounidenses; Sala Vin\u00e7on; Centro Cultural La Caixa; Fundaci\u00f3n Guifr\u00e9; Casa Decor; Galer\u00eda M\u00aa Jos\u00e9 Castellv\u00ed, Foyer Teatre del Liceu; Palau Robert, Fundaci\u00f3n Setba y galer\u00eda Miquel Alzueta. Tambi\u00e9n ha publicado libros de fotograf\u00eda: El otro\/The other (Nueva Era 2007). H1898 y Rehabilitaci\u00f3n (N\u00fa\u00f1ez y Navarro 2006\/2008). Fin&#8217;amor, poemas de Jordi Carri\u00f3 (Curbet Edicions 2013). En 2017 le otorgaron el Premio Nacional de Cultura.<\/p>\n<p><em>De la sombra a la luz, 2017<\/em><\/p>\n<p>Maria Espeus retrat\u00f3 a Ambra, una mujer ciega que hab\u00eda sufrido violencia machista, en el marco del proyecto de fotograf\u00eda y palabra, <em>DE LA SOMBRA A LA LUZ<\/em> de la Fundaci\u00f3 Setba. Esta fotograf\u00eda fue la imagen de la posterior exposici\u00f3n que se llev\u00f3 a cabo en diferentes centros culturales: La Casa Elizalde y el Foyer del Liceo de Barcelona, \u200b\u200ben el espacio cultural Plana del Olmo en Manresa, en el Institut Catal\u00e0 de las Mujeres, y en el Palacio Solterra de la Fundaci\u00f3n Vila Casas en Torroella de Montgr\u00ed. Tambi\u00e9n form\u00f3 parte de la exposici\u00f3n que tuvo lugar en el pasillo del intercambiador de la l\u00ednea 5 del metro de Barcelona durante la campa\u00f1a de TMB, Elige tu causa 2017. Esta muestra, integrada por vinilos de gran formato, estuvo durante dos meses en un espacio transitado a diario por miles de personas y no sufri\u00f3 ning\u00fan desperfecto ni acto de vandalismo. TMB coment\u00f3 que nunca hab\u00eda ocurrido nada igual. La fuerza de los retratos de Maria Espeus provoc\u00f3 que nadie se atreviera a tocarlos.<\/p>\n<p>*Fotograf\u00eda Maria Espeus: <b>\u00a9<\/b> Estela de Castro Garcia<\/p>\n<p><strong>Laura G\u00e1lvez-Rhein (Frankfurt am Main, 1998)<\/strong><\/p>\n<div class=\"w-gallery fit_cover wp_gallery type_grid action_popup_image ratio_1x1 count_2\" style=\"--columns:2;--items-gap:8px;\"><div class=\"w-gallery-list\"><div class=\"w-gallery-item\"><div class=\"w-gallery-item-img\"><img loading=\"lazy\" decoding=\"async\" width=\"272\" height=\"400\" src=\"https:\/\/fundaciosetba.org\/wp-content\/uploads\/2024\/03\/Imagen1-272x400.jpg\" class=\"attachment-us_600_400 size-us_600_400\" alt=\"\" srcset=\"https:\/\/fundaciosetba.org\/wp-content\/uploads\/2024\/03\/Imagen1-272x400.jpg 272w, https:\/\/fundaciosetba.org\/wp-content\/uploads\/2024\/03\/Imagen1-204x300.jpg 204w, https:\/\/fundaciosetba.org\/wp-content\/uploads\/2024\/03\/Imagen1-68x100.jpg 68w, https:\/\/fundaciosetba.org\/wp-content\/uploads\/2024\/03\/Imagen1.jpg 288w\" sizes=\"auto, (max-width: 272px) 100vw, 272px\" \/><\/div><a class=\"w-gallery-item-link\" aria-label=\"Imagen1\" href=\"https:\/\/fundaciosetba.org\/wp-content\/uploads\/2024\/03\/Imagen1.jpg\" title=\"Imagen1\"><\/a><\/div><div class=\"w-gallery-item\"><div class=\"w-gallery-item-img\"><img loading=\"lazy\" decoding=\"async\" width=\"552\" height=\"400\" src=\"https:\/\/fundaciosetba.org\/wp-content\/uploads\/2024\/03\/13-552x400.jpg\" class=\"attachment-us_600_400 size-us_600_400\" alt=\"\" srcset=\"https:\/\/fundaciosetba.org\/wp-content\/uploads\/2024\/03\/13-552x400.jpg 552w, https:\/\/fundaciosetba.org\/wp-content\/uploads\/2024\/03\/13-300x217.jpg 300w, https:\/\/fundaciosetba.org\/wp-content\/uploads\/2024\/03\/13-1024x742.jpg 1024w, https:\/\/fundaciosetba.org\/wp-content\/uploads\/2024\/03\/13-138x100.jpg 138w, https:\/\/fundaciosetba.org\/wp-content\/uploads\/2024\/03\/13-600x435.jpg 600w\" sizes=\"auto, (max-width: 552px) 100vw, 552px\" \/><\/div><a class=\"w-gallery-item-link\" aria-label=\"13\" href=\"https:\/\/fundaciosetba.org\/wp-content\/uploads\/2024\/03\/13-scaled.jpg\" title=\"13\"><\/a><\/div><\/div><\/div>\n<p>Laura se gradu\u00f3 en Fotograf\u00eda en el Instituto de Estudios Fotogr\u00e1ficos de Catalu\u00f1a, especializ\u00e1ndose en fotograf\u00eda documental. En 2021 empez\u00f3 a colaborar con la Fundaci\u00f3n Setba como estudiante en pr\u00e1cticas del proyecto <em>Traspasando el objetivo<\/em> . Actualmente es la documentalista gr\u00e1fica oficial de todos los proyectos de la Fundaci\u00f3.<\/p>\n<p>A partir de su trabajo con la Fundaci\u00f3 Setba, su obra empez\u00f3 a inclinarse hacia lo social. &#8220;\u00bfQu\u00e9 papel puede tener la fotograf\u00eda en el activismo? \u00bfC\u00f3mo puedo ayudar? \u00bfQu\u00e9 cosas no deber\u00eda hacer y cu\u00e1les har\u00e1n que el mundo sea un sitio m\u00e1s agradable?&#8221;<\/p>\n<p>En sus fotograf\u00edas vemos todo lo que no se puede explicar, por voluntad o imposici\u00f3n, y que queda a la espera de ser definido. Explorando los l\u00edmites entre la realidad y la ficci\u00f3n, la belleza y la crueldad, el sue\u00f1o y la tangibilidad, los temas m\u00e1s recurrentes durante su trayectoria son: el silencio, la memoria, la p\u00e9rdida, el trauma y la identidad. Se mezcla lo humano con los grandes dilemas existenciales como el dif\u00edcil &#8220;\u00bfQui\u00e9nes somos?&#8221;. Es una gran aficionada a la literatura, la filosof\u00eda, la historia y aprovecha todo lo aprendido para traducirlo en im\u00e1genes.<\/p>\n<p>Ha expuesto sus obras en la Fundaci\u00f3n Fotocolectania (2019) y en el KBr Mapfre (2021). En noviembre de 2023 inaugur\u00f3 su primera exposici\u00f3n individual, Belleza inh\u00f3spita, en la Sala Sergi Mas de Andorra, donde se mostrar\u00e1n sus fotograf\u00edas tomadas en los centros penitenciarios Brians y Wad-Ras.<\/p>\n<p><em>Parasomnia, 2019 \u00a9Laura G\u00e1lvez-Rhein<\/em><\/p>\n<p>La fotograf\u00eda tiene un poder reparador. El proyecto &#8220;Parasomnia&#8221;, del que forma parte esta fotograf\u00eda, fue la forma que tuvo la fot\u00f3grafa de comunicarse con los dem\u00e1s, sobre la soledad que estaba viviendo. Siempre es importante sentir el apoyo de la comunidad, que pueda entendernos y cuidarnos. Los artistas siempre se han hecho autorretratos para reivindicarse. En el caso de G\u00e1lvez-Rhein, se reivindica como mujer y fot\u00f3grafa.<\/p>\n<p>Laura explica que sufri\u00f3 una situaci\u00f3n de abuso, que en su d\u00eda no reconoci\u00f3 como tal. Encontr\u00f3 un espacio seguro en la fotograf\u00eda. Cuando sent\u00eda que los pensamientos intrusivos se volv\u00edan en su contra, se enfrentaba a la c\u00e1mara fija en el tr\u00edpode. Este ritual se convirti\u00f3 en el camino hacia la curaci\u00f3n. Estar expuesta y expresar a trav\u00e9s del autorretrato todo lo que sent\u00eda, le proporcion\u00f3 la paz deseada.<\/p>\n<p>*Fotograf\u00eda Laura G\u00e1lvez: <b>\u00a9<\/b> David Rico<\/p>\n<p><strong>Tanit Plana (Barcelona, 1975)<\/strong><\/p>\n<div class=\"w-gallery fit_cover wp_gallery type_grid action_popup_image ratio_1x1 count_2\" style=\"--columns:2;--items-gap:8px;\"><div class=\"w-gallery-list\"><div class=\"w-gallery-item\"><div class=\"w-gallery-item-img\"><img loading=\"lazy\" decoding=\"async\" width=\"378\" height=\"378\" src=\"https:\/\/fundaciosetba.org\/wp-content\/uploads\/2024\/03\/tanit-plana.jpg\" class=\"attachment-us_600_400 size-us_600_400\" alt=\"\" srcset=\"https:\/\/fundaciosetba.org\/wp-content\/uploads\/2024\/03\/tanit-plana.jpg 378w, https:\/\/fundaciosetba.org\/wp-content\/uploads\/2024\/03\/tanit-plana-300x300.jpg 300w, https:\/\/fundaciosetba.org\/wp-content\/uploads\/2024\/03\/tanit-plana-150x150.jpg 150w, https:\/\/fundaciosetba.org\/wp-content\/uploads\/2024\/03\/tanit-plana-100x100.jpg 100w\" sizes=\"auto, (max-width: 378px) 100vw, 378px\" \/><\/div><a class=\"w-gallery-item-link\" aria-label=\"tanit plana\" href=\"https:\/\/fundaciosetba.org\/wp-content\/uploads\/2024\/03\/tanit-plana.jpg\" title=\"tanit plana\"><\/a><\/div><div class=\"w-gallery-item\"><div class=\"w-gallery-item-img\"><img loading=\"lazy\" decoding=\"async\" width=\"300\" height=\"400\" src=\"https:\/\/fundaciosetba.org\/wp-content\/uploads\/2024\/03\/tanit-per-sempre-300x400.jpg\" class=\"attachment-us_600_400 size-us_600_400\" alt=\"\" srcset=\"https:\/\/fundaciosetba.org\/wp-content\/uploads\/2024\/03\/tanit-per-sempre-300x400.jpg 300w, https:\/\/fundaciosetba.org\/wp-content\/uploads\/2024\/03\/tanit-per-sempre-225x300.jpg 225w, https:\/\/fundaciosetba.org\/wp-content\/uploads\/2024\/03\/tanit-per-sempre-768x1024.jpg 768w, https:\/\/fundaciosetba.org\/wp-content\/uploads\/2024\/03\/tanit-per-sempre-75x100.jpg 75w, https:\/\/fundaciosetba.org\/wp-content\/uploads\/2024\/03\/tanit-per-sempre-600x800.jpg 600w, https:\/\/fundaciosetba.org\/wp-content\/uploads\/2024\/03\/tanit-per-sempre-scaled.jpg 1920w\" sizes=\"auto, (max-width: 300px) 100vw, 300px\" \/><\/div><a class=\"w-gallery-item-link\" aria-label=\"tanit-per sempre\" href=\"https:\/\/fundaciosetba.org\/wp-content\/uploads\/2024\/03\/tanit-per-sempre-scaled.jpg\" title=\"tanit-per sempre\"><\/a><\/div><\/div><\/div>\n<p>Fot\u00f3grafa especializada en proyectos de investigaci\u00f3n fotogr\u00e1fica para los que ha recibido los premios FotoPres&#8217;01 y Descubrimientos PhotoEspa\u00f1a 2003, y ha sido becada por la Fundaci\u00f3n \u201cla Caixa\u201d en 2012 y la Fundaci\u00f3n BBVA en 2016 para la creaci\u00f3n fotogr\u00e1fica, entre otros . En 2011 funda la productora Beluga Family para dar respuesta a los encargos publicitarios. Algunos de sus clientes m\u00e1s destacados son Ogilvy Barcelona, DDB Barcelona y SCPF. Ha impartido clases en la Universidad Pompeu Fabra y actualmente es profesora de fotograf\u00eda en la escuela de dise\u00f1o IDEP. Tiene obras tanto en colecciones p\u00fablicas como privadas, exponiendo sus obras en diferentes muestras. Cabe destacar las siguientes exposiciones: Para siempre en el CaixaForum de Palma de Mallorca (2011), Es lo que es, una retrospectiva de su obra, en la Sala Canal de Isabel II de Madrid (2019), Part. en torno a las violencias sobre los cuerpos gestantes, en L&#8217;Auditori de Barcelona (2021), y Puber, una exploraci\u00f3n de la adolescencia y sus pr\u00e1cticas socioculturales a trav\u00e9s del retrato, en La Virreina Centro de la Imagen de Barcelona (2021 ). Su relaci\u00f3n con la pedagog\u00eda de la imagen y los procesos de mediaci\u00f3n han sido una constante en su trayectoria. Ha realizado proyectos comunitarios con adolescentes y j\u00f3venes en institutos y centros penitenciarios utilizando la fotograf\u00eda como herramienta de agitaci\u00f3n.<\/p>\n<p><em>Para siempre, 2010  <\/em><\/p>\n<p>Esta fotograf\u00eda forma parte del proyecto art\u00edstico participativo, Para siempre, organizado por la Fundaci\u00f3 la Caixa, que da voz a la experiencia femenina del matrimonio. Tanit invit\u00f3 a una serie de mujeres casadas a poner delante de su c\u00e1mara, volvi\u00e9ndose a poner sus trajes de novia, ya compartir una serie de reflexiones en torno a los patrones de comportamiento social y los rituales que se ponen en juego con la decisi\u00f3n, la preparaci\u00f3n y la celebraci\u00f3n de una boda. La artista reflexiona sobre el s\u00edmbolo del traje de novia y nos habla de la mujer, el matrimonio, la familia, la tradici\u00f3n, los c\u00e1nones de belleza, el enamoramiento y el amor rom\u00e1ntico, la convivencia y la cotidianidad o la memoria y el olvido. El proyecto se desarroll\u00f3 en las ciudades de Tarragona, Lleida y Palma con la colaboraci\u00f3n de mujeres voluntarias (solteras, casadas, viudas o separadas de todas las edades) a las que se invit\u00f3 a vestirse de novias. Esta imagen se realiz\u00f3 en un bosque de Palma de Mallorca y es el retrato de una de estas mujeres voluntarias que puso delante de Tanit con el traje que hab\u00eda tra\u00eddo el d\u00eda de su boda. El tratamiento de la luz da a la foto una irrealidad de bosque de cuento de hadas.<\/p>\n<p><strong>Iolanda Seb\u00e9 (Lleida, 1976)<\/strong><\/p>\n<div class=\"w-gallery fit_cover wp_gallery type_grid action_popup_image ratio_1x1 count_2\" style=\"--columns:2;--items-gap:8px;\"><div class=\"w-gallery-list\"><div class=\"w-gallery-item\"><div class=\"w-gallery-item-img\"><img loading=\"lazy\" decoding=\"async\" width=\"600\" height=\"335\" src=\"https:\/\/fundaciosetba.org\/wp-content\/uploads\/2024\/03\/iolanda-sebe-1-600x335.jpg\" class=\"attachment-us_600_400 size-us_600_400\" alt=\"\" srcset=\"https:\/\/fundaciosetba.org\/wp-content\/uploads\/2024\/03\/iolanda-sebe-1-600x335.jpg 600w, https:\/\/fundaciosetba.org\/wp-content\/uploads\/2024\/03\/iolanda-sebe-1-300x168.jpg 300w, https:\/\/fundaciosetba.org\/wp-content\/uploads\/2024\/03\/iolanda-sebe-1-1024x572.jpg 1024w, https:\/\/fundaciosetba.org\/wp-content\/uploads\/2024\/03\/iolanda-sebe-1-150x84.jpg 150w, https:\/\/fundaciosetba.org\/wp-content\/uploads\/2024\/03\/iolanda-sebe-1.jpg 1200w\" sizes=\"auto, (max-width: 600px) 100vw, 600px\" \/><\/div><a class=\"w-gallery-item-link\" aria-label=\"iolanda seb\u00e9\" href=\"https:\/\/fundaciosetba.org\/wp-content\/uploads\/2024\/03\/iolanda-sebe-1.jpg\" title=\"iolanda seb\u00e9\"><\/a><\/div><div class=\"w-gallery-item\"><div class=\"w-gallery-item-img\"><img loading=\"lazy\" decoding=\"async\" width=\"600\" height=\"371\" src=\"https:\/\/fundaciosetba.org\/wp-content\/uploads\/2024\/03\/paisajes_min-600x371.jpg\" class=\"attachment-us_600_400 size-us_600_400\" alt=\"\" srcset=\"https:\/\/fundaciosetba.org\/wp-content\/uploads\/2024\/03\/paisajes_min-600x371.jpg 600w, https:\/\/fundaciosetba.org\/wp-content\/uploads\/2024\/03\/paisajes_min-300x185.jpg 300w, https:\/\/fundaciosetba.org\/wp-content\/uploads\/2024\/03\/paisajes_min-1024x632.jpg 1024w, https:\/\/fundaciosetba.org\/wp-content\/uploads\/2024\/03\/paisajes_min-150x93.jpg 150w, https:\/\/fundaciosetba.org\/wp-content\/uploads\/2024\/03\/paisajes_min.jpg 2000w\" sizes=\"auto, (max-width: 600px) 100vw, 600px\" \/><\/div><a class=\"w-gallery-item-link\" aria-label=\"paisajes_min\" href=\"https:\/\/fundaciosetba.org\/wp-content\/uploads\/2024\/03\/paisajes_min.jpg\" title=\"paisajes_min\"><\/a><\/div><\/div><\/div>\n<p>Diplomada en Turismo, tambi\u00e9n ha estudiado fotograf\u00eda y dise\u00f1o gr\u00e1fico. Como fot\u00f3grafa comercial, trabaja en diversos temas: moda, bodeg\u00f3n, producto, y como fot\u00f3grafa art\u00edstica lo hace bajo el seud\u00f3nimo de Violant. Para ella, el arte nace de la intuici\u00f3n. Todas sus im\u00e1genes tienen algo inquietante, intangible, dif\u00edcil de definir, que las hace especiales y \u00fanicas. Seb\u00e9 confiesa que hay un tema que siempre le ha interesado por encima de los dem\u00e1s: el retrato, que le permite explicar mejor su forma de ver las cosas. En 2016, debutaba internacionalmente en una exposici\u00f3n colectiva en Mil\u00e1n. Al a\u00f1o siguiente, en 2017, la Sala G\u00f3tica del Instituto de Estudios Ilerdenses Lleida acog\u00eda su exposici\u00f3n individual &#8220;Una habitaci\u00f3n propia&#8221;, una serie basada en el poema tradicional africano del mismo nombre. Tambi\u00e9n ha expuesto en el Espai Cavallers de Lleida. Ha sido la autora de las fotograf\u00edas para los carteles del Dans\u00e0neu, FiraT\u00e0rrega y del Festival M\u00fasicas Dispersas (MUD), entre otros muchos. Viajar es para Iolanda una de sus fuentes de felicidad, y como ella misma afirma, la felicidad es tener poca memoria, y recordar s\u00f3lo lo bueno.<\/p>\n<p><em>Inked Ophelia, 2016<\/em><\/p>\n<p>Ofelia es un personaje literario de William Shakespeare, que se encuentra ante el dilema de obedecer a su padre oa su enamorado el pr\u00edncipe Hamlet, quien acaba matando al padre de Ofelia por confusi\u00f3n. Ella se vuelve loca y muere ahogada recogiendo flores en el lago. No se suicida, se deja morir. Hay muchos artistas que han pintado en Ofelia muerta en el agua, rodeada de flores. La Ofelia de Seb\u00e9 no es una mujer derrotada, todo lo contrario: es una mujer empoderada y bella, que no parece muerta, s\u00f3lo dormida, y en la que destaca el tatuaje de una lechuza. Este animal simboliza el conocimiento de lo oculto, de lo que no resulta evidente, de lo que pasa desapercibido a los dem\u00e1s, de nuestras profundidades m\u00e1s oscuras, de nuestro inconsciente. En sus obras, irreverentes y atemporales, Seb\u00e9 nos da m\u00faltiples visiones de la mujer. Sabemos lo que somos; pero no lo que podemos ser.<\/p>\n<p><strong>Mayte Vieta (Blanes, Gerona, 1971)<\/strong><\/p>\n<div class=\"w-gallery fit_cover wp_gallery type_grid action_popup_image ratio_1x1 count_2\" style=\"--columns:2;--items-gap:8px;\"><div class=\"w-gallery-list\"><div class=\"w-gallery-item\"><div class=\"w-gallery-item-img\"><img loading=\"lazy\" decoding=\"async\" width=\"583\" height=\"400\" src=\"https:\/\/fundaciosetba.org\/wp-content\/uploads\/2024\/03\/mayte-vieta-583x400.jpeg\" class=\"attachment-us_600_400 size-us_600_400\" alt=\"\" srcset=\"https:\/\/fundaciosetba.org\/wp-content\/uploads\/2024\/03\/mayte-vieta-583x400.jpeg 583w, https:\/\/fundaciosetba.org\/wp-content\/uploads\/2024\/03\/mayte-vieta-300x206.jpeg 300w, https:\/\/fundaciosetba.org\/wp-content\/uploads\/2024\/03\/mayte-vieta-146x100.jpeg 146w, https:\/\/fundaciosetba.org\/wp-content\/uploads\/2024\/03\/mayte-vieta-600x412.jpeg 600w, https:\/\/fundaciosetba.org\/wp-content\/uploads\/2024\/03\/mayte-vieta.jpeg 1024w\" sizes=\"auto, (max-width: 583px) 100vw, 583px\" \/><\/div><a class=\"w-gallery-item-link\" aria-label=\"mayte-vieta\" href=\"https:\/\/fundaciosetba.org\/wp-content\/uploads\/2024\/03\/mayte-vieta.jpeg\" title=\"mayte-vieta\"><\/a><\/div><div class=\"w-gallery-item\"><div class=\"w-gallery-item-img\"><img loading=\"lazy\" decoding=\"async\" width=\"600\" height=\"397\" src=\"https:\/\/fundaciosetba.org\/wp-content\/uploads\/2024\/03\/OK-cuerpo-luz-5-catalogo-600x397.jpg\" class=\"attachment-us_600_400 size-us_600_400\" alt=\"\" srcset=\"https:\/\/fundaciosetba.org\/wp-content\/uploads\/2024\/03\/OK-cuerpo-luz-5-catalogo-600x397.jpg 600w, https:\/\/fundaciosetba.org\/wp-content\/uploads\/2024\/03\/OK-cuerpo-luz-5-catalogo-300x199.jpg 300w, https:\/\/fundaciosetba.org\/wp-content\/uploads\/2024\/03\/OK-cuerpo-luz-5-catalogo-1024x678.jpg 1024w, https:\/\/fundaciosetba.org\/wp-content\/uploads\/2024\/03\/OK-cuerpo-luz-5-catalogo-150x100.jpg 150w\" sizes=\"auto, (max-width: 600px) 100vw, 600px\" \/><\/div><a class=\"w-gallery-item-link\" aria-label=\"OK cuerpo luz 5 catalogo\" href=\"https:\/\/fundaciosetba.org\/wp-content\/uploads\/2024\/03\/OK-cuerpo-luz-5-catalogo-scaled.jpg\" title=\"OK cuerpo luz 5 catalogo\"><\/a><\/div><\/div><\/div>\n<p>Mayte Vieta es una artista visual que utiliza como medio de expresi\u00f3n el espacio y la luz a trav\u00e9s de la fotograf\u00eda, la escultura y la instalaci\u00f3n. El trabajo de esta creadora se basa en la naturaleza y el cuerpo. La utilizaci\u00f3n de fotograf\u00edas de gran formato le permiten capturar paisajes (des)localizados, que sugieren emoci\u00f3n y el sentimiento de un tiempo huido. Sus obras expresan una profunda observaci\u00f3n en torno a la fragilidad de la vida, a la vez que nos interpelan, invit\u00e1ndonos a sumergirnos en nosotros mismos; una invitaci\u00f3n a lo m\u00e1s \u00edntimo, a la introspecci\u00f3n. Unas im\u00e1genes que se nos presentan en pausa, en un tiempo que se nos revela suspendido entre la luz, las penumbras y la oscuridad para establecer una conexi\u00f3n con lo imperceptible y, a menudo, inexplicable: la investigaci\u00f3n de la trascendencia. Cabe destacar tambi\u00e9n la importancia de los efectos de la luz con los que el artista logra proyectar una atm\u00f3sfera m\u00e1gica, a veces tel\u00farica, que nos conecta con el tiempo de hace a\u00f1os. En la creaci\u00f3n de Mayte Vieta existe, sin duda, un componente est\u00e9tico relevante, una investigaci\u00f3n conmovedora de la belleza que nos permite acercarnos a nuestro yo m\u00e1s \u00edntimo.<\/p>\n<p><em>Cuerpos de luz, 2009  <\/em><\/p>\n<p>Esta imagen corresponde a una serie de siete fotograf\u00edas de gran formato titulada Cuerpos de luz, que conforman una instalaci\u00f3n art\u00edstica, en la que el espectador tiene una experiencia inmersiva y sensorial. En medio de la oscuridad, aparece una figura iluminada, un cuerpo desnudo inm\u00f3vil, luchando en las profundas y oscuras aguas del mar. Es una met\u00e1fora de la fragilidad humana y la mortalidad. La sala, en la que se exponen estas fotograf\u00edas en forma de instalaci\u00f3n, se convierte en una obra de arte en s\u00ed misma: hay luz, oscuridad y un mundo silencioso. El objetivo del artista es que el espectador entre en ese mundo silencioso y se inmersa en sus propios pensamientos.<\/p>\n<p><strong>Marta F\u00e0bregas (Barcelona, 1974)<\/strong><\/p>\n<div class=\"w-gallery fit_cover wp_gallery type_grid action_popup_image ratio_1x1 count_2\" style=\"--columns:2;--items-gap:8px;\"><div class=\"w-gallery-list\"><div class=\"w-gallery-item\"><div class=\"w-gallery-item-img\"><img loading=\"lazy\" decoding=\"async\" width=\"294\" height=\"400\" src=\"https:\/\/fundaciosetba.org\/wp-content\/uploads\/2024\/03\/Marta-Fabregas-294x400.jpg\" class=\"attachment-us_600_400 size-us_600_400\" alt=\"\" srcset=\"https:\/\/fundaciosetba.org\/wp-content\/uploads\/2024\/03\/Marta-Fabregas-294x400.jpg 294w, https:\/\/fundaciosetba.org\/wp-content\/uploads\/2024\/03\/Marta-Fabregas-221x300.jpg 221w, https:\/\/fundaciosetba.org\/wp-content\/uploads\/2024\/03\/Marta-Fabregas-753x1024.jpg 753w, https:\/\/fundaciosetba.org\/wp-content\/uploads\/2024\/03\/Marta-Fabregas-74x100.jpg 74w, https:\/\/fundaciosetba.org\/wp-content\/uploads\/2024\/03\/Marta-Fabregas-600x816.jpg 600w, https:\/\/fundaciosetba.org\/wp-content\/uploads\/2024\/03\/Marta-Fabregas-scaled.jpg 1882w\" sizes=\"auto, (max-width: 294px) 100vw, 294px\" \/><\/div><a class=\"w-gallery-item-link\" aria-label=\"Marta F\u00e0bregas\" href=\"https:\/\/fundaciosetba.org\/wp-content\/uploads\/2024\/03\/Marta-Fabregas-scaled-e1711015360705.jpg\" title=\"Marta F\u00e0bregas\"><\/a><\/div><div class=\"w-gallery-item\"><div class=\"w-gallery-item-img\"><img loading=\"lazy\" decoding=\"async\" width=\"302\" height=\"400\" src=\"https:\/\/fundaciosetba.org\/wp-content\/uploads\/2024\/03\/marta-fabregas-musa-302x400.jpg\" class=\"attachment-us_600_400 size-us_600_400\" alt=\"\" srcset=\"https:\/\/fundaciosetba.org\/wp-content\/uploads\/2024\/03\/marta-fabregas-musa-302x400.jpg 302w, https:\/\/fundaciosetba.org\/wp-content\/uploads\/2024\/03\/marta-fabregas-musa-227x300.jpg 227w, https:\/\/fundaciosetba.org\/wp-content\/uploads\/2024\/03\/marta-fabregas-musa-774x1024.jpg 774w, https:\/\/fundaciosetba.org\/wp-content\/uploads\/2024\/03\/marta-fabregas-musa-76x100.jpg 76w, https:\/\/fundaciosetba.org\/wp-content\/uploads\/2024\/03\/marta-fabregas-musa-600x794.jpg 600w, https:\/\/fundaciosetba.org\/wp-content\/uploads\/2024\/03\/marta-fabregas-musa-scaled.jpg 1935w\" sizes=\"auto, (max-width: 302px) 100vw, 302px\" \/><\/div><a class=\"w-gallery-item-link\" aria-label=\"marta f\u00e0bregas-musa\" href=\"https:\/\/fundaciosetba.org\/wp-content\/uploads\/2024\/03\/marta-fabregas-musa-scaled.jpg\" title=\"marta f\u00e0bregas-musa\"><\/a><\/div><\/div><\/div>\n<p>Fot\u00f3grafa, artista, feminista y activista, colabora con la Fundaci\u00f3n Setba desde 2019 dirigiendo proyectos como <em>TRASPASANDO EL OBJETIVO<\/em> . Marta ha dedicado toda su vida a la fotograf\u00eda, su gran pasi\u00f3n, que adem\u00e1s le ha permitido aunar su faceta art\u00edstica con la empresarial. Su principal talento es captar de forma r\u00e1pida y natural la belleza que nos envuelve, por eso sus obras son tan potentes. Su empat\u00eda, implicaci\u00f3n y creatividad hacen que cada proyecto, en el que trabaja, tenga una fuerza y \u200b\u200bun car\u00e1cter que lo hacen especial y \u00fanico. Tambi\u00e9n imparte clases, talleres y seminarios. Es presidenta de la Red de Mujeres Empresarias y Emprendedoras de Sant Cugat (XDESC) desde 2018. Su obra art\u00edstica forma parte de la colecci\u00f3n privada de la Fundaci\u00f3n Llu\u00eds Bassat y la Fundaci\u00f3n Artemizia, y est\u00e1 representada por la Pigment Gallery a nivel nacional e internacional. Fue codirectora de la primera edici\u00f3n del festival de fotograf\u00eda LUM\u00edNIC, que se celebr\u00f3 en Sant Cugat en la primavera de 2019. F\u00e0bregas cree, al igual que la fundaci\u00f3n, en el poder transformador del arte.<\/p>\n<p><em>Musa, 2020  <\/em><\/p>\n<p>La palabra musa se utiliza popularmente para referirse a la divinidad que inspira y despierta la creatividad. Marta ha titulado as\u00ed esta obra, la primera de la colecci\u00f3n dedicada a mujeres internas en centros penitenciarios, porque cree que todas las mujeres nos pueden inspirar, s\u00f3lo deben confiar en s\u00ed mismas. En ese caso, la musa es Thalita, quien particip\u00f3 en la primera edici\u00f3n de Brians. Esta obra est\u00e1 hecha con la t\u00e9cnica de la transfotograf\u00eda, de la que F\u00e0bregas es una especialista, y parte del retrato fotogr\u00e1fico que Marta le realiz\u00f3 en la \u00faltima sesi\u00f3n del taller. Este retrato se utiliz\u00f3 tambi\u00e9n como portada del fotolibro \u201cBrians. Mujeres invisibles\u201d editado por Lum\u00ednico. El objetivo de Marta y del proyecto es que las mujeres recuperen su identidad y autoestima, que han perdido, y capturar su fuerza y \u200b\u200bsu luz a pesar de la c\u00e1rcel.<\/p>\n<p>*Fotograf\u00eda Marta F\u00e0bregas: <b>\u00a9<\/b> Consuelo A.<\/p>\n","protected":false},"excerpt":{"rendered":"<p>Ya hace un par de a\u00f1os que la Fundaci\u00f3n Setba, dentro del proyecto fotogr\u00e1fico Traspasando el objetivo , realizado en varios centros penitenciarios de Catalu\u00f1a, da a conocer a diferentes mujeres fot\u00f3grafas. Esta iniciativa nace con la voluntad de ampliar los conocimientos de las mujeres internas, pero no s\u00f3lo con la adquisici\u00f3n del saber del&#8230;<\/p>\n","protected":false},"author":1,"featured_media":36182,"comment_status":"closed","ping_status":"closed","sticky":false,"template":"","format":"standard","meta":{"footnotes":""},"categories":[1350],"tags":[],"class_list":["post-36198","post","type-post","status-publish","format-standard","has-post-thumbnail","hentry","category-traspasando-el-objetivo-es"],"_links":{"self":[{"href":"https:\/\/fundaciosetba.org\/es\/wp-json\/wp\/v2\/posts\/36198","targetHints":{"allow":["GET"]}}],"collection":[{"href":"https:\/\/fundaciosetba.org\/es\/wp-json\/wp\/v2\/posts"}],"about":[{"href":"https:\/\/fundaciosetba.org\/es\/wp-json\/wp\/v2\/types\/post"}],"author":[{"embeddable":true,"href":"https:\/\/fundaciosetba.org\/es\/wp-json\/wp\/v2\/users\/1"}],"replies":[{"embeddable":true,"href":"https:\/\/fundaciosetba.org\/es\/wp-json\/wp\/v2\/comments?post=36198"}],"version-history":[{"count":2,"href":"https:\/\/fundaciosetba.org\/es\/wp-json\/wp\/v2\/posts\/36198\/revisions"}],"predecessor-version":[{"id":36202,"href":"https:\/\/fundaciosetba.org\/es\/wp-json\/wp\/v2\/posts\/36198\/revisions\/36202"}],"wp:featuredmedia":[{"embeddable":true,"href":"https:\/\/fundaciosetba.org\/es\/wp-json\/wp\/v2\/media\/36182"}],"wp:attachment":[{"href":"https:\/\/fundaciosetba.org\/es\/wp-json\/wp\/v2\/media?parent=36198"}],"wp:term":[{"taxonomy":"category","embeddable":true,"href":"https:\/\/fundaciosetba.org\/es\/wp-json\/wp\/v2\/categories?post=36198"},{"taxonomy":"post_tag","embeddable":true,"href":"https:\/\/fundaciosetba.org\/es\/wp-json\/wp\/v2\/tags?post=36198"}],"curies":[{"name":"wp","href":"https:\/\/api.w.org\/{rel}","templated":true}]}}