{"id":36203,"date":"2024-03-21T15:50:22","date_gmt":"2024-03-21T14:50:22","guid":{"rendered":"https:\/\/fundaciosetba.org\/la-fundacion-vidal-i-barraquer-y-la-asociacion-arapdis-seleccionadas-para-formar-parte-del-natura-es-cultura-2024\/"},"modified":"2024-03-26T12:25:04","modified_gmt":"2024-03-26T11:25:04","slug":"la-fundacion-vidal-i-barraquer-y-la-asociacion-arapdis-seleccionadas-para-formar-parte-del-natura-es-cultura-2024","status":"publish","type":"post","link":"https:\/\/fundaciosetba.org\/es\/la-fundacion-vidal-i-barraquer-y-la-asociacion-arapdis-seleccionadas-para-formar-parte-del-natura-es-cultura-2024\/","title":{"rendered":"La Fundaci\u00f3n Vidal i Barraquer y la Asociaci\u00f3n Arapdis, seleccionadas para formar parte del &#8220;Natura es Cultura&#8221; 2024"},"content":{"rendered":"<p>El 15 de marzo a las 14:00 horas, finalizaba el plazo para inscribirse en la convocatoria de la decimotercera edici\u00f3n del proyecto de respiro art\u00edstico <em>Natura es Cultura<\/em> , dirigido a entidades de salud mental de Catalu\u00f1a. <strong>Con un total de 12 entidades inscritas, el equipo de la Fundaci\u00f3n Setba llev\u00f3 a cabo un sorteo a trav\u00e9s de la plataforma AppSorteos: <a href=\"https:\/\/app-sorteos.com\/w\/L459JO\">Ver resultado<\/a> .<\/strong><\/p>\n<p>En primer lugar, sali\u00f3 seleccionada la Fundaci\u00f3n Vidal i Barraquer y, en segundo lugar, la Asociaci\u00f3n Arapdis. Como suplentes en caso de que alguna de las primeras entidades renunciaran a participar en el proyecto fueron <span class=\"ml-1\">Osonament (Fundaci\u00f3n Centro M\u00e9dico Psicopedag\u00f3gico de Osona),<\/span> <span class=\"ml-1\">Hospital de d\u00eda de Psiquiatr\u00eda Adultos ( Hosp de Matar\u00f3) y la<\/span> <span class=\"ml-1\">Asociaci\u00f3n Socio Cultural Radio Nikosia.<\/span><\/p>\n<p>Durante el mes de abril, <strong>las dos entidades beneficiarias participar\u00e1n en el respiro art\u00edstico <em>Natura es Cultura<\/em><\/strong> , dirigido por el artista Quim Moya con la colaboraci\u00f3n del ingeniero forestal, Ignasi Vilarasau y la psic\u00f3loga y bailarina, Maria Ribera, en la residencia de artistas Cal Gras de Aviny\u00f3.<\/p>\n<p>Se trata de una <strong>estancia de una semana para personas que conviven con trastornos mentales<\/strong> , durante la cual se realizan talleres art\u00edsticos de <strong><em>land art<\/em> , danza y actividades de conciencia medioambiental<\/strong> en el entorno natural del Bages. El proyecto tiene la voluntad de contribuir al bienestar ya la integraci\u00f3n social de los usuarios y las usuarias, fomentando sus capacidades art\u00edsticas y facilitando el contacto con la naturaleza, as\u00ed como dar un respiro a las familias ya las personas participantes. Adem\u00e1s, durante el mes de septiembre, tambi\u00e9n participar\u00e1n en el Festival Art &amp; Gavarres.<\/p>\n<div class=\"w-gallery fit_cover wp_gallery type_grid action_popup_image ratio_1x1 count_6\" style=\"--columns:3;--items-gap:8px;\"><div class=\"w-gallery-list\"><div class=\"w-gallery-item\"><div class=\"w-gallery-item-img\"><img loading=\"lazy\" decoding=\"async\" width=\"300\" height=\"300\" src=\"https:\/\/fundaciosetba.org\/wp-content\/uploads\/2024\/03\/2022-09-09_Natura-es-cultura-G1_SETBA_04-300x300.jpg\" class=\"attachment-woocommerce_thumbnail size-woocommerce_thumbnail\" alt=\"\" srcset=\"https:\/\/fundaciosetba.org\/wp-content\/uploads\/2024\/03\/2022-09-09_Natura-es-cultura-G1_SETBA_04-300x300.jpg 300w, https:\/\/fundaciosetba.org\/wp-content\/uploads\/2024\/03\/2022-09-09_Natura-es-cultura-G1_SETBA_04-150x150.jpg 150w\" sizes=\"auto, (max-width: 300px) 100vw, 300px\" \/><\/div><a class=\"w-gallery-item-link\" aria-label=\"2022-09-09_Natura \u00e9s cultura-G1_SETBA_04\" href=\"https:\/\/fundaciosetba.org\/wp-content\/uploads\/2024\/03\/2022-09-09_Natura-es-cultura-G1_SETBA_04.jpg\" title=\"2022-09-09_Natura \u00e9s cultura-G1_SETBA_04\"><\/a><\/div><div class=\"w-gallery-item\"><div class=\"w-gallery-item-img\"><img loading=\"lazy\" decoding=\"async\" width=\"300\" height=\"300\" src=\"https:\/\/fundaciosetba.org\/wp-content\/uploads\/2024\/03\/2022-09-09_Natura-es-cultura-G1_SETBA_29-300x300.jpg\" class=\"attachment-woocommerce_thumbnail size-woocommerce_thumbnail\" alt=\"\" srcset=\"https:\/\/fundaciosetba.org\/wp-content\/uploads\/2024\/03\/2022-09-09_Natura-es-cultura-G1_SETBA_29-300x300.jpg 300w, https:\/\/fundaciosetba.org\/wp-content\/uploads\/2024\/03\/2022-09-09_Natura-es-cultura-G1_SETBA_29-150x150.jpg 150w\" sizes=\"auto, (max-width: 300px) 100vw, 300px\" \/><\/div><a class=\"w-gallery-item-link\" aria-label=\"2022-09-09_Natura \u00e9s cultura-G1_SETBA_29\" href=\"https:\/\/fundaciosetba.org\/wp-content\/uploads\/2024\/03\/2022-09-09_Natura-es-cultura-G1_SETBA_29.jpg\" title=\"2022-09-09_Natura \u00e9s cultura-G1_SETBA_29\"><\/a><\/div><div class=\"w-gallery-item\"><div class=\"w-gallery-item-img\"><img loading=\"lazy\" decoding=\"async\" width=\"300\" height=\"300\" src=\"https:\/\/fundaciosetba.org\/wp-content\/uploads\/2024\/03\/2022-09-09_Natura-es-cultura-G1_SETBA_42-300x300.jpg\" class=\"attachment-woocommerce_thumbnail size-woocommerce_thumbnail\" alt=\"\" srcset=\"https:\/\/fundaciosetba.org\/wp-content\/uploads\/2024\/03\/2022-09-09_Natura-es-cultura-G1_SETBA_42-300x300.jpg 300w, https:\/\/fundaciosetba.org\/wp-content\/uploads\/2024\/03\/2022-09-09_Natura-es-cultura-G1_SETBA_42-150x150.jpg 150w\" sizes=\"auto, (max-width: 300px) 100vw, 300px\" \/><\/div><a class=\"w-gallery-item-link\" aria-label=\"2022-09-09_Natura \u00e9s cultura-G1_SETBA_42\" href=\"https:\/\/fundaciosetba.org\/wp-content\/uploads\/2024\/03\/2022-09-09_Natura-es-cultura-G1_SETBA_42.jpg\" title=\"2022-09-09_Natura \u00e9s cultura-G1_SETBA_42\"><\/a><\/div><div class=\"w-gallery-item\"><div class=\"w-gallery-item-img\"><img loading=\"lazy\" decoding=\"async\" width=\"300\" height=\"300\" src=\"https:\/\/fundaciosetba.org\/wp-content\/uploads\/2024\/03\/2022-09-09_Natura-es-cultura-G1_SETBA_45-300x300.jpg\" class=\"attachment-woocommerce_thumbnail size-woocommerce_thumbnail\" alt=\"\" srcset=\"https:\/\/fundaciosetba.org\/wp-content\/uploads\/2024\/03\/2022-09-09_Natura-es-cultura-G1_SETBA_45-300x300.jpg 300w, https:\/\/fundaciosetba.org\/wp-content\/uploads\/2024\/03\/2022-09-09_Natura-es-cultura-G1_SETBA_45-150x150.jpg 150w\" sizes=\"auto, (max-width: 300px) 100vw, 300px\" \/><\/div><a class=\"w-gallery-item-link\" aria-label=\"2022-09-09_Natura \u00e9s cultura-G1_SETBA_45\" href=\"https:\/\/fundaciosetba.org\/wp-content\/uploads\/2024\/03\/2022-09-09_Natura-es-cultura-G1_SETBA_45.jpg\" title=\"2022-09-09_Natura \u00e9s cultura-G1_SETBA_45\"><\/a><\/div><div class=\"w-gallery-item\"><div class=\"w-gallery-item-img\"><img loading=\"lazy\" decoding=\"async\" width=\"300\" height=\"300\" src=\"https:\/\/fundaciosetba.org\/wp-content\/uploads\/2024\/03\/2022-09-14_Natura-es-cultura-G2_SETBA_36-300x300.jpg\" class=\"attachment-woocommerce_thumbnail size-woocommerce_thumbnail\" alt=\"\" srcset=\"https:\/\/fundaciosetba.org\/wp-content\/uploads\/2024\/03\/2022-09-14_Natura-es-cultura-G2_SETBA_36-300x300.jpg 300w, https:\/\/fundaciosetba.org\/wp-content\/uploads\/2024\/03\/2022-09-14_Natura-es-cultura-G2_SETBA_36-150x150.jpg 150w\" sizes=\"auto, (max-width: 300px) 100vw, 300px\" \/><\/div><a class=\"w-gallery-item-link\" aria-label=\"2022-09-14_Natura \u00e9s cultura-G2_SETBA_36\" href=\"https:\/\/fundaciosetba.org\/wp-content\/uploads\/2024\/03\/2022-09-14_Natura-es-cultura-G2_SETBA_36.jpg\" title=\"2022-09-14_Natura \u00e9s cultura-G2_SETBA_36\"><\/a><\/div><div class=\"w-gallery-item\"><div class=\"w-gallery-item-img\"><img loading=\"lazy\" decoding=\"async\" width=\"300\" height=\"300\" src=\"https:\/\/fundaciosetba.org\/wp-content\/uploads\/2024\/03\/2022-09-14_Natura-es-cultura-G2_SETBA_46-300x300.jpg\" class=\"attachment-woocommerce_thumbnail size-woocommerce_thumbnail\" alt=\"\" srcset=\"https:\/\/fundaciosetba.org\/wp-content\/uploads\/2024\/03\/2022-09-14_Natura-es-cultura-G2_SETBA_46-300x300.jpg 300w, https:\/\/fundaciosetba.org\/wp-content\/uploads\/2024\/03\/2022-09-14_Natura-es-cultura-G2_SETBA_46-150x150.jpg 150w\" sizes=\"auto, (max-width: 300px) 100vw, 300px\" \/><\/div><a class=\"w-gallery-item-link\" aria-label=\"2022-09-14_Natura \u00e9s cultura-G2_SETBA_46\" href=\"https:\/\/fundaciosetba.org\/wp-content\/uploads\/2024\/03\/2022-09-14_Natura-es-cultura-G2_SETBA_46.jpg\" title=\"2022-09-14_Natura \u00e9s cultura-G2_SETBA_46\"><\/a><\/div><\/div><\/div>\n<p>La <strong>Fundaci\u00f3n Vidal i Barraquer<\/strong> es una instituci\u00f3n creada en 1964 y dedicada al \u00e1mbito de la Salud y espec\u00edficamente al de la Salud Mental. Integran la asistencia, la docencia y la investigaci\u00f3n en Salut Mental, con una mirada psicol\u00f3gica, social, biol\u00f3gica y espiritual.<\/p>\n<p><strong>ARAPDIS<\/strong> , \u201cAsociaci\u00f3n por la Rehabilitaci\u00f3n y Adaptaci\u00f3n de Personas Disminuidas en su Capacidad de Integraci\u00f3n Sociolaboral\u201d, es una entidad social sin \u00e1nimo de lucro con el reconocimiento de Utilidad P\u00fablica. Constituida en 1989 por el doctor Ramon Blasi y su equipo, la asociaci\u00f3n vela por la atenci\u00f3n, la rehabilitaci\u00f3n, la normalizaci\u00f3n y la inserci\u00f3n de las personas afectadas por alg\u00fan tipo de limitaci\u00f3n en su capacidad de integraci\u00f3n sociolaboral y comunitaria .<\/p>\n<p>Este proyecto est\u00e1 organizado por la Fundaci\u00f3n Setba con el patrocinio de Bizcabar y Capital Care y con la colaboraci\u00f3n de Cal Gras, Pinturas Lepanto y Chocolates Torras.<\/p>\n<p>Fotograf\u00edas: Laura G\u00e1lvez-Rhein<\/p>\n","protected":false},"excerpt":{"rendered":"<p>Durante el mes de abril, participar\u00e1n en el respiro art\u00edstico Natura es Cultura, dirigido por el artista Quim Moya con la colaboraci\u00f3n del ingeniero forestal, Ignasi Vilarasau y la psic\u00f3loga y bailarina, Maria Ribera, en la residencia de artistas Cal Gras de Avi\u00f1\u00f3n.<\/p>\n","protected":false},"author":1,"featured_media":36083,"comment_status":"closed","ping_status":"closed","sticky":false,"template":"","format":"standard","meta":{"footnotes":""},"categories":[1242],"tags":[],"class_list":["post-36203","post","type-post","status-publish","format-standard","has-post-thumbnail","hentry","category-natura-es-cultura-2"],"_links":{"self":[{"href":"https:\/\/fundaciosetba.org\/es\/wp-json\/wp\/v2\/posts\/36203","targetHints":{"allow":["GET"]}}],"collection":[{"href":"https:\/\/fundaciosetba.org\/es\/wp-json\/wp\/v2\/posts"}],"about":[{"href":"https:\/\/fundaciosetba.org\/es\/wp-json\/wp\/v2\/types\/post"}],"author":[{"embeddable":true,"href":"https:\/\/fundaciosetba.org\/es\/wp-json\/wp\/v2\/users\/1"}],"replies":[{"embeddable":true,"href":"https:\/\/fundaciosetba.org\/es\/wp-json\/wp\/v2\/comments?post=36203"}],"version-history":[{"count":2,"href":"https:\/\/fundaciosetba.org\/es\/wp-json\/wp\/v2\/posts\/36203\/revisions"}],"predecessor-version":[{"id":36221,"href":"https:\/\/fundaciosetba.org\/es\/wp-json\/wp\/v2\/posts\/36203\/revisions\/36221"}],"wp:featuredmedia":[{"embeddable":true,"href":"https:\/\/fundaciosetba.org\/es\/wp-json\/wp\/v2\/media\/36083"}],"wp:attachment":[{"href":"https:\/\/fundaciosetba.org\/es\/wp-json\/wp\/v2\/media?parent=36203"}],"wp:term":[{"taxonomy":"category","embeddable":true,"href":"https:\/\/fundaciosetba.org\/es\/wp-json\/wp\/v2\/categories?post=36203"},{"taxonomy":"post_tag","embeddable":true,"href":"https:\/\/fundaciosetba.org\/es\/wp-json\/wp\/v2\/tags?post=36203"}],"curies":[{"name":"wp","href":"https:\/\/api.w.org\/{rel}","templated":true}]}}