{"id":36301,"date":"2024-03-26T17:05:34","date_gmt":"2024-03-26T16:05:34","guid":{"rendered":"https:\/\/fundaciosetba.org\/la-empresa-artesta-apuesta-por-las-obras-del-premi-setba\/"},"modified":"2024-03-27T10:02:03","modified_gmt":"2024-03-27T09:02:03","slug":"la-empresa-artesta-apuesta-por-las-obras-del-premi-setba","status":"publish","type":"post","link":"https:\/\/fundaciosetba.org\/es\/la-empresa-artesta-apuesta-por-las-obras-del-premi-setba\/","title":{"rendered":"La empresa Artesta apuesta por las obras del Premi Setba"},"content":{"rendered":"<p><strong>La plataforma <a href=\"https:\/\/artesta.es\/\">Artesta.es<\/a> , de venta de l\u00e1minas de artistas emergentes, apuesta por las obras del Premi Setba.  <\/strong><\/p>\n<p>Artesta es una empresa catalana de venta de cuadros online especializada en decoraci\u00f3n de paredes, con mercado en Europa. Entre <a href=\"https:\/\/artesta.es\/pages\/artistas\">sus colecciones<\/a> , de dise\u00f1adores, fot\u00f3grafos e ilustradores tanto emergentes como consolidados, se pueden encontrar cuadros de diferentes formatos, de estilo n\u00f3rdico, de paisajes, fotograf\u00edas a enmarcar, arte minimalista, cuadros infantiles para los m\u00e1s peque\u00f1os, l\u00e1minas de dise\u00f1o gr\u00e1fico e ilustraciones, entre otros muchos.<\/p>\n<p>Con una visi\u00f3n alineada con los objetivos de la Fundaci\u00f3n Setba, Artesta tiene el  <strong>compromiso de empoderar a los artistas y autores de las obras que ofrece. Esto se traduce en su apuesta por una <a href=\"https:\/\/artesta.es\/collections\/fundacion-setba\">selecci\u00f3n de catorce obras de los \u00faltimos trece a\u00f1os del Premi Setba<\/a><\/strong>. Con esta iniciativa, no se busca s\u00f3lo dar mayor visibilidad a los artistas participantes en este certamen, sino tambi\u00e9n facilitar su comercializaci\u00f3n a trav\u00e9s de sus plataformas.<\/p>\n<p><iframe loading=\"lazy\" title=\"Premi Setba 2023 | Resum XIII gala\" width=\"640\" height=\"360\" src=\"https:\/\/www.youtube.com\/embed\/HS4WdRT9S8k?feature=oembed\" frameborder=\"0\" allow=\"accelerometer; autoplay; clipboard-write; encrypted-media; gyroscope; picture-in-picture; web-share\" referrerpolicy=\"strict-origin-when-cross-origin\" allowfullscreen><\/iframe><\/p>\n<p><strong>El Premio Setba, dirigido a personas con discapacidad intelectual, es reconocido como el certamen art\u00edstico mejor dotado de Espa\u00f1a<\/strong> , en su categor\u00eda. Tiene la voluntad de reconocer y visibilizar a estos artistas a menudo olvidados por el circuito art\u00edstico convencional, a pesar de su indiscutible valor. Desde entonces, se han presentado 8.749 obras y han premiado 39.<\/p>\n<p><strong>Actualmente, en la p\u00e1gina de Artesta, se pueden encontrar algunas de las obras ganadoras del Premi Setba en diversos formatos:<\/strong><\/p>\n<p><img loading=\"lazy\" decoding=\"async\" class=\"alignleft wp-image-36236 size-large\" src=\"https:\/\/fundaciosetba.org\/wp-content\/uploads\/2024\/03\/artesta2-1024x422.png\" alt=\"\" width=\"1024\" height=\"422\" srcset=\"https:\/\/fundaciosetba.org\/wp-content\/uploads\/2024\/03\/artesta2-1024x422.png 1024w, https:\/\/fundaciosetba.org\/wp-content\/uploads\/2024\/03\/artesta2-300x124.png 300w, https:\/\/fundaciosetba.org\/wp-content\/uploads\/2024\/03\/artesta2-150x62.png 150w, https:\/\/fundaciosetba.org\/wp-content\/uploads\/2024\/03\/artesta2-600x247.png 600w, https:\/\/fundaciosetba.org\/wp-content\/uploads\/2024\/03\/artesta2.png 1896w\" sizes=\"auto, (max-width: 1024px) 100vw, 1024px\" \/><\/p>\n<ul>\n<li><a href=\"https:\/\/artesta.es\/collections\/fundacion-setba\/products\/cuadro-abstracto-amor-pasional-monica-lopez\"><em>Amor pasional<\/em><\/a> , M\u00f3nica L\u00f3pez, 2015<\/li>\n<li><a href=\"https:\/\/artesta.es\/collections\/fundacion-setba\/products\/cuadro-abstracto-el-meu-entrenador-jose-maria-escobar\"><em>Mi entrenador<\/em><\/a> , Jos\u00e9 Maria Escobar, 2016<\/li>\n<li><a href=\"https:\/\/artesta.es\/collections\/fundacion-setba\/products\/cuadro-abstracto-the-face-raul-sanchez\"><em>The face<\/em> ,<\/a> Ra\u00fal S\u00e1nchez, 2017<\/li>\n<li><a href=\"https:\/\/artesta.es\/collections\/fundacion-setba\/products\/cuadro-abstracto-tocado-y-hundido-joel-garcia\"><em>Tocado y hundido<\/em><\/a> , Joel Garc\u00eda, 2019<\/li>\n<li><a href=\"https:\/\/artesta.es\/collections\/fundacion-setba\/products\/cuadro-abstracto-un-quadre-imponent-aina-fuster\"><em>Un cuadro imponente<\/em><\/a> , Aina Fuster, 2023<\/li>\n<li><a href=\"https:\/\/artesta.es\/collections\/fundacion-setba\/products\/cuadro-abstracto-wehid-angel-arias\"><em>Wehid<\/em><\/a> , \u00c1ngel Arias, 2022<\/li>\n<li><a href=\"https:\/\/artesta.es\/collections\/fundacion-setba\/products\/cuadro-abstracto-mirado-con-perspectiva-eduardo-fernandez\"><em>Mirado con perspectiva<\/em><\/a> , Eduardo Fern\u00e1ndez, 2022<\/li>\n<li><a href=\"https:\/\/artesta.es\/collections\/fundacion-setba\/products\/cuadro-abstracto-roc-el-sevillano-ruben-izquierdo\"><em>Roque. El sevillano<\/em><\/a>, Rub\u00e9n Izquierdo, 2020<\/li>\n<li><a href=\"https:\/\/artesta.es\/collections\/fundacion-setba\/products\/cuadro-abstracto-ojos-negros-jesus-llorente\"><em>Ojos negros<\/em><\/a> , Jes\u00fas Llorente, 2019<\/li>\n<li><a href=\"https:\/\/artesta.es\/collections\/fundacion-setba\/products\/cuadro-abstracto-mi-pie-en-verano-alicia-merino\"><em>Mi pie en verano<\/em><\/a> , Alicia Merino, 2018<\/li>\n<li><a href=\"https:\/\/artesta.es\/collections\/fundacion-setba\/products\/cuadro-abstracto-barbara-la-mujer-contenta-jesus-llorente\"><em>B\u00e1rbara, la mujer contenta<\/em><\/a> , Jes\u00fas Llorente, 2018<\/li>\n<li><a href=\"https:\/\/artesta.es\/collections\/fundacion-setba\/products\/cuadro-abstracto-bodegon-del-sxxi-m%C2%AA-angeles-martinez\"><em>Bodeg\u00f3n del s XXI<\/em><\/a> , M\u00aa \u00c1ngeles Mart\u00ednez, 2014<\/li>\n<li><a href=\"https:\/\/artesta.es\/collections\/fundacion-setba\/products\/cuadro-abstracto-autoretrat-sergio-lechuga\"><em>Autorretrato<\/em><\/a> , Sergio Lechuga, 2023<\/li>\n<li><a href=\"https:\/\/artesta.es\/collections\/fundacion-setba\/products\/cuadro-abstracto-pensando-en-las-musaranas-carmen-alvarez\"><em>Pensando en las musara\u00f1as<\/em><\/a> , Carmen \u00c1lvarez, 2023<\/li>\n<\/ul>\n<p>Entidades premiadas: Fundaci\u00f3n Estimia, Grupo Asproseat CO 1981, Grupo Alba, CO Les Corts, Fundaci\u00f3n Catalana S\u00edndrome de Down, Fundaci\u00f3n Ramon Noguera, Fundaci\u00f3n Privada Arc de Sant Mart\u00ed, Fundaci\u00f3n Privada Gaspar de Portol\u00e0, Grupo Femarec SCCL y Fundaci\u00f3n Ampans<\/p>\n<p>Este proyecto recibe el patrocinio del Ayuntamiento de Barcelona, \u200b\u200bBizcabar y Capital Care y con la colaboraci\u00f3n de Barna Art, Bardinet, Dincat, Fundaci\u00f3n \u201cla Caixa\u201d, el Gremio de Galer\u00edas de Arte de Catalu\u00f1a, IDEAL, el Instituto Europeo del Dise\u00f1o, el Museo Inmersivo del Bar\u00e7a y Pintures MIR y con el apoyo de la Fundaci\u00f3n Bar\u00e7a Genuine y la galer\u00eda Pigment Gallery.<\/p>\n","protected":false},"excerpt":{"rendered":"<p>La plataforma Artesta.es, de venta de l\u00e1minas de artistas emergentes, apuesta por las obras del Premi Setba. Artesta es una empresa catalana de venta de cuadros online especializada en decoraci\u00f3n de paredes, con mercado en Europa.<\/p>\n","protected":false},"author":1,"featured_media":36228,"comment_status":"closed","ping_status":"closed","sticky":false,"template":"","format":"standard","meta":{"footnotes":""},"categories":[1353],"tags":[],"class_list":["post-36301","post","type-post","status-publish","format-standard","has-post-thumbnail","hentry","category-premio-setba-es"],"_links":{"self":[{"href":"https:\/\/fundaciosetba.org\/es\/wp-json\/wp\/v2\/posts\/36301","targetHints":{"allow":["GET"]}}],"collection":[{"href":"https:\/\/fundaciosetba.org\/es\/wp-json\/wp\/v2\/posts"}],"about":[{"href":"https:\/\/fundaciosetba.org\/es\/wp-json\/wp\/v2\/types\/post"}],"author":[{"embeddable":true,"href":"https:\/\/fundaciosetba.org\/es\/wp-json\/wp\/v2\/users\/1"}],"replies":[{"embeddable":true,"href":"https:\/\/fundaciosetba.org\/es\/wp-json\/wp\/v2\/comments?post=36301"}],"version-history":[{"count":2,"href":"https:\/\/fundaciosetba.org\/es\/wp-json\/wp\/v2\/posts\/36301\/revisions"}],"predecessor-version":[{"id":36304,"href":"https:\/\/fundaciosetba.org\/es\/wp-json\/wp\/v2\/posts\/36301\/revisions\/36304"}],"wp:featuredmedia":[{"embeddable":true,"href":"https:\/\/fundaciosetba.org\/es\/wp-json\/wp\/v2\/media\/36228"}],"wp:attachment":[{"href":"https:\/\/fundaciosetba.org\/es\/wp-json\/wp\/v2\/media?parent=36301"}],"wp:term":[{"taxonomy":"category","embeddable":true,"href":"https:\/\/fundaciosetba.org\/es\/wp-json\/wp\/v2\/categories?post=36301"},{"taxonomy":"post_tag","embeddable":true,"href":"https:\/\/fundaciosetba.org\/es\/wp-json\/wp\/v2\/tags?post=36301"}],"curies":[{"name":"wp","href":"https:\/\/api.w.org\/{rel}","templated":true}]}}