{"id":36358,"date":"2024-04-04T17:36:29","date_gmt":"2024-04-04T16:36:29","guid":{"rendered":"https:\/\/fundaciosetba.org\/alumnos-del-ied-barcelona-visitan-el-taller-de-serigrafia-del-co-les-corts-dentro-del-proyecto-magistrals\/"},"modified":"2024-04-05T08:44:44","modified_gmt":"2024-04-05T07:44:44","slug":"alumnos-del-ied-barcelona-visitan-el-taller-de-serigrafia-del-co-les-corts-dentro-del-proyecto-magistrals","status":"publish","type":"post","link":"https:\/\/fundaciosetba.org\/es\/alumnos-del-ied-barcelona-visitan-el-taller-de-serigrafia-del-co-les-corts-dentro-del-proyecto-magistrals\/","title":{"rendered":"Alumnos del IED Barcelona visitan el taller de serigraf\u00eda del CO Les Corts, dentro del proyecto &#8220;Magistrals&#8221;"},"content":{"rendered":"<p>Durante el mes de marzo, treinta y dos estudiantes de segundo curso de Dise\u00f1o Gr\u00e1fico del Instituto Europeo del Dise\u00f1o de Barcelona han visitado las instalaciones del Centro Ocupacional Les Corts para recibir una clase pr\u00e1ctica de serigraf\u00eda por parte de los participantes del taller, como parte del proyecto pedag\u00f3gico &#8220;Magistrals&#8221;.<\/p>\n<p>Esta colaboraci\u00f3n naci\u00f3 el pasado a\u00f1o con el objetivo de ampliar la formaci\u00f3n art\u00edstica y social acercando al colectivo de artistas con discapacidad intelectual al circuito art\u00edstico universitario y, viceversa.<\/p>\n<p>La colaboraci\u00f3n se inicia con el encargo a los estudiantes de dise\u00f1o gr\u00e1fico de conceptualizar una posible aplicaci\u00f3n de las obras finalistas del Premi Setba 2024 en un producto comercial para la bodega Lacrima Baccus, del grupo Bardinet, colaborador del certamen. Despu\u00e9s de esta tarea, los alumnos tienen la oportunidad de visitar el CO Les Corts para recibir una clase de serigraf\u00eda. Por \u00faltimo, la experiencia culmina con un workshop conjunto entre los artistas finalistas del certamen y los estudiantes del IED. Este a\u00f1o, adem\u00e1s, para reforzar la colaboraci\u00f3n se ha incorporado una masterclass \u201cDigital portrait \u2013 retrato digital\u201d en el IED Barcelona para el artista ganador\/a del Premio Setba 2024 y para su entidad, valorada en 1.000 \u20ac.<\/p>\n<p>El CO Les Corts atiende a personas con discapacidad intelectual en edad laboral, con el objetivo de proporcionarles servicios de terapia ocupacional y de ajuste personal y social para conseguir su plena integraci\u00f3n sociolaboral.<\/p>\n<p>Georgina Contel, responsable de arte del taller valora de manera positiva la colaboraci\u00f3n entre las tres entidades: &#8220;los estudiantes que vienen aqu\u00ed, muchas veces, no conocen este mundo tan especial y bien, tambi\u00e9n pueden ver otra forma de trabajar , que es mucho m\u00e1s colaborativa, por pasos, a veces m\u00e1s despacio, pero que de la que podemos conseguir todo lo que nos proponemos&#8221;.<\/p>\n<p><strong>Fotograf\u00edas del taller de serigraf\u00eda de Laura G\u00e1lvez-Rhein:<\/strong><\/p>\n<div class=\"w-gallery fit_cover wp_gallery type_grid action_popup_image ratio_1x1 count_9\" style=\"--columns:3;--items-gap:8px;\"><div class=\"w-gallery-list\"><div class=\"w-gallery-item\"><div class=\"w-gallery-item-img\"><img loading=\"lazy\" decoding=\"async\" width=\"300\" height=\"300\" src=\"https:\/\/fundaciosetba.org\/wp-content\/uploads\/2024\/04\/01-02_Magistrals_COLesCorts_G-3-300x300.jpg\" class=\"attachment-woocommerce_thumbnail size-woocommerce_thumbnail\" alt=\"\u00a9Laura G\u00e1lvez-Rhein\" srcset=\"https:\/\/fundaciosetba.org\/wp-content\/uploads\/2024\/04\/01-02_Magistrals_COLesCorts_G-3-300x300.jpg 300w, https:\/\/fundaciosetba.org\/wp-content\/uploads\/2024\/04\/01-02_Magistrals_COLesCorts_G-3-150x150.jpg 150w\" sizes=\"auto, (max-width: 300px) 100vw, 300px\" \/><\/div><a class=\"w-gallery-item-link\" aria-label=\"\u00a9Laura G\u00e1lvez-Rhein\" href=\"https:\/\/fundaciosetba.org\/wp-content\/uploads\/2024\/04\/01-02_Magistrals_COLesCorts_G-3-scaled.jpg\" title=\"\u00a9Laura G\u00e1lvez-Rhein\"><\/a><\/div><div class=\"w-gallery-item\"><div class=\"w-gallery-item-img\"><img loading=\"lazy\" decoding=\"async\" width=\"300\" height=\"300\" src=\"https:\/\/fundaciosetba.org\/wp-content\/uploads\/2024\/04\/01-02-4-300x300.jpg\" class=\"attachment-woocommerce_thumbnail size-woocommerce_thumbnail\" alt=\"\u00a9Laura G\u00e1lvez-Rhein\" srcset=\"https:\/\/fundaciosetba.org\/wp-content\/uploads\/2024\/04\/01-02-4-300x300.jpg 300w, https:\/\/fundaciosetba.org\/wp-content\/uploads\/2024\/04\/01-02-4-150x150.jpg 150w\" sizes=\"auto, (max-width: 300px) 100vw, 300px\" \/><\/div><a class=\"w-gallery-item-link\" aria-label=\"\u00a9Laura G\u00e1lvez-Rhein\" href=\"https:\/\/fundaciosetba.org\/wp-content\/uploads\/2024\/04\/01-02-4-scaled.jpg\" title=\"\u00a9Laura G\u00e1lvez-Rhein\"><\/a><\/div><div class=\"w-gallery-item\"><div class=\"w-gallery-item-img\"><img loading=\"lazy\" decoding=\"async\" width=\"300\" height=\"300\" src=\"https:\/\/fundaciosetba.org\/wp-content\/uploads\/2024\/04\/017FD41-300x300.jpg\" class=\"attachment-woocommerce_thumbnail size-woocommerce_thumbnail\" alt=\"\u00a9Laura G\u00e1lvez-Rhein\" srcset=\"https:\/\/fundaciosetba.org\/wp-content\/uploads\/2024\/04\/017FD41-300x300.jpg 300w, https:\/\/fundaciosetba.org\/wp-content\/uploads\/2024\/04\/017FD41-150x150.jpg 150w\" sizes=\"auto, (max-width: 300px) 100vw, 300px\" \/><\/div><a class=\"w-gallery-item-link\" aria-label=\"\u00a9Laura G\u00e1lvez-Rhein\" href=\"https:\/\/fundaciosetba.org\/wp-content\/uploads\/2024\/04\/017FD41-scaled.jpg\" title=\"\u00a9Laura G\u00e1lvez-Rhein\"><\/a><\/div><div class=\"w-gallery-item\"><div class=\"w-gallery-item-img\"><img loading=\"lazy\" decoding=\"async\" width=\"300\" height=\"300\" src=\"https:\/\/fundaciosetba.org\/wp-content\/uploads\/2024\/04\/01B43A1-300x300.jpg\" class=\"attachment-woocommerce_thumbnail size-woocommerce_thumbnail\" alt=\"\u00a9Laura G\u00e1lvez-Rhein\" srcset=\"https:\/\/fundaciosetba.org\/wp-content\/uploads\/2024\/04\/01B43A1-300x300.jpg 300w, https:\/\/fundaciosetba.org\/wp-content\/uploads\/2024\/04\/01B43A1-150x150.jpg 150w\" sizes=\"auto, (max-width: 300px) 100vw, 300px\" \/><\/div><a class=\"w-gallery-item-link\" aria-label=\"\u00a9Laura G\u00e1lvez-Rhein\" href=\"https:\/\/fundaciosetba.org\/wp-content\/uploads\/2024\/04\/01B43A1-scaled.jpg\" title=\"\u00a9Laura G\u00e1lvez-Rhein\"><\/a><\/div><div class=\"w-gallery-item\"><div class=\"w-gallery-item-img\"><img loading=\"lazy\" decoding=\"async\" width=\"300\" height=\"300\" src=\"https:\/\/fundaciosetba.org\/wp-content\/uploads\/2024\/04\/01567D1-300x300.jpg\" class=\"attachment-woocommerce_thumbnail size-woocommerce_thumbnail\" alt=\"\u00a9Laura G\u00e1lvez-Rhein\" srcset=\"https:\/\/fundaciosetba.org\/wp-content\/uploads\/2024\/04\/01567D1-300x300.jpg 300w, https:\/\/fundaciosetba.org\/wp-content\/uploads\/2024\/04\/01567D1-150x150.jpg 150w\" sizes=\"auto, (max-width: 300px) 100vw, 300px\" \/><\/div><a class=\"w-gallery-item-link\" aria-label=\"\u00a9Laura G\u00e1lvez-Rhein\" href=\"https:\/\/fundaciosetba.org\/wp-content\/uploads\/2024\/04\/01567D1-scaled.jpg\" title=\"\u00a9Laura G\u00e1lvez-Rhein\"><\/a><\/div><div class=\"w-gallery-item\"><div class=\"w-gallery-item-img\"><img loading=\"lazy\" decoding=\"async\" width=\"300\" height=\"300\" src=\"https:\/\/fundaciosetba.org\/wp-content\/uploads\/2024\/04\/0119F61-300x300.jpg\" class=\"attachment-woocommerce_thumbnail size-woocommerce_thumbnail\" alt=\"\u00a9Laura G\u00e1lvez-Rhein\" srcset=\"https:\/\/fundaciosetba.org\/wp-content\/uploads\/2024\/04\/0119F61-300x300.jpg 300w, https:\/\/fundaciosetba.org\/wp-content\/uploads\/2024\/04\/0119F61-150x150.jpg 150w\" sizes=\"auto, (max-width: 300px) 100vw, 300px\" \/><\/div><a class=\"w-gallery-item-link\" aria-label=\"\u00a9Laura G\u00e1lvez-Rhein\" href=\"https:\/\/fundaciosetba.org\/wp-content\/uploads\/2024\/04\/0119F61-scaled.jpg\" title=\"\u00a9Laura G\u00e1lvez-Rhein\"><\/a><\/div><div class=\"w-gallery-item\"><div class=\"w-gallery-item-img\"><img loading=\"lazy\" decoding=\"async\" width=\"300\" height=\"300\" src=\"https:\/\/fundaciosetba.org\/wp-content\/uploads\/2024\/04\/0183AA1-300x300.jpg\" class=\"attachment-woocommerce_thumbnail size-woocommerce_thumbnail\" alt=\"\u00a9Laura G\u00e1lvez-Rhein\" srcset=\"https:\/\/fundaciosetba.org\/wp-content\/uploads\/2024\/04\/0183AA1-300x300.jpg 300w, https:\/\/fundaciosetba.org\/wp-content\/uploads\/2024\/04\/0183AA1-150x150.jpg 150w\" sizes=\"auto, (max-width: 300px) 100vw, 300px\" \/><\/div><a class=\"w-gallery-item-link\" aria-label=\"\u00a9Laura G\u00e1lvez-Rhein\" href=\"https:\/\/fundaciosetba.org\/wp-content\/uploads\/2024\/04\/0183AA1-scaled.jpg\" title=\"\u00a9Laura G\u00e1lvez-Rhein\"><\/a><\/div><div class=\"w-gallery-item\"><div class=\"w-gallery-item-img\"><img loading=\"lazy\" decoding=\"async\" width=\"300\" height=\"300\" src=\"https:\/\/fundaciosetba.org\/wp-content\/uploads\/2024\/04\/01566C1-300x300.jpg\" class=\"attachment-woocommerce_thumbnail size-woocommerce_thumbnail\" alt=\"\u00a9Laura G\u00e1lvez-Rhein\" srcset=\"https:\/\/fundaciosetba.org\/wp-content\/uploads\/2024\/04\/01566C1-300x300.jpg 300w, https:\/\/fundaciosetba.org\/wp-content\/uploads\/2024\/04\/01566C1-150x150.jpg 150w\" sizes=\"auto, (max-width: 300px) 100vw, 300px\" \/><\/div><a class=\"w-gallery-item-link\" aria-label=\"\u00a9Laura G\u00e1lvez-Rhein\" href=\"https:\/\/fundaciosetba.org\/wp-content\/uploads\/2024\/04\/01566C1-scaled.jpg\" title=\"\u00a9Laura G\u00e1lvez-Rhein\"><\/a><\/div><div class=\"w-gallery-item\"><div class=\"w-gallery-item-img\"><img loading=\"lazy\" decoding=\"async\" width=\"300\" height=\"300\" src=\"https:\/\/fundaciosetba.org\/wp-content\/uploads\/2024\/04\/0177C41-300x300.jpg\" class=\"attachment-woocommerce_thumbnail size-woocommerce_thumbnail\" alt=\"\u00a9Laura G\u00e1lvez-Rhein\" srcset=\"https:\/\/fundaciosetba.org\/wp-content\/uploads\/2024\/04\/0177C41-300x300.jpg 300w, https:\/\/fundaciosetba.org\/wp-content\/uploads\/2024\/04\/0177C41-150x150.jpg 150w\" sizes=\"auto, (max-width: 300px) 100vw, 300px\" \/><\/div><a class=\"w-gallery-item-link\" aria-label=\"\u00a9Laura G\u00e1lvez-Rhein\" href=\"https:\/\/fundaciosetba.org\/wp-content\/uploads\/2024\/04\/0177C41-scaled.jpg\" title=\"\u00a9Laura G\u00e1lvez-Rhein\"><\/a><\/div><\/div><\/div>\n<p>&nbsp;<\/p>\n<p>Este proyecto est\u00e1 organizado por la Fundaci\u00f3n Setba y recibe el patrocinio de Bizcabar Serveis Immobiliaris, Capital Care; con la colaboraci\u00f3n del Ayuntamiento de Barcelona, \u200b\u200bBarna Art, Bardinet, Galer\u00edas de Arte de Catalu\u00f1a, Dincat, El Museo del FC Barcelona, \u200b\u200bFundaci\u00f3n \u201cla Caixa\u201d, Instituto Europeo del Dise\u00f1o de Barcelona, \u200b\u200bPinturas MIR; y el apoyo de la Pigment Gallery y de la Fundaci\u00f3n Bar\u00e7a Genuine.<\/p>\n","protected":false},"excerpt":{"rendered":"<p>Treinta y dos estudiantes de segundo curso de Dise\u00f1o Gr\u00e1fico del Instituto Europeo del Dise\u00f1o de Barcelona visitaron las instalaciones del Centro Ocupacional Les Corts para recibir una clase pr\u00e1ctica de serigraf\u00eda por parte de los participantes del taller, como parte del proyecto pedag\u00f3gico &#8220;Magistrales&#8221;.<\/p>\n","protected":false},"author":1,"featured_media":36351,"comment_status":"closed","ping_status":"closed","sticky":false,"template":"","format":"standard","meta":{"footnotes":""},"categories":[1352],"tags":[],"class_list":["post-36358","post","type-post","status-publish","format-standard","has-post-thumbnail","hentry","category-magistrales-es"],"_links":{"self":[{"href":"https:\/\/fundaciosetba.org\/es\/wp-json\/wp\/v2\/posts\/36358","targetHints":{"allow":["GET"]}}],"collection":[{"href":"https:\/\/fundaciosetba.org\/es\/wp-json\/wp\/v2\/posts"}],"about":[{"href":"https:\/\/fundaciosetba.org\/es\/wp-json\/wp\/v2\/types\/post"}],"author":[{"embeddable":true,"href":"https:\/\/fundaciosetba.org\/es\/wp-json\/wp\/v2\/users\/1"}],"replies":[{"embeddable":true,"href":"https:\/\/fundaciosetba.org\/es\/wp-json\/wp\/v2\/comments?post=36358"}],"version-history":[{"count":1,"href":"https:\/\/fundaciosetba.org\/es\/wp-json\/wp\/v2\/posts\/36358\/revisions"}],"predecessor-version":[{"id":36359,"href":"https:\/\/fundaciosetba.org\/es\/wp-json\/wp\/v2\/posts\/36358\/revisions\/36359"}],"wp:featuredmedia":[{"embeddable":true,"href":"https:\/\/fundaciosetba.org\/es\/wp-json\/wp\/v2\/media\/36351"}],"wp:attachment":[{"href":"https:\/\/fundaciosetba.org\/es\/wp-json\/wp\/v2\/media?parent=36358"}],"wp:term":[{"taxonomy":"category","embeddable":true,"href":"https:\/\/fundaciosetba.org\/es\/wp-json\/wp\/v2\/categories?post=36358"},{"taxonomy":"post_tag","embeddable":true,"href":"https:\/\/fundaciosetba.org\/es\/wp-json\/wp\/v2\/tags?post=36358"}],"curies":[{"name":"wp","href":"https:\/\/api.w.org\/{rel}","templated":true}]}}