{"id":36403,"date":"2024-04-09T15:10:43","date_gmt":"2024-04-09T14:10:43","guid":{"rendered":"https:\/\/fundaciosetba.org\/tope-rodriguez-renueva-como-director-artistico-de-traspasando-muros-que-por-primera-vez-se-realiza-en-el-cp-de-jovenes\/"},"modified":"2024-04-09T17:17:51","modified_gmt":"2024-04-09T16:17:51","slug":"tope-rodriguez-renueva-como-director-artistico-de-traspasando-muros-que-por-primera-vez-se-realiza-en-el-cp-de-jovenes","status":"publish","type":"post","link":"https:\/\/fundaciosetba.org\/es\/tope-rodriguez-renueva-como-director-artistico-de-traspasando-muros-que-por-primera-vez-se-realiza-en-el-cp-de-jovenes\/","title":{"rendered":"Tope Rodr\u00edguez renueva como director art\u00edstico de Traspasando Muros, que, por primera vez, se realiza en el CP de J\u00f3venes"},"content":{"rendered":"<p>Despu\u00e9s de seis a\u00f1os llevando a cabo el proyecto art\u00edstico <em>Traspasando Muros<\/em> en varios centros educativos de justicia juvenil en Catalu\u00f1a &#8211; en Can Llupi\u00e0 (2018-2020) en colaboraci\u00f3n con el artista Marcel\u00b7l\u00ed Ant\u00fanez; en Els Til\u00b7lers (2021) con Zosen Bandido y Mina Hamada; en Montilivi (2022) con el artista Rice; y en El Segre (2023) con Tope Rodr\u00edguez \u2014 la Fundaci\u00f3n Setba da un paso m\u00e1s all\u00e1 al replicarlo por primera vez en el Centro Penitenciario de J\u00f3venes.<\/p>\n<p>El Centro Penitenciario de J\u00f3venes fue inaugurado en octubre de 2008 para sustituir al anterior situado en el barrio de la Trinidad de Barcelona desde 1983. Este nuevo equipamiento, ubicado junto al Centro Penitenciario Quatre Camins, en el t\u00e9rmino municipal de La Roca del Vall\u00e8s, tiene una capacidad de 388 plazas y acoge a j\u00f3venes de 18 a 21 a\u00f1os. Esta franja de edad es cr\u00edtica, ya que en este per\u00edodo se consolida la personalidad del individuo.<\/p>\n<p>Por esta nueva fase del proyecto, la Fundaci\u00f3n Setba ha renovado su colaboraci\u00f3n con Tope Rodr\u00edguez como director art\u00edstico. Rodr\u00edguez, muralista y tatuador, ya lider\u00f3 el proyecto el a\u00f1o anterior en el Centro Educativo de Justicia Juvenil El Segre (Lleida), donde se realiz\u00f3 un mural de 30 metros de longitud que trataba temas como el futuro, el paso del tiempo, el apoyo y la amistad, simbolizando el positivismo y la libertad.<\/p>\n<p><iframe loading=\"lazy\" title=\"Traspassant Murs 2023 | CEJJ El Segre | Artista Tope\" width=\"640\" height=\"360\" src=\"https:\/\/www.youtube.com\/embed\/vm36pJrHEB4?feature=oembed\" frameborder=\"0\" allow=\"accelerometer; autoplay; clipboard-write; encrypted-media; gyroscope; picture-in-picture; web-share\" referrerpolicy=\"strict-origin-when-cross-origin\" allowfullscreen><\/iframe><\/p>\n<p>&#8220;Para m\u00ed, el arte es un medio para expresar y comunicar lo que reside en el interior. En el \u00e1mbito social, es una oportunidad para mostrar nuestros sentimientos pese a los errores&#8221;, afirma el artista.<\/p>\n<p><strong>Fotograf\u00edas de Laura G\u00e1lvez-Rhein, El Segre, 2023:<\/strong><\/p>\n<div class=\"w-gallery fit_cover wp_gallery type_grid action_popup_image ratio_1x1 count_6\" style=\"--columns:3;--items-gap:8px;\"><div class=\"w-gallery-list\"><div class=\"w-gallery-item\"><div class=\"w-gallery-item-img\"><img loading=\"lazy\" decoding=\"async\" width=\"300\" height=\"300\" src=\"https:\/\/fundaciosetba.org\/wp-content\/uploads\/2024\/04\/2023-03-20_Traspassant-Murs_Centre-Educatiu-El-Segre-Lleida_09-300x300.jpg\" class=\"attachment-woocommerce_thumbnail size-woocommerce_thumbnail\" alt=\"\" srcset=\"https:\/\/fundaciosetba.org\/wp-content\/uploads\/2024\/04\/2023-03-20_Traspassant-Murs_Centre-Educatiu-El-Segre-Lleida_09-300x300.jpg 300w, https:\/\/fundaciosetba.org\/wp-content\/uploads\/2024\/04\/2023-03-20_Traspassant-Murs_Centre-Educatiu-El-Segre-Lleida_09-150x150.jpg 150w\" sizes=\"auto, (max-width: 300px) 100vw, 300px\" \/><\/div><a class=\"w-gallery-item-link\" aria-label=\"2023-03-20_Traspassant Murs_Centre Educatiu El Segre, Lleida_09\" href=\"https:\/\/fundaciosetba.org\/wp-content\/uploads\/2024\/04\/2023-03-20_Traspassant-Murs_Centre-Educatiu-El-Segre-Lleida_09.jpg\" title=\"2023-03-20_Traspassant Murs_Centre Educatiu El Segre, Lleida_09\"><\/a><\/div><div class=\"w-gallery-item\"><div class=\"w-gallery-item-img\"><img loading=\"lazy\" decoding=\"async\" width=\"300\" height=\"300\" src=\"https:\/\/fundaciosetba.org\/wp-content\/uploads\/2024\/04\/2023-03-20_Traspassant-Murs_Centre-Educatiu-El-Segre-Lleida_13-300x300.jpg\" class=\"attachment-woocommerce_thumbnail size-woocommerce_thumbnail\" alt=\"\" srcset=\"https:\/\/fundaciosetba.org\/wp-content\/uploads\/2024\/04\/2023-03-20_Traspassant-Murs_Centre-Educatiu-El-Segre-Lleida_13-300x300.jpg 300w, https:\/\/fundaciosetba.org\/wp-content\/uploads\/2024\/04\/2023-03-20_Traspassant-Murs_Centre-Educatiu-El-Segre-Lleida_13-150x150.jpg 150w\" sizes=\"auto, (max-width: 300px) 100vw, 300px\" \/><\/div><a class=\"w-gallery-item-link\" aria-label=\"2023-03-20_Traspassant Murs_Centre Educatiu El Segre, Lleida_13\" href=\"https:\/\/fundaciosetba.org\/wp-content\/uploads\/2024\/04\/2023-03-20_Traspassant-Murs_Centre-Educatiu-El-Segre-Lleida_13.jpg\" title=\"2023-03-20_Traspassant Murs_Centre Educatiu El Segre, Lleida_13\"><\/a><\/div><div class=\"w-gallery-item\"><div class=\"w-gallery-item-img\"><img loading=\"lazy\" decoding=\"async\" width=\"300\" height=\"300\" src=\"https:\/\/fundaciosetba.org\/wp-content\/uploads\/2024\/04\/2023-03-20_Traspassant-Murs_Centre-Educatiu-El-Segre-Lleida_48-300x300.jpg\" class=\"attachment-woocommerce_thumbnail size-woocommerce_thumbnail\" alt=\"\" srcset=\"https:\/\/fundaciosetba.org\/wp-content\/uploads\/2024\/04\/2023-03-20_Traspassant-Murs_Centre-Educatiu-El-Segre-Lleida_48-300x300.jpg 300w, https:\/\/fundaciosetba.org\/wp-content\/uploads\/2024\/04\/2023-03-20_Traspassant-Murs_Centre-Educatiu-El-Segre-Lleida_48-150x150.jpg 150w\" sizes=\"auto, (max-width: 300px) 100vw, 300px\" \/><\/div><a class=\"w-gallery-item-link\" aria-label=\"2023-03-20_Traspassant Murs_Centre Educatiu El Segre, Lleida_48\" href=\"https:\/\/fundaciosetba.org\/wp-content\/uploads\/2024\/04\/2023-03-20_Traspassant-Murs_Centre-Educatiu-El-Segre-Lleida_48.jpg\" title=\"2023-03-20_Traspassant Murs_Centre Educatiu El Segre, Lleida_48\"><\/a><\/div><div class=\"w-gallery-item\"><div class=\"w-gallery-item-img\"><img loading=\"lazy\" decoding=\"async\" width=\"300\" height=\"300\" src=\"https:\/\/fundaciosetba.org\/wp-content\/uploads\/2024\/04\/2023-03-20_Traspassant-Murs_Centre-Educatiu-El-Segre-Lleida_67-300x300.jpg\" class=\"attachment-woocommerce_thumbnail size-woocommerce_thumbnail\" alt=\"\" srcset=\"https:\/\/fundaciosetba.org\/wp-content\/uploads\/2024\/04\/2023-03-20_Traspassant-Murs_Centre-Educatiu-El-Segre-Lleida_67-300x300.jpg 300w, https:\/\/fundaciosetba.org\/wp-content\/uploads\/2024\/04\/2023-03-20_Traspassant-Murs_Centre-Educatiu-El-Segre-Lleida_67-150x150.jpg 150w\" sizes=\"auto, (max-width: 300px) 100vw, 300px\" \/><\/div><a class=\"w-gallery-item-link\" aria-label=\"2023-03-20_Traspassant Murs_Centre Educatiu El Segre, Lleida_67\" href=\"https:\/\/fundaciosetba.org\/wp-content\/uploads\/2024\/04\/2023-03-20_Traspassant-Murs_Centre-Educatiu-El-Segre-Lleida_67.jpg\" title=\"2023-03-20_Traspassant Murs_Centre Educatiu El Segre, Lleida_67\"><\/a><\/div><div class=\"w-gallery-item\"><div class=\"w-gallery-item-img\"><img loading=\"lazy\" decoding=\"async\" width=\"300\" height=\"300\" src=\"https:\/\/fundaciosetba.org\/wp-content\/uploads\/2024\/04\/2023-03-20_Traspassant-Murs_Centre-Educatiu-El-Segre-Lleida_70-300x300.jpg\" class=\"attachment-woocommerce_thumbnail size-woocommerce_thumbnail\" alt=\"\" srcset=\"https:\/\/fundaciosetba.org\/wp-content\/uploads\/2024\/04\/2023-03-20_Traspassant-Murs_Centre-Educatiu-El-Segre-Lleida_70-300x300.jpg 300w, https:\/\/fundaciosetba.org\/wp-content\/uploads\/2024\/04\/2023-03-20_Traspassant-Murs_Centre-Educatiu-El-Segre-Lleida_70-150x150.jpg 150w\" sizes=\"auto, (max-width: 300px) 100vw, 300px\" \/><\/div><a class=\"w-gallery-item-link\" aria-label=\"2023-03-20_Traspassant Murs_Centre Educatiu El Segre, Lleida_70\" href=\"https:\/\/fundaciosetba.org\/wp-content\/uploads\/2024\/04\/2023-03-20_Traspassant-Murs_Centre-Educatiu-El-Segre-Lleida_70.jpg\" title=\"2023-03-20_Traspassant Murs_Centre Educatiu El Segre, Lleida_70\"><\/a><\/div><div class=\"w-gallery-item\"><div class=\"w-gallery-item-img\"><img loading=\"lazy\" decoding=\"async\" width=\"300\" height=\"300\" src=\"https:\/\/fundaciosetba.org\/wp-content\/uploads\/2024\/04\/2023-03-20_Traspassant-Murs_Centre-Educatiu-El-Segre-Lleida_72-300x300.jpg\" class=\"attachment-woocommerce_thumbnail size-woocommerce_thumbnail\" alt=\"\" srcset=\"https:\/\/fundaciosetba.org\/wp-content\/uploads\/2024\/04\/2023-03-20_Traspassant-Murs_Centre-Educatiu-El-Segre-Lleida_72-300x300.jpg 300w, https:\/\/fundaciosetba.org\/wp-content\/uploads\/2024\/04\/2023-03-20_Traspassant-Murs_Centre-Educatiu-El-Segre-Lleida_72-150x150.jpg 150w\" sizes=\"auto, (max-width: 300px) 100vw, 300px\" \/><\/div><a class=\"w-gallery-item-link\" aria-label=\"2023-03-20_Traspassant Murs_Centre Educatiu El Segre, Lleida_72\" href=\"https:\/\/fundaciosetba.org\/wp-content\/uploads\/2024\/04\/2023-03-20_Traspassant-Murs_Centre-Educatiu-El-Segre-Lleida_72.jpg\" title=\"2023-03-20_Traspassant Murs_Centre Educatiu El Segre, Lleida_72\"><\/a><\/div><\/div><\/div>\n<p>Los objetivos de este proyecto incluyen despertar el inter\u00e9s por el arte, fomentar el trabajo en equipo, calmar la ansiedad y promover el empoderamiento y la autoestima.<\/p>\n<p>Del 8 al 30 de abril, un total de 20 j\u00f3venes participar\u00e1n en la intervenci\u00f3n de un mural que quedar\u00e1 impreso en el patio del CP de Joves. Durante la presentaci\u00f3n, se les facilitan unos soportes que simulan las proporciones del muro y, con la orientaci\u00f3n del t\u00e9cnico art\u00edstico del centro, expresan con im\u00e1genes y palabras lo que quieren representar en el mural. Las semanas siguientes se dedican a la creaci\u00f3n del mural directamente en el muro.<\/p>\n<p>Este a\u00f1o, para el desarrollo de la iniciativa, el equipo de la Fundaci\u00f3n Setba cuenta con la colaboraci\u00f3n de Pep Walls, artista que ya particip\u00f3 en la intervenci\u00f3n en Els Til\u00b7lers, como estudiante en pr\u00e1cticas y que ahora se ha incorporado en el equipo como asistente del Tope, as\u00ed como con la Madalena Hip\u00f3lito, voluntaria del proyecto y estudiante de Artes aplicadas al muro de la Escola Massana.<\/p>\n<p>Aparte de esto, en esta edici\u00f3n, se firmar\u00e1 un convenio con la concejal\u00eda de cultura del Ayuntamiento de la Roca del Vall\u00e9s para visibilizar el proyecto y el colectivo con una r\u00e9plica del muro en el centro deportivo municipal.<\/p>\n<p><em>Traspassant Murs<\/em> recibe el patrocinio de Bizcabar Servicios Inmobiliarios, la colaboraci\u00f3n de NBQ Barcelona y Pinturas Lepanto y el apoyo del Departamento de Justicia, Derechos y Memoria y del Ayuntamiento de la Roca del Vall\u00e8s.<\/p>\n","protected":false},"excerpt":{"rendered":"<p>Del 8 al 30 de abril, un total de 20 j\u00f3venes participar\u00e1n en la intervenci\u00f3n de un mural que quedar\u00e1 impreso en el patio del CP de J\u00f3venes, donde se expresen cu\u00e1les son sus deseos.<\/p>\n","protected":false},"author":1,"featured_media":36372,"comment_status":"closed","ping_status":"closed","sticky":false,"template":"","format":"standard","meta":{"footnotes":""},"categories":[1349],"tags":[],"class_list":["post-36403","post","type-post","status-publish","format-standard","has-post-thumbnail","hentry","category-traspasando-muros-es"],"_links":{"self":[{"href":"https:\/\/fundaciosetba.org\/es\/wp-json\/wp\/v2\/posts\/36403","targetHints":{"allow":["GET"]}}],"collection":[{"href":"https:\/\/fundaciosetba.org\/es\/wp-json\/wp\/v2\/posts"}],"about":[{"href":"https:\/\/fundaciosetba.org\/es\/wp-json\/wp\/v2\/types\/post"}],"author":[{"embeddable":true,"href":"https:\/\/fundaciosetba.org\/es\/wp-json\/wp\/v2\/users\/1"}],"replies":[{"embeddable":true,"href":"https:\/\/fundaciosetba.org\/es\/wp-json\/wp\/v2\/comments?post=36403"}],"version-history":[{"count":1,"href":"https:\/\/fundaciosetba.org\/es\/wp-json\/wp\/v2\/posts\/36403\/revisions"}],"predecessor-version":[{"id":36405,"href":"https:\/\/fundaciosetba.org\/es\/wp-json\/wp\/v2\/posts\/36403\/revisions\/36405"}],"wp:featuredmedia":[{"embeddable":true,"href":"https:\/\/fundaciosetba.org\/es\/wp-json\/wp\/v2\/media\/36372"}],"wp:attachment":[{"href":"https:\/\/fundaciosetba.org\/es\/wp-json\/wp\/v2\/media?parent=36403"}],"wp:term":[{"taxonomy":"category","embeddable":true,"href":"https:\/\/fundaciosetba.org\/es\/wp-json\/wp\/v2\/categories?post=36403"},{"taxonomy":"post_tag","embeddable":true,"href":"https:\/\/fundaciosetba.org\/es\/wp-json\/wp\/v2\/tags?post=36403"}],"curies":[{"name":"wp","href":"https:\/\/api.w.org\/{rel}","templated":true}]}}