{"id":36472,"date":"2024-04-11T12:39:07","date_gmt":"2024-04-11T11:39:07","guid":{"rendered":"https:\/\/fundaciosetba.org\/el-proyecto-natura-es-cultura-preseleccionado-en-el-premio-lluis-carulla\/"},"modified":"2024-04-11T12:54:46","modified_gmt":"2024-04-11T11:54:46","slug":"el-proyecto-natura-es-cultura-preseleccionado-en-el-premio-lluis-carulla","status":"publish","type":"post","link":"https:\/\/fundaciosetba.org\/es\/el-proyecto-natura-es-cultura-preseleccionado-en-el-premio-lluis-carulla\/","title":{"rendered":"El proyecto &#8220;Natura es Cultura&#8221; preseleccionado en el Premio Llu\u00eds Carulla"},"content":{"rendered":"<p>Nos complace comunicaros una gran noticia: <strong>El proyecto &#8220;Natura es Cultura&#8221; ha sido uno de los 20 preseleccionados en optar al <a href=\"https:\/\/fundaciocarulla.cat\/premi-lluis-carulla\/\">Premio Llu\u00eds Carulla<\/a><\/strong> . Este premio, que valora y reconoce la excelencia en el emprendimiento cultural, destaca aquellos proyectos que contribuyen a transformar la sociedad catalana a trav\u00e9s del arte y la creatividad.<\/p>\n<p>En esta primera fase, los 20 proyectos seleccionados <strong>formar\u00e1n parte de la Academia del Premio Llu\u00eds Carulla 2024<\/strong> , que durante cuatro semanas, participar\u00e1n en un programa formativo intensivo de 12 horas, que incluye talleres sobre cultura y transformaci\u00f3n social, creatividad y comunicaci\u00f3n, habilidades emprendedoras e impacto. Al final de la Academia, se seleccionar\u00e1n 10 que pasar\u00e1n a la fase de Incubaci\u00f3n.<\/p>\n<p><a ref=\"magnificPopup\" href=\"https:\/\/fundaciosetba.org\/wp-content\/uploads\/2024\/04\/1712676818536-1024x512.jpg\"><img loading=\"lazy\" decoding=\"async\" class=\"aligncenter wp-image-36462 \" src=\"https:\/\/fundaciosetba.org\/wp-content\/uploads\/2024\/04\/1712676818536-1024x512.jpg\" alt=\"\" width=\"874\" height=\"437\" srcset=\"https:\/\/fundaciosetba.org\/wp-content\/uploads\/2024\/04\/1712676818536-1024x512.jpg 1024w, https:\/\/fundaciosetba.org\/wp-content\/uploads\/2024\/04\/1712676818536-300x150.jpg 300w, https:\/\/fundaciosetba.org\/wp-content\/uploads\/2024\/04\/1712676818536-150x75.jpg 150w, https:\/\/fundaciosetba.org\/wp-content\/uploads\/2024\/04\/1712676818536-600x300.jpg 600w, https:\/\/fundaciosetba.org\/wp-content\/uploads\/2024\/04\/1712676818536.jpg 2048w\" sizes=\"auto, (max-width: 874px) 100vw, 874px\" \/><\/a><\/p>\n<p><em>Natura es Cultura<\/em> es un <strong>proyecto de respiro art\u00edstico dirigido a entidades de salud mental de Catalu\u00f1a y dirigido por el artista Quim Moya<\/strong> con la colaboraci\u00f3n de la psic\u00f3loga y bailarina, <strong>Maria Ribera<\/strong> y del ingeniero forestal <strong>Ignasi Vilarasau<\/strong> , en la residencia de artistas Cal Gras de Aviny\u00f3.<\/p>\n<p>Se trata de una <strong>estancia de una semana para personas que conviven con trastornos mentales , durante la cual se realizan talleres art\u00edsticos de land art , danza y actividades de conciencia medioambiental en el entorno natural del Bages.<\/strong> El proyecto tiene la voluntad de contribuir al bienestar ya la integraci\u00f3n social de los usuarios y las usuarias, fomentando sus capacidades art\u00edsticas y facilitando el contacto con la naturaleza, as\u00ed como dar un respiro a las familias ya las personas participantes. Adem\u00e1s, durante el mes de septiembre, tambi\u00e9n participar\u00e1n en el Festival Art &amp; Gavarres y en actividades de divulgaci\u00f3n y concienciaci\u00f3n con escuelas del territorio.<\/p>\n<p><strong>Estar preseleccionados en el Premio Llu\u00eds Carulla representa un reconocimiento al compromiso y la dedicaci\u00f3n de todo el equipo de la Fundaci\u00f3 Setba<\/strong> en la implementaci\u00f3n de este proyecto art\u00edstico, as\u00ed como una oportunidad para profundizar en el conocimiento y las habilidades necesarias para su continuaci\u00f3n y mejora en el camino hacia la transformaci\u00f3n social a trav\u00e9s del arte y la cultura, especialmente en el \u00e1mbito de la salud mental.<\/p>\n<p>A continuaci\u00f3n, puede ver el reportaje que hicimos del proyecto en el 2022:<\/p>\n<p><iframe loading=\"lazy\" title=\"Natura \u00e9s Cultura | Art i salut mental amb Quim Moya\" width=\"640\" height=\"360\" src=\"https:\/\/www.youtube.com\/embed\/RsUQrnVzoW0?feature=oembed\" frameborder=\"0\" allow=\"accelerometer; autoplay; clipboard-write; encrypted-media; gyroscope; picture-in-picture; web-share\" referrerpolicy=\"strict-origin-when-cross-origin\" allowfullscreen><\/iframe><\/p>\n","protected":false},"excerpt":{"rendered":"<p>Este premio, que valora y reconoce la excelencia en el emprendimiento cultural, destaca aquellos proyectos que quieren contribuir a transformar la sociedad catalana a trav\u00e9s del arte y la creatividad.<\/p>\n","protected":false},"author":1,"featured_media":36461,"comment_status":"closed","ping_status":"closed","sticky":false,"template":"","format":"standard","meta":{"footnotes":""},"categories":[1242],"tags":[],"class_list":["post-36472","post","type-post","status-publish","format-standard","has-post-thumbnail","hentry","category-natura-es-cultura-2"],"_links":{"self":[{"href":"https:\/\/fundaciosetba.org\/es\/wp-json\/wp\/v2\/posts\/36472","targetHints":{"allow":["GET"]}}],"collection":[{"href":"https:\/\/fundaciosetba.org\/es\/wp-json\/wp\/v2\/posts"}],"about":[{"href":"https:\/\/fundaciosetba.org\/es\/wp-json\/wp\/v2\/types\/post"}],"author":[{"embeddable":true,"href":"https:\/\/fundaciosetba.org\/es\/wp-json\/wp\/v2\/users\/1"}],"replies":[{"embeddable":true,"href":"https:\/\/fundaciosetba.org\/es\/wp-json\/wp\/v2\/comments?post=36472"}],"version-history":[{"count":1,"href":"https:\/\/fundaciosetba.org\/es\/wp-json\/wp\/v2\/posts\/36472\/revisions"}],"predecessor-version":[{"id":36473,"href":"https:\/\/fundaciosetba.org\/es\/wp-json\/wp\/v2\/posts\/36472\/revisions\/36473"}],"wp:featuredmedia":[{"embeddable":true,"href":"https:\/\/fundaciosetba.org\/es\/wp-json\/wp\/v2\/media\/36461"}],"wp:attachment":[{"href":"https:\/\/fundaciosetba.org\/es\/wp-json\/wp\/v2\/media?parent=36472"}],"wp:term":[{"taxonomy":"category","embeddable":true,"href":"https:\/\/fundaciosetba.org\/es\/wp-json\/wp\/v2\/categories?post=36472"},{"taxonomy":"post_tag","embeddable":true,"href":"https:\/\/fundaciosetba.org\/es\/wp-json\/wp\/v2\/tags?post=36472"}],"curies":[{"name":"wp","href":"https:\/\/api.w.org\/{rel}","templated":true}]}}