{"id":36521,"date":"2024-04-22T15:50:12","date_gmt":"2024-04-22T14:50:12","guid":{"rendered":"https:\/\/fundaciosetba.org\/sem-congelen-les-dents-el-libro-con-el-que-hablamos-de-salud-mental-durante-el-proyecto-natura-es-cultura\/"},"modified":"2024-04-23T09:20:56","modified_gmt":"2024-04-23T08:20:56","slug":"sem-congelen-les-dents-el-libro-con-el-que-hablamos-de-salud-mental-durante-el-proyecto-natura-es-cultura","status":"publish","type":"post","link":"https:\/\/fundaciosetba.org\/es\/sem-congelen-les-dents-el-libro-con-el-que-hablamos-de-salud-mental-durante-el-proyecto-natura-es-cultura\/","title":{"rendered":"&#8216;Se&#8217;m congelen les dents&#8217;, el libro con el que hablamos de salud mental durante el proyecto &#8220;Natura es Cultura&#8221;"},"content":{"rendered":"<p>Del 15 de abril al 5 de mayo, se lleva a cabo el proyecto &#8220;Natura es Cultura&#8221; en la residencia de artistas Cal Gras. Dirigido por el artista <strong>Quim Moya<\/strong> , este <strong>proyecto multidisciplinar une el land art, la danza, la lectura y la conciencia medioambiental<\/strong> . El grupo principal de colaboradores incluye la psic\u00f3loga y bailarina <strong>Maria Ribera<\/strong> , el ingeniero forestal <strong>Ignasi Vilarasau<\/strong> , y el d\u00fao educativo y literario conocido como La canya de sucre, formado por <strong>Carla Bud\u00f3<\/strong> y <strong>Pau Gil<\/strong> , coautores del libro &#8220;Se&#8217;m congelen les dents&#8221;.<\/p>\n<p>La integraci\u00f3n de la lectura en este proyecto <strong>surge para enriquecer el intercambio art\u00edstico entre los participantes<\/strong> , que incluyen a miembros de entidades de salud mental, <strong>y estudiantes de cuarto de ESO<\/strong> del Instituto Manresa Sis.<\/p>\n<p>&#8221; <a href=\"https:\/\/www.amazon.com\/-\/es\/Pau-Gil-Nu%C3%B1ez\/dp\/B0C6WGBZNL\">Se&#8217;m congelen les dents<\/a> &#8221; es una <strong>narrativa que emerge de una conversaci\u00f3n entre amigos sobre la importancia de los v\u00ednculos personales y c\u00f3mo los elementos cotidianos configuran la salud mental colectiva<\/strong> .<\/p>\n<p>Dentro del marco del proyecto, las entidades participantes, la Fundaci\u00f3n Vidal y Barraquer y Arapdis, tienen la oportunidad de participar en una sesi\u00f3n de un d\u00eda con Bud\u00f3 y Gil para discutir el libro y escribir cartas que ser\u00e1n enviadas a los alumnos junto con unas rebanadas de madera pintadas. A los alumnos se les pedir\u00e1 leer el libro en septiembre y, en octubre, devolver las cartas escritas junto a las rebanadas pintadas.<\/p>\n<p>A trav\u00e9s de estas experiencias de &#8220;Correspondencia Art\u00edstica&#8221;, tanto los participantes con trastornos mentales como los estudiantes de cuarto de ESO tendr\u00e1n la <strong>oportunidad de conectarse a trav\u00e9s de la imagen y la palabra para luchar contra el estigma de la salud mental y contribuir a su prevenci\u00f3n.<\/strong><\/p>\n<p><img loading=\"lazy\" decoding=\"async\" class=\"aligncenter wp-image-36514 size-us_600_400\" src=\"https:\/\/fundaciosetba.org\/wp-content\/uploads\/2024\/04\/IMG_4533-scaled-e1713800933308.jpg\" alt=\"\" width=\"577\" height=\"400\" srcset=\"https:\/\/fundaciosetba.org\/wp-content\/uploads\/2024\/04\/IMG_4533-scaled-e1713800933308.jpg 2444w, https:\/\/fundaciosetba.org\/wp-content\/uploads\/2024\/04\/IMG_4533-scaled-e1713800933308-300x208.jpg 300w, https:\/\/fundaciosetba.org\/wp-content\/uploads\/2024\/04\/IMG_4533-scaled-e1713800933308-1024x709.jpg 1024w, https:\/\/fundaciosetba.org\/wp-content\/uploads\/2024\/04\/IMG_4533-scaled-e1713800933308-144x100.jpg 144w, https:\/\/fundaciosetba.org\/wp-content\/uploads\/2024\/04\/IMG_4533-scaled-e1713800933308-577x400.jpg 577w, https:\/\/fundaciosetba.org\/wp-content\/uploads\/2024\/04\/IMG_4533-scaled-e1713800933308-600x416.jpg 600w\" sizes=\"auto, (max-width: 577px) 100vw, 577px\" \/><\/p>\n<p><img loading=\"lazy\" decoding=\"async\" class=\"aligncenter wp-image-36517 size-us_600_400\" src=\"https:\/\/fundaciosetba.org\/wp-content\/uploads\/2024\/04\/IMG_4536-scaled-e1713800989191.jpg\" alt=\"\" width=\"533\" height=\"400\" srcset=\"https:\/\/fundaciosetba.org\/wp-content\/uploads\/2024\/04\/IMG_4536-scaled-e1713800989191.jpg 2560w, https:\/\/fundaciosetba.org\/wp-content\/uploads\/2024\/04\/IMG_4536-scaled-e1713800989191-300x225.jpg 300w, https:\/\/fundaciosetba.org\/wp-content\/uploads\/2024\/04\/IMG_4536-scaled-e1713800989191-1024x768.jpg 1024w, https:\/\/fundaciosetba.org\/wp-content\/uploads\/2024\/04\/IMG_4536-scaled-e1713800989191-133x100.jpg 133w, https:\/\/fundaciosetba.org\/wp-content\/uploads\/2024\/04\/IMG_4536-scaled-e1713800989191-533x400.jpg 533w, https:\/\/fundaciosetba.org\/wp-content\/uploads\/2024\/04\/IMG_4536-scaled-e1713800989191-600x450.jpg 600w\" sizes=\"auto, (max-width: 533px) 100vw, 533px\" \/><\/p>\n","protected":false},"excerpt":{"rendered":"<p>La integraci\u00f3n de la lectura en este proyecto surge para enriquecer el intercambio art\u00edstico entre los participantes, que incluyen a miembros de entidades de salud mental y estudiantes de cuarto de ESO del Instituto Manresa Sis.<\/p>\n","protected":false},"author":1,"featured_media":36497,"comment_status":"closed","ping_status":"closed","sticky":false,"template":"","format":"standard","meta":{"footnotes":""},"categories":[1355],"tags":[],"class_list":["post-36521","post","type-post","status-publish","format-standard","has-post-thumbnail","hentry","category-naturaleza-es-cultura"],"_links":{"self":[{"href":"https:\/\/fundaciosetba.org\/es\/wp-json\/wp\/v2\/posts\/36521","targetHints":{"allow":["GET"]}}],"collection":[{"href":"https:\/\/fundaciosetba.org\/es\/wp-json\/wp\/v2\/posts"}],"about":[{"href":"https:\/\/fundaciosetba.org\/es\/wp-json\/wp\/v2\/types\/post"}],"author":[{"embeddable":true,"href":"https:\/\/fundaciosetba.org\/es\/wp-json\/wp\/v2\/users\/1"}],"replies":[{"embeddable":true,"href":"https:\/\/fundaciosetba.org\/es\/wp-json\/wp\/v2\/comments?post=36521"}],"version-history":[{"count":1,"href":"https:\/\/fundaciosetba.org\/es\/wp-json\/wp\/v2\/posts\/36521\/revisions"}],"predecessor-version":[{"id":36522,"href":"https:\/\/fundaciosetba.org\/es\/wp-json\/wp\/v2\/posts\/36521\/revisions\/36522"}],"wp:featuredmedia":[{"embeddable":true,"href":"https:\/\/fundaciosetba.org\/es\/wp-json\/wp\/v2\/media\/36497"}],"wp:attachment":[{"href":"https:\/\/fundaciosetba.org\/es\/wp-json\/wp\/v2\/media?parent=36521"}],"wp:term":[{"taxonomy":"category","embeddable":true,"href":"https:\/\/fundaciosetba.org\/es\/wp-json\/wp\/v2\/categories?post=36521"},{"taxonomy":"post_tag","embeddable":true,"href":"https:\/\/fundaciosetba.org\/es\/wp-json\/wp\/v2\/tags?post=36521"}],"curies":[{"name":"wp","href":"https:\/\/api.w.org\/{rel}","templated":true}]}}