{"id":36633,"date":"2024-04-30T09:54:36","date_gmt":"2024-04-30T08:54:36","guid":{"rendered":"https:\/\/fundaciosetba.org\/?p=36633"},"modified":"2024-04-30T10:17:52","modified_gmt":"2024-04-30T09:17:52","slug":"obres-finalistes-i-semifinalistes-del-xive-premi-setba-vota-la-teva-preferida","status":"publish","type":"post","link":"https:\/\/fundaciosetba.org\/es\/obres-finalistes-i-semifinalistes-del-xive-premi-setba-vota-la-teva-preferida\/","title":{"rendered":"Obras finalistas y semifinalistas del XIV Premio Setba. \u00a1Vota por tu favorita!"},"content":{"rendered":"<p>Por segundo a\u00f1o consecutivo, la Fundaci\u00f3n Setba abre la votaci\u00f3n para el p\u00fablico en general. De entre las 1.100 obras presentadas al Premio Setba 2024, el jurado ha seleccionado 30 para el Premio del P\u00fablico. La obra ganadora ser\u00e1 anunciada durante la ceremonia del Premio Setba, junto con los otros galardonados.<\/p>\n<p>El premio del p\u00fablico incluye:<\/p>\n<ul>\n<li>La obra seleccionada formar\u00e1 parte de la exposici\u00f3n Premio Setba en la Pigment Gallery, miembro del gremio de Galer\u00edas de Arte de Catalu\u00f1a.<\/li>\n<li>Material de Bellas Artes proporcionado por ART MIR para el artista.<\/li>\n<li>Visita a IDEAL Barcelona para la entidad.<\/li>\n<\/ul>\n<p>El jurado encargado de seleccionar las 30 obras para el Premio Setba (18 semifinalistas y 12 finalistas) est\u00e1 formado por Cristina Sampere, directora de la Fundaci\u00f3n Setba; Jos\u00e9 Manuel Jaurena, gerente de Art Mir; Meritxell Duran, escultora e ilustradora; Montserrat Sampietro, del Departamento de Actividades de Cultura y Ciencia de la Fundaci\u00f3n &#8220;la Caixa&#8221; y por M\u00f2nica Ramon, directora de la galer\u00eda Artur Ramon y vicepresidenta del Gremio de Galeristas de Arte de Catalu\u00f1a.<\/p>\n<p>Puedes votar haciendo clic en este enlace:<\/p>\n<p><a href=\"https:\/\/forms.gle\/qyLMtJ7FeWWTBWUo9\" target=\"_new\" rel=\"noopener\">https:\/\/forms.gle\/qyLMtJ7FeWWTBWUo9<\/a><\/p>\n<p>Los veredictos de los tres primeros premios, as\u00ed como el premio del p\u00fablico, el premio de dise\u00f1o Bardinet y los finalistas se har\u00e1n p\u00fablicos durante la gala del Premio Setba, el 16 de septiembre de 2024 en CaixaForum.<\/p>\n<p>Con estos premios, la Fundaci\u00f3n Setba quiere dar visibilidad y reconocer el talento de los artistas vinculados a entidades del sector de la discapacidad intelectual. Conoce m\u00e1s sobre el proyecto aqu\u00ed: Magistrals.<\/p>\n<p><strong>LAS OBRAS QUE OPTAN AL PREMIO DEL P\u00daBLICO 2024 SON:<\/strong><\/p>\n<p><em>Haz clic en la imagen para ver el t\u00edtulo y nombre del artista.<\/em><\/p>\n<div class=\"w-gallery fit_cover wp_gallery type_grid action_popup_image ratio_auto count_30\" style=\"--columns:1;--items-gap:8px;\"><div class=\"w-gallery-list\"><div class=\"w-gallery-item\"><div class=\"w-gallery-item-img\"><img loading=\"lazy\" decoding=\"async\" width=\"600\" height=\"800\" src=\"https:\/\/fundaciosetba.org\/wp-content\/uploads\/2024\/04\/157-600x800.jpeg\" class=\"attachment-woocommerce_single size-woocommerce_single\" alt=\"\" srcset=\"https:\/\/fundaciosetba.org\/wp-content\/uploads\/2024\/04\/157-600x800.jpeg 600w, https:\/\/fundaciosetba.org\/wp-content\/uploads\/2024\/04\/157-225x300.jpeg 225w, https:\/\/fundaciosetba.org\/wp-content\/uploads\/2024\/04\/157-768x1024.jpeg 768w, https:\/\/fundaciosetba.org\/wp-content\/uploads\/2024\/04\/157-75x100.jpeg 75w, https:\/\/fundaciosetba.org\/wp-content\/uploads\/2024\/04\/157-300x400.jpeg 300w, https:\/\/fundaciosetba.org\/wp-content\/uploads\/2024\/04\/157.jpeg 1200w\" sizes=\"auto, (max-width: 600px) 100vw, 600px\" \/><\/div><div class=\"w-gallery-item-meta\"><div class=\"w-gallery-item-title\">\"Ambar y negro\" d'Antonio Mart\u00ed Aguilera, de la Fundaci\u00f3 Estimia<\/div><\/div><a class=\"w-gallery-item-link\" aria-label=\"&quot;Ambar y negro&quot; d&#039;Antonio Mart\u00ed Aguilera, de la Fundaci\u00f3 Estimia\" href=\"https:\/\/fundaciosetba.org\/wp-content\/uploads\/2024\/04\/157.jpeg\" title=\"&quot;Ambar y negro&quot; d&#039;Antonio Mart\u00ed Aguilera, de la Fundaci\u00f3 Estimia\"><\/a><\/div><div class=\"w-gallery-item\"><div class=\"w-gallery-item-img\"><img loading=\"lazy\" decoding=\"async\" width=\"600\" height=\"838\" src=\"https:\/\/fundaciosetba.org\/wp-content\/uploads\/2024\/04\/139-600x838.jpg\" class=\"attachment-woocommerce_single size-woocommerce_single\" alt=\"\" srcset=\"https:\/\/fundaciosetba.org\/wp-content\/uploads\/2024\/04\/139-600x838.jpg 600w, https:\/\/fundaciosetba.org\/wp-content\/uploads\/2024\/04\/139-215x300.jpg 215w, https:\/\/fundaciosetba.org\/wp-content\/uploads\/2024\/04\/139-733x1024.jpg 733w, https:\/\/fundaciosetba.org\/wp-content\/uploads\/2024\/04\/139-72x100.jpg 72w, https:\/\/fundaciosetba.org\/wp-content\/uploads\/2024\/04\/139-286x400.jpg 286w, https:\/\/fundaciosetba.org\/wp-content\/uploads\/2024\/04\/139-scaled.jpg 1832w\" sizes=\"auto, (max-width: 600px) 100vw, 600px\" \/><\/div><div class=\"w-gallery-item-meta\"><div class=\"w-gallery-item-title\">\"Arrels i ales\" <\/div><\/div><a class=\"w-gallery-item-link\" aria-label=\"&quot;Arrels i ales&quot; \" href=\"https:\/\/fundaciosetba.org\/wp-content\/uploads\/2024\/04\/139-scaled.jpg\" title=\"&quot;Arrels i ales&quot; \"><\/a><\/div><div class=\"w-gallery-item\"><div class=\"w-gallery-item-img\"><img loading=\"lazy\" decoding=\"async\" width=\"600\" height=\"871\" src=\"https:\/\/fundaciosetba.org\/wp-content\/uploads\/2024\/04\/611-600x871.jpg\" class=\"attachment-woocommerce_single size-woocommerce_single\" alt=\"\" srcset=\"https:\/\/fundaciosetba.org\/wp-content\/uploads\/2024\/04\/611-600x871.jpg 600w, https:\/\/fundaciosetba.org\/wp-content\/uploads\/2024\/04\/611-207x300.jpg 207w, https:\/\/fundaciosetba.org\/wp-content\/uploads\/2024\/04\/611-705x1024.jpg 705w, https:\/\/fundaciosetba.org\/wp-content\/uploads\/2024\/04\/611-69x100.jpg 69w, https:\/\/fundaciosetba.org\/wp-content\/uploads\/2024\/04\/611-276x400.jpg 276w, https:\/\/fundaciosetba.org\/wp-content\/uploads\/2024\/04\/611-scaled.jpg 1763w\" sizes=\"auto, (max-width: 600px) 100vw, 600px\" \/><\/div><div class=\"w-gallery-item-meta\"><div class=\"w-gallery-item-title\">\"Camins\" de Ra\u00fal S\u00e1nchez del CO Paideia<\/div><\/div><a class=\"w-gallery-item-link\" aria-label=\"&quot;Camins&quot; de Ra\u00fal S\u00e1nchez del CO Paideia\" href=\"https:\/\/fundaciosetba.org\/wp-content\/uploads\/2024\/04\/611-scaled.jpg\" title=\"&quot;Camins&quot; de Ra\u00fal S\u00e1nchez del CO Paideia\"><\/a><\/div><div class=\"w-gallery-item\"><div class=\"w-gallery-item-img\"><img loading=\"lazy\" decoding=\"async\" width=\"600\" height=\"844\" src=\"https:\/\/fundaciosetba.org\/wp-content\/uploads\/2024\/04\/445-600x844.jpg\" class=\"attachment-woocommerce_single size-woocommerce_single\" alt=\"\" srcset=\"https:\/\/fundaciosetba.org\/wp-content\/uploads\/2024\/04\/445-600x844.jpg 600w, https:\/\/fundaciosetba.org\/wp-content\/uploads\/2024\/04\/445-213x300.jpg 213w, https:\/\/fundaciosetba.org\/wp-content\/uploads\/2024\/04\/445-728x1024.jpg 728w, https:\/\/fundaciosetba.org\/wp-content\/uploads\/2024\/04\/445-71x100.jpg 71w, https:\/\/fundaciosetba.org\/wp-content\/uploads\/2024\/04\/445-284x400.jpg 284w, https:\/\/fundaciosetba.org\/wp-content\/uploads\/2024\/04\/445.jpg 1698w\" sizes=\"auto, (max-width: 600px) 100vw, 600px\" \/><\/div><div class=\"w-gallery-item-meta\"><div class=\"w-gallery-item-title\">\"Carpintero\" de Jose Felix L\u00f3pez de la CO Cordada d'Osas<\/div><\/div><a class=\"w-gallery-item-link\" aria-label=\"&quot;Carpintero&quot; de Jose Felix L\u00f3pez de la CO Cordada d&#039;Osas\" href=\"https:\/\/fundaciosetba.org\/wp-content\/uploads\/2024\/04\/445.jpg\" title=\"&quot;Carpintero&quot; de Jose Felix L\u00f3pez de la CO Cordada d&#039;Osas\"><\/a><\/div><div class=\"w-gallery-item\"><div class=\"w-gallery-item-img\"><img loading=\"lazy\" decoding=\"async\" width=\"600\" height=\"832\" src=\"https:\/\/fundaciosetba.org\/wp-content\/uploads\/2024\/04\/93-600x832.jpg\" class=\"attachment-woocommerce_single size-woocommerce_single\" alt=\"\" srcset=\"https:\/\/fundaciosetba.org\/wp-content\/uploads\/2024\/04\/93-600x832.jpg 600w, https:\/\/fundaciosetba.org\/wp-content\/uploads\/2024\/04\/93-216x300.jpg 216w, https:\/\/fundaciosetba.org\/wp-content\/uploads\/2024\/04\/93-739x1024.jpg 739w, https:\/\/fundaciosetba.org\/wp-content\/uploads\/2024\/04\/93-72x100.jpg 72w, https:\/\/fundaciosetba.org\/wp-content\/uploads\/2024\/04\/93-289x400.jpg 289w, https:\/\/fundaciosetba.org\/wp-content\/uploads\/2024\/04\/93-scaled.jpg 1847w\" sizes=\"auto, (max-width: 600px) 100vw, 600px\" \/><\/div><div class=\"w-gallery-item-meta\"><div class=\"w-gallery-item-title\">\"Castillo de las sombras\" d'\u00c0lex Ju\u00e1rez, de la Fundaci\u00f3 Ampans<\/div><\/div><a class=\"w-gallery-item-link\" aria-label=\"&quot;Castillo de las sombras&quot; d&#039;\u00c0lex Ju\u00e1rez, de la Fundaci\u00f3 Ampans\" href=\"https:\/\/fundaciosetba.org\/wp-content\/uploads\/2024\/04\/93-scaled.jpg\" title=\"&quot;Castillo de las sombras&quot; d&#039;\u00c0lex Ju\u00e1rez, de la Fundaci\u00f3 Ampans\"><\/a><\/div><div class=\"w-gallery-item\"><div class=\"w-gallery-item-img\"><img loading=\"lazy\" decoding=\"async\" width=\"600\" height=\"859\" src=\"https:\/\/fundaciosetba.org\/wp-content\/uploads\/2024\/04\/813-600x859.jpg\" class=\"attachment-woocommerce_single size-woocommerce_single\" alt=\"\" srcset=\"https:\/\/fundaciosetba.org\/wp-content\/uploads\/2024\/04\/813-600x859.jpg 600w, https:\/\/fundaciosetba.org\/wp-content\/uploads\/2024\/04\/813-209x300.jpg 209w, https:\/\/fundaciosetba.org\/wp-content\/uploads\/2024\/04\/813-715x1024.jpg 715w, https:\/\/fundaciosetba.org\/wp-content\/uploads\/2024\/04\/813-70x100.jpg 70w, https:\/\/fundaciosetba.org\/wp-content\/uploads\/2024\/04\/813-279x400.jpg 279w, https:\/\/fundaciosetba.org\/wp-content\/uploads\/2024\/04\/813-scaled.jpg 1788w\" sizes=\"auto, (max-width: 600px) 100vw, 600px\" \/><\/div><div class=\"w-gallery-item-meta\"><div class=\"w-gallery-item-title\">\"Colors\" de Berta Alsina, de la Fundaci\u00f3 TEAS<\/div><\/div><a class=\"w-gallery-item-link\" aria-label=\"&quot;Colors&quot; de Berta Alsina, de la Fundaci\u00f3 TEAS\" href=\"https:\/\/fundaciosetba.org\/wp-content\/uploads\/2024\/04\/813-scaled.jpg\" title=\"&quot;Colors&quot; de Berta Alsina, de la Fundaci\u00f3 TEAS\"><\/a><\/div><div class=\"w-gallery-item\"><div class=\"w-gallery-item-img\"><img loading=\"lazy\" decoding=\"async\" width=\"600\" height=\"911\" src=\"https:\/\/fundaciosetba.org\/wp-content\/uploads\/2024\/04\/393-600x911.jpg\" class=\"attachment-woocommerce_single size-woocommerce_single\" alt=\"\" srcset=\"https:\/\/fundaciosetba.org\/wp-content\/uploads\/2024\/04\/393-600x911.jpg 600w, https:\/\/fundaciosetba.org\/wp-content\/uploads\/2024\/04\/393-198x300.jpg 198w, https:\/\/fundaciosetba.org\/wp-content\/uploads\/2024\/04\/393-675x1024.jpg 675w, https:\/\/fundaciosetba.org\/wp-content\/uploads\/2024\/04\/393-66x100.jpg 66w, https:\/\/fundaciosetba.org\/wp-content\/uploads\/2024\/04\/393-264x400.jpg 264w, https:\/\/fundaciosetba.org\/wp-content\/uploads\/2024\/04\/393-scaled.jpg 1687w\" sizes=\"auto, (max-width: 600px) 100vw, 600px\" \/><\/div><div class=\"w-gallery-item-meta\"><div class=\"w-gallery-item-title\">\"Colors a la gal\u00e0xia\" de Joan Mestre, de la Fundaci\u00f3 Estel Sant Cugat<\/div><\/div><a class=\"w-gallery-item-link\" aria-label=\"&quot;Colors a la gal\u00e0xia&quot; de Joan Mestre, de la Fundaci\u00f3 Estel Sant Cugat\" href=\"https:\/\/fundaciosetba.org\/wp-content\/uploads\/2024\/04\/393-scaled.jpg\" title=\"&quot;Colors a la gal\u00e0xia&quot; de Joan Mestre, de la Fundaci\u00f3 Estel Sant Cugat\"><\/a><\/div><div class=\"w-gallery-item\"><div class=\"w-gallery-item-img\"><img loading=\"lazy\" decoding=\"async\" width=\"600\" height=\"841\" src=\"https:\/\/fundaciosetba.org\/wp-content\/uploads\/2024\/04\/95-600x841.jpg\" class=\"attachment-woocommerce_single size-woocommerce_single\" alt=\"\" srcset=\"https:\/\/fundaciosetba.org\/wp-content\/uploads\/2024\/04\/95-600x841.jpg 600w, https:\/\/fundaciosetba.org\/wp-content\/uploads\/2024\/04\/95-214x300.jpg 214w, https:\/\/fundaciosetba.org\/wp-content\/uploads\/2024\/04\/95-730x1024.jpg 730w, https:\/\/fundaciosetba.org\/wp-content\/uploads\/2024\/04\/95-71x100.jpg 71w, https:\/\/fundaciosetba.org\/wp-content\/uploads\/2024\/04\/95-285x400.jpg 285w, https:\/\/fundaciosetba.org\/wp-content\/uploads\/2024\/04\/95-scaled.jpg 1826w\" sizes=\"auto, (max-width: 600px) 100vw, 600px\" \/><\/div><div class=\"w-gallery-item-meta\"><div class=\"w-gallery-item-title\">\u00a1C\u00f3mo los gorilas uh uh uh! de <\/div><\/div><a class=\"w-gallery-item-link\" aria-label=\"\u00a1C\u00f3mo los gorilas uh uh uh! de \" href=\"https:\/\/fundaciosetba.org\/wp-content\/uploads\/2024\/04\/95-scaled.jpg\" title=\"\u00a1C\u00f3mo los gorilas uh uh uh! de \"><\/a><\/div><div class=\"w-gallery-item\"><div class=\"w-gallery-item-img\"><img loading=\"lazy\" decoding=\"async\" width=\"600\" height=\"834\" src=\"https:\/\/fundaciosetba.org\/wp-content\/uploads\/2024\/04\/137-600x834.jpg\" class=\"attachment-woocommerce_single size-woocommerce_single\" alt=\"\" srcset=\"https:\/\/fundaciosetba.org\/wp-content\/uploads\/2024\/04\/137-600x834.jpg 600w, https:\/\/fundaciosetba.org\/wp-content\/uploads\/2024\/04\/137-216x300.jpg 216w, https:\/\/fundaciosetba.org\/wp-content\/uploads\/2024\/04\/137-737x1024.jpg 737w, https:\/\/fundaciosetba.org\/wp-content\/uploads\/2024\/04\/137-72x100.jpg 72w, https:\/\/fundaciosetba.org\/wp-content\/uploads\/2024\/04\/137-288x400.jpg 288w, https:\/\/fundaciosetba.org\/wp-content\/uploads\/2024\/04\/137-scaled.jpg 1842w\" sizes=\"auto, (max-width: 600px) 100vw, 600px\" \/><\/div><div class=\"w-gallery-item-meta\"><div class=\"w-gallery-item-title\">\"Darrere la m\u00e0scara\" de Roger Concustell, de la Fundaci\u00f3 Ampans<\/div><\/div><a class=\"w-gallery-item-link\" aria-label=\"&quot;Darrere la m\u00e0scara&quot; de Roger Concustell, de la Fundaci\u00f3 Ampans\" href=\"https:\/\/fundaciosetba.org\/wp-content\/uploads\/2024\/04\/137-scaled.jpg\" title=\"&quot;Darrere la m\u00e0scara&quot; de Roger Concustell, de la Fundaci\u00f3 Ampans\"><\/a><\/div><div class=\"w-gallery-item\"><div class=\"w-gallery-item-img\"><img loading=\"lazy\" decoding=\"async\" width=\"600\" height=\"826\" src=\"https:\/\/fundaciosetba.org\/wp-content\/uploads\/2024\/04\/615-600x826.jpg\" class=\"attachment-woocommerce_single size-woocommerce_single\" alt=\"\" srcset=\"https:\/\/fundaciosetba.org\/wp-content\/uploads\/2024\/04\/615-600x826.jpg 600w, https:\/\/fundaciosetba.org\/wp-content\/uploads\/2024\/04\/615-218x300.jpg 218w, https:\/\/fundaciosetba.org\/wp-content\/uploads\/2024\/04\/615-744x1024.jpg 744w, https:\/\/fundaciosetba.org\/wp-content\/uploads\/2024\/04\/615-73x100.jpg 73w, https:\/\/fundaciosetba.org\/wp-content\/uploads\/2024\/04\/615-291x400.jpg 291w, https:\/\/fundaciosetba.org\/wp-content\/uploads\/2024\/04\/615-scaled.jpg 1859w\" sizes=\"auto, (max-width: 600px) 100vw, 600px\" \/><\/div><div class=\"w-gallery-item-meta\"><div class=\"w-gallery-item-title\">\"Dinosaurios en la ciudad\" d'Angello Fabian Salinas, de la Fundaci\u00f3 Barcanova<\/div><\/div><a class=\"w-gallery-item-link\" aria-label=\"&quot;Dinosaurios en la ciudad&quot; d&#039;Angello Fabian Salinas, de la Fundaci\u00f3 Barcanova\" href=\"https:\/\/fundaciosetba.org\/wp-content\/uploads\/2024\/04\/615-scaled.jpg\" title=\"&quot;Dinosaurios en la ciudad&quot; d&#039;Angello Fabian Salinas, de la Fundaci\u00f3 Barcanova\"><\/a><\/div><div class=\"w-gallery-item\"><div class=\"w-gallery-item-img\"><img loading=\"lazy\" decoding=\"async\" width=\"600\" height=\"831\" src=\"https:\/\/fundaciosetba.org\/wp-content\/uploads\/2024\/04\/123-600x831.jpg\" class=\"attachment-woocommerce_single size-woocommerce_single\" alt=\"\" srcset=\"https:\/\/fundaciosetba.org\/wp-content\/uploads\/2024\/04\/123-600x831.jpg 600w, https:\/\/fundaciosetba.org\/wp-content\/uploads\/2024\/04\/123-217x300.jpg 217w, https:\/\/fundaciosetba.org\/wp-content\/uploads\/2024\/04\/123-739x1024.jpg 739w, https:\/\/fundaciosetba.org\/wp-content\/uploads\/2024\/04\/123-72x100.jpg 72w, https:\/\/fundaciosetba.org\/wp-content\/uploads\/2024\/04\/123-289x400.jpg 289w, https:\/\/fundaciosetba.org\/wp-content\/uploads\/2024\/04\/123-scaled.jpg 1848w\" sizes=\"auto, (max-width: 600px) 100vw, 600px\" \/><\/div><div class=\"w-gallery-item-meta\"><div class=\"w-gallery-item-title\">\"El templo del sol\" de Lucas Jim\u00e9nez, de la Fundaci\u00f3 Ampans<\/div><\/div><a class=\"w-gallery-item-link\" aria-label=\"&quot;El templo del sol&quot; de Lucas Jim\u00e9nez, de la Fundaci\u00f3 Ampans\" href=\"https:\/\/fundaciosetba.org\/wp-content\/uploads\/2024\/04\/123-scaled.jpg\" title=\"&quot;El templo del sol&quot; de Lucas Jim\u00e9nez, de la Fundaci\u00f3 Ampans\"><\/a><\/div><div class=\"w-gallery-item\"><div class=\"w-gallery-item-img\"><img loading=\"lazy\" decoding=\"async\" width=\"600\" height=\"824\" src=\"https:\/\/fundaciosetba.org\/wp-content\/uploads\/2024\/04\/113-600x824.jpg\" class=\"attachment-woocommerce_single size-woocommerce_single\" alt=\"\" srcset=\"https:\/\/fundaciosetba.org\/wp-content\/uploads\/2024\/04\/113-600x824.jpg 600w, https:\/\/fundaciosetba.org\/wp-content\/uploads\/2024\/04\/113-219x300.jpg 219w, https:\/\/fundaciosetba.org\/wp-content\/uploads\/2024\/04\/113-746x1024.jpg 746w, https:\/\/fundaciosetba.org\/wp-content\/uploads\/2024\/04\/113-73x100.jpg 73w, https:\/\/fundaciosetba.org\/wp-content\/uploads\/2024\/04\/113-291x400.jpg 291w, https:\/\/fundaciosetba.org\/wp-content\/uploads\/2024\/04\/113-scaled.jpg 1865w\" sizes=\"auto, (max-width: 600px) 100vw, 600px\" \/><\/div><div class=\"w-gallery-item-meta\"><div class=\"w-gallery-item-title\">\"Escaleras mec\u00e1nicas\" de Jenifer Serrano, de la Fundaci\u00f3 Ampans<\/div><\/div><a class=\"w-gallery-item-link\" aria-label=\"&quot;Escaleras mec\u00e1nicas&quot; de Jenifer Serrano, de la Fundaci\u00f3 Ampans\" href=\"https:\/\/fundaciosetba.org\/wp-content\/uploads\/2024\/04\/113-scaled.jpg\" title=\"&quot;Escaleras mec\u00e1nicas&quot; de Jenifer Serrano, de la Fundaci\u00f3 Ampans\"><\/a><\/div><div class=\"w-gallery-item\"><div class=\"w-gallery-item-img\"><img loading=\"lazy\" decoding=\"async\" width=\"600\" height=\"836\" src=\"https:\/\/fundaciosetba.org\/wp-content\/uploads\/2024\/04\/100-600x836.jpg\" class=\"attachment-woocommerce_single size-woocommerce_single\" alt=\"\" srcset=\"https:\/\/fundaciosetba.org\/wp-content\/uploads\/2024\/04\/100-600x836.jpg 600w, https:\/\/fundaciosetba.org\/wp-content\/uploads\/2024\/04\/100-215x300.jpg 215w, https:\/\/fundaciosetba.org\/wp-content\/uploads\/2024\/04\/100-735x1024.jpg 735w, https:\/\/fundaciosetba.org\/wp-content\/uploads\/2024\/04\/100-72x100.jpg 72w, https:\/\/fundaciosetba.org\/wp-content\/uploads\/2024\/04\/100-287x400.jpg 287w, https:\/\/fundaciosetba.org\/wp-content\/uploads\/2024\/04\/100-scaled.jpg 1837w\" sizes=\"auto, (max-width: 600px) 100vw, 600px\" \/><\/div><div class=\"w-gallery-item-meta\"><div class=\"w-gallery-item-title\">\"\u00a1Es robotiko!\" de Daniel Temporal, de la Fundaci\u00f3 Ampans<\/div><\/div><a class=\"w-gallery-item-link\" aria-label=\"&quot;\u00a1Es robotiko!&quot; de Daniel Temporal, de la Fundaci\u00f3 Ampans\" href=\"https:\/\/fundaciosetba.org\/wp-content\/uploads\/2024\/04\/100-scaled.jpg\" title=\"&quot;\u00a1Es robotiko!&quot; de Daniel Temporal, de la Fundaci\u00f3 Ampans\"><\/a><\/div><div class=\"w-gallery-item\"><div class=\"w-gallery-item-img\"><img loading=\"lazy\" decoding=\"async\" width=\"600\" height=\"840\" src=\"https:\/\/fundaciosetba.org\/wp-content\/uploads\/2024\/04\/895-600x840.jpg\" class=\"attachment-woocommerce_single size-woocommerce_single\" alt=\"\" srcset=\"https:\/\/fundaciosetba.org\/wp-content\/uploads\/2024\/04\/895-600x840.jpg 600w, https:\/\/fundaciosetba.org\/wp-content\/uploads\/2024\/04\/895-214x300.jpg 214w, https:\/\/fundaciosetba.org\/wp-content\/uploads\/2024\/04\/895-731x1024.jpg 731w, https:\/\/fundaciosetba.org\/wp-content\/uploads\/2024\/04\/895-71x100.jpg 71w, https:\/\/fundaciosetba.org\/wp-content\/uploads\/2024\/04\/895-286x400.jpg 286w, https:\/\/fundaciosetba.org\/wp-content\/uploads\/2024\/04\/895-scaled.jpg 1829w\" sizes=\"auto, (max-width: 600px) 100vw, 600px\" \/><\/div><div class=\"w-gallery-item-meta\"><div class=\"w-gallery-item-title\">\"Garatge\" d'Albert Aug\u00e9<\/div><\/div><a class=\"w-gallery-item-link\" aria-label=\"&quot;Garatge&quot; d&#039;Albert Aug\u00e9\" href=\"https:\/\/fundaciosetba.org\/wp-content\/uploads\/2024\/04\/895-scaled.jpg\" title=\"&quot;Garatge&quot; d&#039;Albert Aug\u00e9\"><\/a><\/div><div class=\"w-gallery-item\"><div class=\"w-gallery-item-img\"><img loading=\"lazy\" decoding=\"async\" width=\"600\" height=\"843\" src=\"https:\/\/fundaciosetba.org\/wp-content\/uploads\/2024\/04\/102-600x843.jpg\" class=\"attachment-woocommerce_single size-woocommerce_single\" alt=\"\" srcset=\"https:\/\/fundaciosetba.org\/wp-content\/uploads\/2024\/04\/102-600x843.jpg 600w, https:\/\/fundaciosetba.org\/wp-content\/uploads\/2024\/04\/102-214x300.jpg 214w, https:\/\/fundaciosetba.org\/wp-content\/uploads\/2024\/04\/102-729x1024.jpg 729w, https:\/\/fundaciosetba.org\/wp-content\/uploads\/2024\/04\/102-71x100.jpg 71w, https:\/\/fundaciosetba.org\/wp-content\/uploads\/2024\/04\/102-285x400.jpg 285w, https:\/\/fundaciosetba.org\/wp-content\/uploads\/2024\/04\/102-scaled.jpg 1823w\" sizes=\"auto, (max-width: 600px) 100vw, 600px\" \/><\/div><div class=\"w-gallery-item-meta\"><div class=\"w-gallery-item-title\">\"Gargola escondida\" de Dolores Sicilia, de la Fundaci\u00f3 Ampans<\/div><\/div><a class=\"w-gallery-item-link\" aria-label=\"&quot;Gargola escondida&quot; de Dolores Sicilia, de la Fundaci\u00f3 Ampans\" href=\"https:\/\/fundaciosetba.org\/wp-content\/uploads\/2024\/04\/102-scaled.jpg\" title=\"&quot;Gargola escondida&quot; de Dolores Sicilia, de la Fundaci\u00f3 Ampans\"><\/a><\/div><div class=\"w-gallery-item\"><div class=\"w-gallery-item-img\"><img loading=\"lazy\" decoding=\"async\" width=\"600\" height=\"834\" src=\"https:\/\/fundaciosetba.org\/wp-content\/uploads\/2024\/04\/127-600x834.jpg\" class=\"attachment-woocommerce_single size-woocommerce_single\" alt=\"\" srcset=\"https:\/\/fundaciosetba.org\/wp-content\/uploads\/2024\/04\/127-600x834.jpg 600w, https:\/\/fundaciosetba.org\/wp-content\/uploads\/2024\/04\/127-216x300.jpg 216w, https:\/\/fundaciosetba.org\/wp-content\/uploads\/2024\/04\/127-737x1024.jpg 737w, https:\/\/fundaciosetba.org\/wp-content\/uploads\/2024\/04\/127-72x100.jpg 72w, https:\/\/fundaciosetba.org\/wp-content\/uploads\/2024\/04\/127-288x400.jpg 288w, https:\/\/fundaciosetba.org\/wp-content\/uploads\/2024\/04\/127-scaled.jpg 1842w\" sizes=\"auto, (max-width: 600px) 100vw, 600px\" \/><\/div><div class=\"w-gallery-item-meta\"><div class=\"w-gallery-item-title\">\"Hi som tots?\" de Miguel \u00c1ngel Juan, de la Fundaci\u00f3 Ampans<\/div><\/div><a class=\"w-gallery-item-link\" aria-label=\"&quot;Hi som tots?&quot; de Miguel \u00c1ngel Juan, de la Fundaci\u00f3 Ampans\" href=\"https:\/\/fundaciosetba.org\/wp-content\/uploads\/2024\/04\/127-scaled.jpg\" title=\"&quot;Hi som tots?&quot; de Miguel \u00c1ngel Juan, de la Fundaci\u00f3 Ampans\"><\/a><\/div><div class=\"w-gallery-item\"><div class=\"w-gallery-item-img\"><img loading=\"lazy\" decoding=\"async\" width=\"600\" height=\"816\" src=\"https:\/\/fundaciosetba.org\/wp-content\/uploads\/2024\/04\/138-600x816.jpg\" class=\"attachment-woocommerce_single size-woocommerce_single\" alt=\"\" srcset=\"https:\/\/fundaciosetba.org\/wp-content\/uploads\/2024\/04\/138-600x816.jpg 600w, https:\/\/fundaciosetba.org\/wp-content\/uploads\/2024\/04\/138-221x300.jpg 221w, https:\/\/fundaciosetba.org\/wp-content\/uploads\/2024\/04\/138-753x1024.jpg 753w, https:\/\/fundaciosetba.org\/wp-content\/uploads\/2024\/04\/138-74x100.jpg 74w, https:\/\/fundaciosetba.org\/wp-content\/uploads\/2024\/04\/138-294x400.jpg 294w, https:\/\/fundaciosetba.org\/wp-content\/uploads\/2024\/04\/138-scaled.jpg 1883w\" sizes=\"auto, (max-width: 600px) 100vw, 600px\" \/><\/div><div class=\"w-gallery-item-meta\"><div class=\"w-gallery-item-title\">\"Huracan de fuerza cinco\" de Rosa Maria Pardo, de la Fundaci\u00f3 Ampans<\/div><\/div><a class=\"w-gallery-item-link\" aria-label=\"&quot;Huracan de fuerza cinco&quot; de Rosa Maria Pardo, de la Fundaci\u00f3 Ampans\" href=\"https:\/\/fundaciosetba.org\/wp-content\/uploads\/2024\/04\/138-scaled.jpg\" title=\"&quot;Huracan de fuerza cinco&quot; de Rosa Maria Pardo, de la Fundaci\u00f3 Ampans\"><\/a><\/div><div class=\"w-gallery-item\"><div class=\"w-gallery-item-img\"><img loading=\"lazy\" decoding=\"async\" width=\"600\" height=\"840\" src=\"https:\/\/fundaciosetba.org\/wp-content\/uploads\/2024\/04\/372-600x840.jpg\" class=\"attachment-woocommerce_single size-woocommerce_single\" alt=\"\" srcset=\"https:\/\/fundaciosetba.org\/wp-content\/uploads\/2024\/04\/372-600x840.jpg 600w, https:\/\/fundaciosetba.org\/wp-content\/uploads\/2024\/04\/372-214x300.jpg 214w, https:\/\/fundaciosetba.org\/wp-content\/uploads\/2024\/04\/372-731x1024.jpg 731w, https:\/\/fundaciosetba.org\/wp-content\/uploads\/2024\/04\/372-71x100.jpg 71w, https:\/\/fundaciosetba.org\/wp-content\/uploads\/2024\/04\/372-286x400.jpg 286w, https:\/\/fundaciosetba.org\/wp-content\/uploads\/2024\/04\/372-scaled.jpg 1829w\" sizes=\"auto, (max-width: 600px) 100vw, 600px\" \/><\/div><div class=\"w-gallery-item-meta\"><div class=\"w-gallery-item-title\">\"La cadira\" de Marta Ca\u00f1ada<\/div><\/div><a class=\"w-gallery-item-link\" aria-label=\"&quot;La cadira&quot; de Marta Ca\u00f1ada\" href=\"https:\/\/fundaciosetba.org\/wp-content\/uploads\/2024\/04\/372-scaled.jpg\" title=\"&quot;La cadira&quot; de Marta Ca\u00f1ada\"><\/a><\/div><div class=\"w-gallery-item\"><div class=\"w-gallery-item-img\"><img loading=\"lazy\" decoding=\"async\" width=\"600\" height=\"850\" src=\"https:\/\/fundaciosetba.org\/wp-content\/uploads\/2024\/04\/872-600x850.jpg\" class=\"attachment-woocommerce_single size-woocommerce_single\" alt=\"\" srcset=\"https:\/\/fundaciosetba.org\/wp-content\/uploads\/2024\/04\/872-600x850.jpg 600w, https:\/\/fundaciosetba.org\/wp-content\/uploads\/2024\/04\/872-212x300.jpg 212w, https:\/\/fundaciosetba.org\/wp-content\/uploads\/2024\/04\/872-723x1024.jpg 723w, https:\/\/fundaciosetba.org\/wp-content\/uploads\/2024\/04\/872-71x100.jpg 71w, https:\/\/fundaciosetba.org\/wp-content\/uploads\/2024\/04\/872-282x400.jpg 282w, https:\/\/fundaciosetba.org\/wp-content\/uploads\/2024\/04\/872-scaled.jpg 1807w\" sizes=\"auto, (max-width: 600px) 100vw, 600px\" \/><\/div><div class=\"w-gallery-item-meta\"><div class=\"w-gallery-item-title\">\"La naturaleza de los bichos\" de <\/div><\/div><a class=\"w-gallery-item-link\" aria-label=\"&quot;La naturaleza de los bichos&quot; de \" href=\"https:\/\/fundaciosetba.org\/wp-content\/uploads\/2024\/04\/872-scaled.jpg\" title=\"&quot;La naturaleza de los bichos&quot; de \"><\/a><\/div><div class=\"w-gallery-item\"><div class=\"w-gallery-item-img\"><img loading=\"lazy\" decoding=\"async\" width=\"600\" height=\"835\" src=\"https:\/\/fundaciosetba.org\/wp-content\/uploads\/2024\/04\/786-600x835.jpg\" class=\"attachment-woocommerce_single size-woocommerce_single\" alt=\"\" srcset=\"https:\/\/fundaciosetba.org\/wp-content\/uploads\/2024\/04\/786-600x835.jpg 600w, https:\/\/fundaciosetba.org\/wp-content\/uploads\/2024\/04\/786-215x300.jpg 215w, https:\/\/fundaciosetba.org\/wp-content\/uploads\/2024\/04\/786-736x1024.jpg 736w, https:\/\/fundaciosetba.org\/wp-content\/uploads\/2024\/04\/786-72x100.jpg 72w, https:\/\/fundaciosetba.org\/wp-content\/uploads\/2024\/04\/786-287x400.jpg 287w, https:\/\/fundaciosetba.org\/wp-content\/uploads\/2024\/04\/786-scaled.jpg 1839w\" sizes=\"auto, (max-width: 600px) 100vw, 600px\" \/><\/div><div class=\"w-gallery-item-meta\"><div class=\"w-gallery-item-title\">\"La piscina\" de Olivia Saavedra<\/div><\/div><a class=\"w-gallery-item-link\" aria-label=\"&quot;La piscina&quot; de Olivia Saavedra\" href=\"https:\/\/fundaciosetba.org\/wp-content\/uploads\/2024\/04\/786-scaled.jpg\" title=\"&quot;La piscina&quot; de Olivia Saavedra\"><\/a><\/div><div class=\"w-gallery-item\"><div class=\"w-gallery-item-img\"><img loading=\"lazy\" decoding=\"async\" width=\"600\" height=\"863\" src=\"https:\/\/fundaciosetba.org\/wp-content\/uploads\/2024\/04\/92-600x863.jpg\" class=\"attachment-woocommerce_single size-woocommerce_single\" alt=\"\" srcset=\"https:\/\/fundaciosetba.org\/wp-content\/uploads\/2024\/04\/92-600x863.jpg 600w, https:\/\/fundaciosetba.org\/wp-content\/uploads\/2024\/04\/92-208x300.jpg 208w, https:\/\/fundaciosetba.org\/wp-content\/uploads\/2024\/04\/92-712x1024.jpg 712w, https:\/\/fundaciosetba.org\/wp-content\/uploads\/2024\/04\/92-69x100.jpg 69w, https:\/\/fundaciosetba.org\/wp-content\/uploads\/2024\/04\/92-278x400.jpg 278w, https:\/\/fundaciosetba.org\/wp-content\/uploads\/2024\/04\/92-scaled.jpg 1779w\" sizes=\"auto, (max-width: 600px) 100vw, 600px\" \/><\/div><div class=\"w-gallery-item-meta\"><div class=\"w-gallery-item-title\">\"La tela d'aranya\" d'Alba Montiel <\/div><\/div><a class=\"w-gallery-item-link\" aria-label=\"&quot;La tela d&#039;aranya&quot; d&#039;Alba Montiel \" href=\"https:\/\/fundaciosetba.org\/wp-content\/uploads\/2024\/04\/92-scaled.jpg\" title=\"&quot;La tela d&#039;aranya&quot; d&#039;Alba Montiel \"><\/a><\/div><div class=\"w-gallery-item\"><div class=\"w-gallery-item-img\"><img loading=\"lazy\" decoding=\"async\" width=\"600\" height=\"836\" src=\"https:\/\/fundaciosetba.org\/wp-content\/uploads\/2024\/04\/91-600x836.jpg\" class=\"attachment-woocommerce_single size-woocommerce_single\" alt=\"\" srcset=\"https:\/\/fundaciosetba.org\/wp-content\/uploads\/2024\/04\/91-600x836.jpg 600w, https:\/\/fundaciosetba.org\/wp-content\/uploads\/2024\/04\/91-215x300.jpg 215w, https:\/\/fundaciosetba.org\/wp-content\/uploads\/2024\/04\/91-735x1024.jpg 735w, https:\/\/fundaciosetba.org\/wp-content\/uploads\/2024\/04\/91-72x100.jpg 72w, https:\/\/fundaciosetba.org\/wp-content\/uploads\/2024\/04\/91-287x400.jpg 287w, https:\/\/fundaciosetba.org\/wp-content\/uploads\/2024\/04\/91-scaled.jpg 1837w\" sizes=\"auto, (max-width: 600px) 100vw, 600px\" \/><\/div><div class=\"w-gallery-item-meta\"><div class=\"w-gallery-item-title\">\"L'\u00faltim ball\" d'Adri\u00e0 Pujolar, de la Fundaci\u00f3 Ampans<\/div><\/div><a class=\"w-gallery-item-link\" aria-label=\"&quot;L&#039;\u00faltim ball&quot; d&#039;Adri\u00e0 Pujolar, de la Fundaci\u00f3 Ampans\" href=\"https:\/\/fundaciosetba.org\/wp-content\/uploads\/2024\/04\/91-scaled.jpg\" title=\"&quot;L&#039;\u00faltim ball&quot; d&#039;Adri\u00e0 Pujolar, de la Fundaci\u00f3 Ampans\"><\/a><\/div><div class=\"w-gallery-item\"><div class=\"w-gallery-item-img\"><img loading=\"lazy\" decoding=\"async\" width=\"600\" height=\"849\" src=\"https:\/\/fundaciosetba.org\/wp-content\/uploads\/2024\/04\/101-600x849.jpg\" class=\"attachment-woocommerce_single size-woocommerce_single\" alt=\"\" srcset=\"https:\/\/fundaciosetba.org\/wp-content\/uploads\/2024\/04\/101-600x849.jpg 600w, https:\/\/fundaciosetba.org\/wp-content\/uploads\/2024\/04\/101-212x300.jpg 212w, https:\/\/fundaciosetba.org\/wp-content\/uploads\/2024\/04\/101-724x1024.jpg 724w, https:\/\/fundaciosetba.org\/wp-content\/uploads\/2024\/04\/101-71x100.jpg 71w, https:\/\/fundaciosetba.org\/wp-content\/uploads\/2024\/04\/101-283x400.jpg 283w, https:\/\/fundaciosetba.org\/wp-content\/uploads\/2024\/04\/101-scaled.jpg 1809w\" sizes=\"auto, (max-width: 600px) 100vw, 600px\" \/><\/div><div class=\"w-gallery-item-meta\"><div class=\"w-gallery-item-title\">\"Mujer del S\u00e1hara\" de Dolores Campos, de la Fundaci\u00f3 Ampans<\/div><\/div><a class=\"w-gallery-item-link\" aria-label=\"&quot;Mujer del S\u00e1hara&quot; de Dolores Campos, de la Fundaci\u00f3 Ampans\" href=\"https:\/\/fundaciosetba.org\/wp-content\/uploads\/2024\/04\/101-scaled.jpg\" title=\"&quot;Mujer del S\u00e1hara&quot; de Dolores Campos, de la Fundaci\u00f3 Ampans\"><\/a><\/div><div class=\"w-gallery-item\"><div class=\"w-gallery-item-img\"><img loading=\"lazy\" decoding=\"async\" width=\"600\" height=\"828\" src=\"https:\/\/fundaciosetba.org\/wp-content\/uploads\/2024\/04\/134-600x828.jpg\" class=\"attachment-woocommerce_single size-woocommerce_single\" alt=\"\" srcset=\"https:\/\/fundaciosetba.org\/wp-content\/uploads\/2024\/04\/134-600x828.jpg 600w, https:\/\/fundaciosetba.org\/wp-content\/uploads\/2024\/04\/134-217x300.jpg 217w, https:\/\/fundaciosetba.org\/wp-content\/uploads\/2024\/04\/134-742x1024.jpg 742w, https:\/\/fundaciosetba.org\/wp-content\/uploads\/2024\/04\/134-72x100.jpg 72w, https:\/\/fundaciosetba.org\/wp-content\/uploads\/2024\/04\/134-290x400.jpg 290w, https:\/\/fundaciosetba.org\/wp-content\/uploads\/2024\/04\/134-scaled.jpg 1855w\" sizes=\"auto, (max-width: 600px) 100vw, 600px\" \/><\/div><div class=\"w-gallery-item-meta\"><div class=\"w-gallery-item-title\">\"Notes llargues de piano\" <\/div><\/div><a class=\"w-gallery-item-link\" aria-label=\"&quot;Notes llargues de piano&quot; \" href=\"https:\/\/fundaciosetba.org\/wp-content\/uploads\/2024\/04\/134-scaled.jpg\" title=\"&quot;Notes llargues de piano&quot; \"><\/a><\/div><div class=\"w-gallery-item\"><div class=\"w-gallery-item-img\"><img loading=\"lazy\" decoding=\"async\" width=\"600\" height=\"836\" src=\"https:\/\/fundaciosetba.org\/wp-content\/uploads\/2024\/04\/132-600x836.jpg\" class=\"attachment-woocommerce_single size-woocommerce_single\" alt=\"\" srcset=\"https:\/\/fundaciosetba.org\/wp-content\/uploads\/2024\/04\/132-600x836.jpg 600w, https:\/\/fundaciosetba.org\/wp-content\/uploads\/2024\/04\/132-215x300.jpg 215w, https:\/\/fundaciosetba.org\/wp-content\/uploads\/2024\/04\/132-735x1024.jpg 735w, https:\/\/fundaciosetba.org\/wp-content\/uploads\/2024\/04\/132-72x100.jpg 72w, https:\/\/fundaciosetba.org\/wp-content\/uploads\/2024\/04\/132-287x400.jpg 287w, https:\/\/fundaciosetba.org\/wp-content\/uploads\/2024\/04\/132-scaled.jpg 1837w\" sizes=\"auto, (max-width: 600px) 100vw, 600px\" \/><\/div><div class=\"w-gallery-item-meta\"><div class=\"w-gallery-item-title\">\"Planetarium\" de Noelia Bernal d'Ampans<\/div><\/div><a class=\"w-gallery-item-link\" aria-label=\"&quot;Planetarium&quot; de Noelia Bernal d&#039;Ampans\" href=\"https:\/\/fundaciosetba.org\/wp-content\/uploads\/2024\/04\/132-scaled.jpg\" title=\"&quot;Planetarium&quot; de Noelia Bernal d&#039;Ampans\"><\/a><\/div><div class=\"w-gallery-item\"><div class=\"w-gallery-item-img\"><img loading=\"lazy\" decoding=\"async\" width=\"600\" height=\"841\" src=\"https:\/\/fundaciosetba.org\/wp-content\/uploads\/2024\/04\/97-600x841.jpg\" class=\"attachment-woocommerce_single size-woocommerce_single\" alt=\"\" srcset=\"https:\/\/fundaciosetba.org\/wp-content\/uploads\/2024\/04\/97-600x841.jpg 600w, https:\/\/fundaciosetba.org\/wp-content\/uploads\/2024\/04\/97-214x300.jpg 214w, https:\/\/fundaciosetba.org\/wp-content\/uploads\/2024\/04\/97-731x1024.jpg 731w, https:\/\/fundaciosetba.org\/wp-content\/uploads\/2024\/04\/97-71x100.jpg 71w, https:\/\/fundaciosetba.org\/wp-content\/uploads\/2024\/04\/97-285x400.jpg 285w, https:\/\/fundaciosetba.org\/wp-content\/uploads\/2024\/04\/97-scaled.jpg 1827w\" sizes=\"auto, (max-width: 600px) 100vw, 600px\" \/><\/div><div class=\"w-gallery-item-meta\"><div class=\"w-gallery-item-title\">\"Quin mareig\" de Carles Calavera<\/div><\/div><a class=\"w-gallery-item-link\" aria-label=\"&quot;Quin mareig&quot; de Carles Calavera\" href=\"https:\/\/fundaciosetba.org\/wp-content\/uploads\/2024\/04\/97-scaled.jpg\" title=\"&quot;Quin mareig&quot; de Carles Calavera\"><\/a><\/div><div class=\"w-gallery-item\"><div class=\"w-gallery-item-img\"><img loading=\"lazy\" decoding=\"async\" width=\"600\" height=\"854\" src=\"https:\/\/fundaciosetba.org\/wp-content\/uploads\/2024\/04\/36-600x854.jpg\" class=\"attachment-woocommerce_single size-woocommerce_single\" alt=\"\" srcset=\"https:\/\/fundaciosetba.org\/wp-content\/uploads\/2024\/04\/36-600x854.jpg 600w, https:\/\/fundaciosetba.org\/wp-content\/uploads\/2024\/04\/36-211x300.jpg 211w, https:\/\/fundaciosetba.org\/wp-content\/uploads\/2024\/04\/36-720x1024.jpg 720w, https:\/\/fundaciosetba.org\/wp-content\/uploads\/2024\/04\/36-70x100.jpg 70w, https:\/\/fundaciosetba.org\/wp-content\/uploads\/2024\/04\/36-281x400.jpg 281w, https:\/\/fundaciosetba.org\/wp-content\/uploads\/2024\/04\/36-scaled.jpg 1799w\" sizes=\"auto, (max-width: 600px) 100vw, 600px\" \/><\/div><div class=\"w-gallery-item-meta\"><div class=\"w-gallery-item-title\">\"Som la pera\" de Marta Ventura, de la Fundaci\u00f3 Ram\u00f3n Noguera<\/div><\/div><a class=\"w-gallery-item-link\" aria-label=\"&quot;Som la pera&quot; de Marta Ventura, de la Fundaci\u00f3 Ram\u00f3n Noguera\" href=\"https:\/\/fundaciosetba.org\/wp-content\/uploads\/2024\/04\/36-scaled.jpg\" title=\"&quot;Som la pera&quot; de Marta Ventura, de la Fundaci\u00f3 Ram\u00f3n Noguera\"><\/a><\/div><div class=\"w-gallery-item\"><div class=\"w-gallery-item-img\"><img loading=\"lazy\" decoding=\"async\" width=\"600\" height=\"846\" src=\"https:\/\/fundaciosetba.org\/wp-content\/uploads\/2024\/04\/124-600x846.jpg\" class=\"attachment-woocommerce_single size-woocommerce_single\" alt=\"\" srcset=\"https:\/\/fundaciosetba.org\/wp-content\/uploads\/2024\/04\/124-600x846.jpg 600w, https:\/\/fundaciosetba.org\/wp-content\/uploads\/2024\/04\/124-213x300.jpg 213w, https:\/\/fundaciosetba.org\/wp-content\/uploads\/2024\/04\/124-726x1024.jpg 726w, https:\/\/fundaciosetba.org\/wp-content\/uploads\/2024\/04\/124-71x100.jpg 71w, https:\/\/fundaciosetba.org\/wp-content\/uploads\/2024\/04\/124-284x400.jpg 284w, https:\/\/fundaciosetba.org\/wp-content\/uploads\/2024\/04\/124-scaled.jpg 1815w\" sizes=\"auto, (max-width: 600px) 100vw, 600px\" \/><\/div><div class=\"w-gallery-item-meta\"><div class=\"w-gallery-item-title\">\"Toque de rimel\" de Manuel Aparicio, de la Fundaci\u00f3 Ampans<\/div><\/div><a class=\"w-gallery-item-link\" aria-label=\"&quot;Toque de rimel&quot; de Manuel Aparicio, de la Fundaci\u00f3 Ampans\" href=\"https:\/\/fundaciosetba.org\/wp-content\/uploads\/2024\/04\/124-scaled.jpg\" title=\"&quot;Toque de rimel&quot; de Manuel Aparicio, de la Fundaci\u00f3 Ampans\"><\/a><\/div><div class=\"w-gallery-item\"><div class=\"w-gallery-item-img\"><img loading=\"lazy\" decoding=\"async\" width=\"600\" height=\"831\" src=\"https:\/\/fundaciosetba.org\/wp-content\/uploads\/2024\/04\/117-600x831.jpg\" class=\"attachment-woocommerce_single size-woocommerce_single\" alt=\"\" srcset=\"https:\/\/fundaciosetba.org\/wp-content\/uploads\/2024\/04\/117-600x831.jpg 600w, https:\/\/fundaciosetba.org\/wp-content\/uploads\/2024\/04\/117-217x300.jpg 217w, https:\/\/fundaciosetba.org\/wp-content\/uploads\/2024\/04\/117-740x1024.jpg 740w, https:\/\/fundaciosetba.org\/wp-content\/uploads\/2024\/04\/117-72x100.jpg 72w, https:\/\/fundaciosetba.org\/wp-content\/uploads\/2024\/04\/117-289x400.jpg 289w, https:\/\/fundaciosetba.org\/wp-content\/uploads\/2024\/04\/117-scaled.jpg 1849w\" sizes=\"auto, (max-width: 600px) 100vw, 600px\" \/><\/div><div class=\"w-gallery-item-meta\"><div class=\"w-gallery-item-title\">\"Tu tens la clau\" de Jos\u00e9 Manuel Morales, de la Fundaci\u00f3 Ampans<\/div><\/div><a class=\"w-gallery-item-link\" aria-label=\"&quot;Tu tens la clau&quot; de Jos\u00e9 Manuel Morales, de la Fundaci\u00f3 Ampans\" href=\"https:\/\/fundaciosetba.org\/wp-content\/uploads\/2024\/04\/117-scaled.jpg\" title=\"&quot;Tu tens la clau&quot; de Jos\u00e9 Manuel Morales, de la Fundaci\u00f3 Ampans\"><\/a><\/div><div class=\"w-gallery-item\"><div class=\"w-gallery-item-img\"><img loading=\"lazy\" decoding=\"async\" width=\"600\" height=\"840\" src=\"https:\/\/fundaciosetba.org\/wp-content\/uploads\/2024\/04\/35-600x840.jpg\" class=\"attachment-woocommerce_single size-woocommerce_single\" alt=\"\" srcset=\"https:\/\/fundaciosetba.org\/wp-content\/uploads\/2024\/04\/35-600x840.jpg 600w, https:\/\/fundaciosetba.org\/wp-content\/uploads\/2024\/04\/35-214x300.jpg 214w, https:\/\/fundaciosetba.org\/wp-content\/uploads\/2024\/04\/35-731x1024.jpg 731w, https:\/\/fundaciosetba.org\/wp-content\/uploads\/2024\/04\/35-71x100.jpg 71w, https:\/\/fundaciosetba.org\/wp-content\/uploads\/2024\/04\/35-286x400.jpg 286w, https:\/\/fundaciosetba.org\/wp-content\/uploads\/2024\/04\/35-scaled.jpg 1828w\" sizes=\"auto, (max-width: 600px) 100vw, 600px\" \/><\/div><div class=\"w-gallery-item-meta\"><div class=\"w-gallery-item-title\">\"Xiuxiueig\" de Marc Vernedas<\/div><\/div><a class=\"w-gallery-item-link\" aria-label=\"&quot;Xiuxiueig&quot; de Marc Vernedas\" href=\"https:\/\/fundaciosetba.org\/wp-content\/uploads\/2024\/04\/35-scaled.jpg\" title=\"&quot;Xiuxiueig&quot; de Marc Vernedas\"><\/a><\/div><\/div><\/div>\n<p>&nbsp;<\/p>\n<p>Aquest certamen est\u00e0 organitzat per la Fundaci\u00f3 Setba amb el patrocini de l\u2019Ajuntament de Barcelona, Bizcabar i Capital Care i amb la col\u00b7laboraci\u00f3 de Barna Art, Bardinet, Dincat, Fundaci\u00f3 \u201cla Caixa\u201d, el Gremi de Galeries d\u2019Art de Catalunya, IDEAL, l\u2019Institut Europeu del Disseny, el Museu Immersiu del Bar\u00e7a i Pintures MIR.<\/p>\n<p>&nbsp;<\/p>\n<p>&nbsp;<\/p>\n<p>&nbsp;<\/p>\n<p>&nbsp;<\/p>\n<p>&nbsp;<\/p>\n<p>&nbsp;<\/p>\n<p>&nbsp;<\/p>\n","protected":false},"excerpt":{"rendered":"<p>Ja pots votar el Premi del P\u00fablic, la novetat d&#8217;aquesta edici\u00f3. Una votaci\u00f3 per escollir la teva obra preferida. El guanyador o la guanyadora s\u2019anunciar\u00e0 el dia de la cerim\u00f2nia del Premi Setba, juntament amb la resta de guardonats.<\/p>\n","protected":false},"author":1,"featured_media":36625,"comment_status":"closed","ping_status":"closed","sticky":false,"template":"","format":"standard","meta":{"footnotes":""},"categories":[1353],"tags":[],"class_list":["post-36633","post","type-post","status-publish","format-standard","has-post-thumbnail","hentry","category-premio-setba-es"],"_links":{"self":[{"href":"https:\/\/fundaciosetba.org\/es\/wp-json\/wp\/v2\/posts\/36633","targetHints":{"allow":["GET"]}}],"collection":[{"href":"https:\/\/fundaciosetba.org\/es\/wp-json\/wp\/v2\/posts"}],"about":[{"href":"https:\/\/fundaciosetba.org\/es\/wp-json\/wp\/v2\/types\/post"}],"author":[{"embeddable":true,"href":"https:\/\/fundaciosetba.org\/es\/wp-json\/wp\/v2\/users\/1"}],"replies":[{"embeddable":true,"href":"https:\/\/fundaciosetba.org\/es\/wp-json\/wp\/v2\/comments?post=36633"}],"version-history":[{"count":2,"href":"https:\/\/fundaciosetba.org\/es\/wp-json\/wp\/v2\/posts\/36633\/revisions"}],"predecessor-version":[{"id":36635,"href":"https:\/\/fundaciosetba.org\/es\/wp-json\/wp\/v2\/posts\/36633\/revisions\/36635"}],"wp:featuredmedia":[{"embeddable":true,"href":"https:\/\/fundaciosetba.org\/es\/wp-json\/wp\/v2\/media\/36625"}],"wp:attachment":[{"href":"https:\/\/fundaciosetba.org\/es\/wp-json\/wp\/v2\/media?parent=36633"}],"wp:term":[{"taxonomy":"category","embeddable":true,"href":"https:\/\/fundaciosetba.org\/es\/wp-json\/wp\/v2\/categories?post=36633"},{"taxonomy":"post_tag","embeddable":true,"href":"https:\/\/fundaciosetba.org\/es\/wp-json\/wp\/v2\/tags?post=36633"}],"curies":[{"name":"wp","href":"https:\/\/api.w.org\/{rel}","templated":true}]}}