{"id":36914,"date":"2024-06-18T09:57:06","date_gmt":"2024-06-18T08:57:06","guid":{"rendered":"https:\/\/fundaciosetba.org\/asi-se-ha-vivido-la-semana-de-la-danza-del-natura-es-cultura\/"},"modified":"2024-06-25T10:31:55","modified_gmt":"2024-06-25T09:31:55","slug":"asi-se-ha-vivido-la-semana-de-la-danza-del-natura-es-cultura","status":"publish","type":"post","link":"https:\/\/fundaciosetba.org\/es\/asi-se-ha-vivido-la-semana-de-la-danza-del-natura-es-cultura\/","title":{"rendered":"As\u00ed se vivi\u00f3 la Semana de la Danza del Natura es Cultura"},"content":{"rendered":"<p>Del 3 al 7 de junio, tuvo lugar la Semana de la Danza dentro del proyecto de arte y salud mental &#8220;Natura es Cultura&#8221;, <strong>dirigida por la bailarina y psic\u00f3loga Maria Ribera<\/strong> <strong>en la residencia de artistas Cal Gras de Aviny\u00f3, de Quim Moya<\/strong> . Esta iniciativa ofreci\u00f3 a los participantes una <strong>oportunidad para desconectar de su rutina mientras exploran el movimiento y la creatividad<\/strong> en el entorno natural del Bages.<\/p>\n<p>Hassan, Lucas y Noelia de la <strong>Fundaci\u00f3n Ampans<\/strong>; Susana, Pilar y Puri de la <strong>Fundaci\u00f3n Drissa<\/strong>; y Josep, M. Rosa y Marina de la <strong>Fundaci\u00f3 Horitz\u00f3 del Bergued\u00e0<\/strong> convivieron durante toda la semana por <strong>crear con Ribera una pieza de danza inspirada en la &#8220;Pastoral&#8221;<\/strong>, la sexta sinfon\u00eda de Beethoven.<\/p>\n<div class=\"w-gallery fit_cover wp_gallery type_grid action_popup_image ratio_1x1 count_6\" style=\"--columns:3;--items-gap:8px;\"><div class=\"w-gallery-list\"><div class=\"w-gallery-item\"><div class=\"w-gallery-item-img\"><img loading=\"lazy\" decoding=\"async\" width=\"300\" height=\"300\" src=\"https:\/\/fundaciosetba.org\/wp-content\/uploads\/2024\/06\/IMG_4479-300x300.jpeg\" class=\"attachment-woocommerce_thumbnail size-woocommerce_thumbnail\" alt=\"\" srcset=\"https:\/\/fundaciosetba.org\/wp-content\/uploads\/2024\/06\/IMG_4479-300x300.jpeg 300w, https:\/\/fundaciosetba.org\/wp-content\/uploads\/2024\/06\/IMG_4479-150x150.jpeg 150w\" sizes=\"auto, (max-width: 300px) 100vw, 300px\" \/><\/div><a class=\"w-gallery-item-link\" aria-label=\"IMG_4479\" href=\"https:\/\/fundaciosetba.org\/wp-content\/uploads\/2024\/06\/IMG_4479.jpeg\" title=\"IMG_4479\"><\/a><\/div><div class=\"w-gallery-item\"><div class=\"w-gallery-item-img\"><img loading=\"lazy\" decoding=\"async\" width=\"300\" height=\"300\" src=\"https:\/\/fundaciosetba.org\/wp-content\/uploads\/2024\/06\/IMG_4485-300x300.jpeg\" class=\"attachment-woocommerce_thumbnail size-woocommerce_thumbnail\" alt=\"\" srcset=\"https:\/\/fundaciosetba.org\/wp-content\/uploads\/2024\/06\/IMG_4485-300x300.jpeg 300w, https:\/\/fundaciosetba.org\/wp-content\/uploads\/2024\/06\/IMG_4485-150x150.jpeg 150w\" sizes=\"auto, (max-width: 300px) 100vw, 300px\" \/><\/div><a class=\"w-gallery-item-link\" aria-label=\"IMG_4485\" href=\"https:\/\/fundaciosetba.org\/wp-content\/uploads\/2024\/06\/IMG_4485.jpeg\" title=\"IMG_4485\"><\/a><\/div><div class=\"w-gallery-item\"><div class=\"w-gallery-item-img\"><img loading=\"lazy\" decoding=\"async\" width=\"300\" height=\"300\" src=\"https:\/\/fundaciosetba.org\/wp-content\/uploads\/2024\/06\/IMG_4491-300x300.jpeg\" class=\"attachment-woocommerce_thumbnail size-woocommerce_thumbnail\" alt=\"\" srcset=\"https:\/\/fundaciosetba.org\/wp-content\/uploads\/2024\/06\/IMG_4491-300x300.jpeg 300w, https:\/\/fundaciosetba.org\/wp-content\/uploads\/2024\/06\/IMG_4491-150x150.jpeg 150w\" sizes=\"auto, (max-width: 300px) 100vw, 300px\" \/><\/div><a class=\"w-gallery-item-link\" aria-label=\"IMG_4491\" href=\"https:\/\/fundaciosetba.org\/wp-content\/uploads\/2024\/06\/IMG_4491.jpeg\" title=\"IMG_4491\"><\/a><\/div><div class=\"w-gallery-item\"><div class=\"w-gallery-item-img\"><img loading=\"lazy\" decoding=\"async\" width=\"300\" height=\"300\" src=\"https:\/\/fundaciosetba.org\/wp-content\/uploads\/2024\/06\/IMG_4493-300x300.jpeg\" class=\"attachment-woocommerce_thumbnail size-woocommerce_thumbnail\" alt=\"\" srcset=\"https:\/\/fundaciosetba.org\/wp-content\/uploads\/2024\/06\/IMG_4493-300x300.jpeg 300w, https:\/\/fundaciosetba.org\/wp-content\/uploads\/2024\/06\/IMG_4493-150x150.jpeg 150w\" sizes=\"auto, (max-width: 300px) 100vw, 300px\" \/><\/div><a class=\"w-gallery-item-link\" aria-label=\"IMG_4493\" href=\"https:\/\/fundaciosetba.org\/wp-content\/uploads\/2024\/06\/IMG_4493.jpeg\" title=\"IMG_4493\"><\/a><\/div><div class=\"w-gallery-item\"><div class=\"w-gallery-item-img\"><img loading=\"lazy\" decoding=\"async\" width=\"300\" height=\"300\" src=\"https:\/\/fundaciosetba.org\/wp-content\/uploads\/2024\/06\/IMG_4513-300x300.jpeg\" class=\"attachment-woocommerce_thumbnail size-woocommerce_thumbnail\" alt=\"\" srcset=\"https:\/\/fundaciosetba.org\/wp-content\/uploads\/2024\/06\/IMG_4513-300x300.jpeg 300w, https:\/\/fundaciosetba.org\/wp-content\/uploads\/2024\/06\/IMG_4513-150x150.jpeg 150w\" sizes=\"auto, (max-width: 300px) 100vw, 300px\" \/><\/div><a class=\"w-gallery-item-link\" aria-label=\"IMG_4513\" href=\"https:\/\/fundaciosetba.org\/wp-content\/uploads\/2024\/06\/IMG_4513.jpeg\" title=\"IMG_4513\"><\/a><\/div><div class=\"w-gallery-item\"><div class=\"w-gallery-item-img\"><img loading=\"lazy\" decoding=\"async\" width=\"300\" height=\"300\" src=\"https:\/\/fundaciosetba.org\/wp-content\/uploads\/2024\/06\/IMG_4520-300x300.jpeg\" class=\"attachment-woocommerce_thumbnail size-woocommerce_thumbnail\" alt=\"\" srcset=\"https:\/\/fundaciosetba.org\/wp-content\/uploads\/2024\/06\/IMG_4520-300x300.jpeg 300w, https:\/\/fundaciosetba.org\/wp-content\/uploads\/2024\/06\/IMG_4520-150x150.jpeg 150w\" sizes=\"auto, (max-width: 300px) 100vw, 300px\" \/><\/div><a class=\"w-gallery-item-link\" aria-label=\"IMG_4520\" href=\"https:\/\/fundaciosetba.org\/wp-content\/uploads\/2024\/06\/IMG_4520.jpeg\" title=\"IMG_4520\"><\/a><\/div><\/div><\/div>\n<p>La edici\u00f3n de este a\u00f1o empez\u00f3 el 22 de abril con la <strong>visita de todos los participantes al Conservatorio del Liceo<\/strong> , gracias a <strong>Miquel Ler\u00edn<\/strong> , promotor del Concurso Tenor Vi\u00f1as y patr\u00f3n de la Fundaci\u00f3n. All\u00ed, Ler\u00edn explic\u00f3 el significado de la &#8220;Pastoral&#8221;, que fue <strong>interpretada a piano a cuatro manos por Nicolau Barber e Ivan Sharapov<\/strong> , dos estudiantes del conservatorio. Despu\u00e9s, el grupo realiz\u00f3 una <strong>visita guiada al Liceo de la mano de Irene Clavis<\/strong> , responsable del Programa Social Liceu Apropa, quien les revel\u00f3 los secretos, la historia y el funcionamiento del Gran Teatre.<\/p>\n<p>La estancia empez\u00f3 el 3 de junio con la presentaci\u00f3n del proyecto de danza en el bosque, donde se estableci\u00f3 el primer contacto con el medio natural y los participantes exploraron el movimiento a partir de objetos diversos y elementos de la naturaleza, fomentando la creatividad y la conexi\u00f3n con el entorno. Los d\u00edas siguientes se centraron en explorar la expresi\u00f3n corporal, decidiendo qu\u00e9 movimientos podr\u00edan ser \u00fatiles para la composici\u00f3n de la &#8220;Pastoral&#8221;. Estas sesiones permitieron trabajar colectivamente para componer la prenda de danza.<\/p>\n<div class=\"w-gallery fit_cover wp_gallery type_grid action_popup_image ratio_1x1 count_9\" style=\"--columns:3;--items-gap:8px;\"><div class=\"w-gallery-list\"><div class=\"w-gallery-item\"><div class=\"w-gallery-item-img\"><img loading=\"lazy\" decoding=\"async\" width=\"300\" height=\"300\" src=\"https:\/\/fundaciosetba.org\/wp-content\/uploads\/2024\/06\/IMG_5595-300x300.jpeg\" class=\"attachment-woocommerce_thumbnail size-woocommerce_thumbnail\" alt=\"\" srcset=\"https:\/\/fundaciosetba.org\/wp-content\/uploads\/2024\/06\/IMG_5595-300x300.jpeg 300w, https:\/\/fundaciosetba.org\/wp-content\/uploads\/2024\/06\/IMG_5595-150x150.jpeg 150w\" sizes=\"auto, (max-width: 300px) 100vw, 300px\" \/><\/div><a class=\"w-gallery-item-link\" aria-label=\"IMG_5595\" href=\"https:\/\/fundaciosetba.org\/wp-content\/uploads\/2024\/06\/IMG_5595.jpeg\" title=\"IMG_5595\"><\/a><\/div><div class=\"w-gallery-item\"><div class=\"w-gallery-item-img\"><img loading=\"lazy\" decoding=\"async\" width=\"300\" height=\"300\" src=\"https:\/\/fundaciosetba.org\/wp-content\/uploads\/2024\/06\/IMG20240607121123-300x300.jpg\" class=\"attachment-woocommerce_thumbnail size-woocommerce_thumbnail\" alt=\"\" srcset=\"https:\/\/fundaciosetba.org\/wp-content\/uploads\/2024\/06\/IMG20240607121123-300x300.jpg 300w, https:\/\/fundaciosetba.org\/wp-content\/uploads\/2024\/06\/IMG20240607121123-150x150.jpg 150w\" sizes=\"auto, (max-width: 300px) 100vw, 300px\" \/><\/div><a class=\"w-gallery-item-link\" aria-label=\"oplus_32\" href=\"https:\/\/fundaciosetba.org\/wp-content\/uploads\/2024\/06\/IMG20240607121123-scaled.jpg\" title=\"oplus_32\"><\/a><\/div><div class=\"w-gallery-item\"><div class=\"w-gallery-item-img\"><img loading=\"lazy\" decoding=\"async\" width=\"300\" height=\"300\" src=\"https:\/\/fundaciosetba.org\/wp-content\/uploads\/2024\/06\/IMG20240607121802-300x300.jpg\" class=\"attachment-woocommerce_thumbnail size-woocommerce_thumbnail\" alt=\"\" srcset=\"https:\/\/fundaciosetba.org\/wp-content\/uploads\/2024\/06\/IMG20240607121802-300x300.jpg 300w, https:\/\/fundaciosetba.org\/wp-content\/uploads\/2024\/06\/IMG20240607121802-150x150.jpg 150w\" sizes=\"auto, (max-width: 300px) 100vw, 300px\" \/><\/div><a class=\"w-gallery-item-link\" aria-label=\"oplus_0\" href=\"https:\/\/fundaciosetba.org\/wp-content\/uploads\/2024\/06\/IMG20240607121802-scaled.jpg\" title=\"oplus_0\"><\/a><\/div><div class=\"w-gallery-item\"><div class=\"w-gallery-item-img\"><img loading=\"lazy\" decoding=\"async\" width=\"300\" height=\"300\" src=\"https:\/\/fundaciosetba.org\/wp-content\/uploads\/2024\/06\/IMG20240607121820-300x300.jpg\" class=\"attachment-woocommerce_thumbnail size-woocommerce_thumbnail\" alt=\"\" srcset=\"https:\/\/fundaciosetba.org\/wp-content\/uploads\/2024\/06\/IMG20240607121820-300x300.jpg 300w, https:\/\/fundaciosetba.org\/wp-content\/uploads\/2024\/06\/IMG20240607121820-150x150.jpg 150w\" sizes=\"auto, (max-width: 300px) 100vw, 300px\" \/><\/div><a class=\"w-gallery-item-link\" aria-label=\"oplus_0\" href=\"https:\/\/fundaciosetba.org\/wp-content\/uploads\/2024\/06\/IMG20240607121820-scaled.jpg\" title=\"oplus_0\"><\/a><\/div><div class=\"w-gallery-item\"><div class=\"w-gallery-item-img\"><img loading=\"lazy\" decoding=\"async\" width=\"300\" height=\"300\" src=\"https:\/\/fundaciosetba.org\/wp-content\/uploads\/2024\/06\/IMG_5586-300x300.jpg\" class=\"attachment-woocommerce_thumbnail size-woocommerce_thumbnail\" alt=\"\" srcset=\"https:\/\/fundaciosetba.org\/wp-content\/uploads\/2024\/06\/IMG_5586-300x300.jpg 300w, https:\/\/fundaciosetba.org\/wp-content\/uploads\/2024\/06\/IMG_5586-150x150.jpg 150w\" sizes=\"auto, (max-width: 300px) 100vw, 300px\" \/><\/div><a class=\"w-gallery-item-link\" aria-label=\"IMG_5586\" href=\"https:\/\/fundaciosetba.org\/wp-content\/uploads\/2024\/06\/IMG_5586-scaled.jpg\" title=\"IMG_5586\"><\/a><\/div><div class=\"w-gallery-item\"><div class=\"w-gallery-item-img\"><img loading=\"lazy\" decoding=\"async\" width=\"300\" height=\"300\" src=\"https:\/\/fundaciosetba.org\/wp-content\/uploads\/2024\/06\/IMG20240607121029-300x300.jpg\" class=\"attachment-woocommerce_thumbnail size-woocommerce_thumbnail\" alt=\"\" srcset=\"https:\/\/fundaciosetba.org\/wp-content\/uploads\/2024\/06\/IMG20240607121029-300x300.jpg 300w, https:\/\/fundaciosetba.org\/wp-content\/uploads\/2024\/06\/IMG20240607121029-150x150.jpg 150w\" sizes=\"auto, (max-width: 300px) 100vw, 300px\" \/><\/div><a class=\"w-gallery-item-link\" aria-label=\"oplus_32\" href=\"https:\/\/fundaciosetba.org\/wp-content\/uploads\/2024\/06\/IMG20240607121029-scaled.jpg\" title=\"oplus_32\"><\/a><\/div><div class=\"w-gallery-item\"><div class=\"w-gallery-item-img\"><img loading=\"lazy\" decoding=\"async\" width=\"300\" height=\"300\" src=\"https:\/\/fundaciosetba.org\/wp-content\/uploads\/2024\/06\/IMG_5564-300x300.jpeg\" class=\"attachment-woocommerce_thumbnail size-woocommerce_thumbnail\" alt=\"\" srcset=\"https:\/\/fundaciosetba.org\/wp-content\/uploads\/2024\/06\/IMG_5564-300x300.jpeg 300w, https:\/\/fundaciosetba.org\/wp-content\/uploads\/2024\/06\/IMG_5564-150x150.jpeg 150w\" sizes=\"auto, (max-width: 300px) 100vw, 300px\" \/><\/div><a class=\"w-gallery-item-link\" aria-label=\"IMG_5564\" href=\"https:\/\/fundaciosetba.org\/wp-content\/uploads\/2024\/06\/IMG_5564.jpeg\" title=\"IMG_5564\"><\/a><\/div><div class=\"w-gallery-item\"><div class=\"w-gallery-item-img\"><img loading=\"lazy\" decoding=\"async\" width=\"300\" height=\"300\" src=\"https:\/\/fundaciosetba.org\/wp-content\/uploads\/2024\/06\/IMG_5572-300x300.jpeg\" class=\"attachment-woocommerce_thumbnail size-woocommerce_thumbnail\" alt=\"\" srcset=\"https:\/\/fundaciosetba.org\/wp-content\/uploads\/2024\/06\/IMG_5572-300x300.jpeg 300w, https:\/\/fundaciosetba.org\/wp-content\/uploads\/2024\/06\/IMG_5572-150x150.jpeg 150w\" sizes=\"auto, (max-width: 300px) 100vw, 300px\" \/><\/div><a class=\"w-gallery-item-link\" aria-label=\"IMG_5572\" href=\"https:\/\/fundaciosetba.org\/wp-content\/uploads\/2024\/06\/IMG_5572.jpeg\" title=\"IMG_5572\"><\/a><\/div><div class=\"w-gallery-item\"><div class=\"w-gallery-item-img\"><img loading=\"lazy\" decoding=\"async\" width=\"300\" height=\"300\" src=\"https:\/\/fundaciosetba.org\/wp-content\/uploads\/2024\/06\/IMG_5567-300x300.jpeg\" class=\"attachment-woocommerce_thumbnail size-woocommerce_thumbnail\" alt=\"\" srcset=\"https:\/\/fundaciosetba.org\/wp-content\/uploads\/2024\/06\/IMG_5567-300x300.jpeg 300w, https:\/\/fundaciosetba.org\/wp-content\/uploads\/2024\/06\/IMG_5567-150x150.jpeg 150w\" sizes=\"auto, (max-width: 300px) 100vw, 300px\" \/><\/div><a class=\"w-gallery-item-link\" aria-label=\"IMG_5567\" href=\"https:\/\/fundaciosetba.org\/wp-content\/uploads\/2024\/06\/IMG_5567.jpeg\" title=\"IMG_5567\"><\/a><\/div><\/div><\/div>\n<p>&nbsp;<\/p>\n<p>Como actividad paralela, invitamos a la artista <span>Daniella Querol, quien ofreci\u00f3 un taller de estampaci\u00f3n bot\u00e1nica utilizando tejidos de Cot\u00f3 Roig y aport\u00f3<\/span> una nueva dimensi\u00f3n creativa al proyecto.<\/p>\n<p>Este proyecto est\u00e1 organizado por la Fundaci\u00f3n Setba con el patrocinio de Bizcabar Servicios Inmobiliarios y Capital Care con la colaboraci\u00f3n de Art &amp; Gavarres, Cal Gras, Conservatorio del Liceo, Instituto Manresa Seis y Pinturas Lepanto<\/p>\n","protected":false},"excerpt":{"rendered":"<p>Del 3 al 7 de junio, tuvo lugar la Semana de la Danza dentro del proyecto de arte y salud mental &#8220;Natura es Cultura&#8221;, dirigida por la bailarina y psic\u00f3loga Maria Ribera en la residencia de artistas Cal Gras de Aviny\u00f3.<\/p>\n","protected":false},"author":1,"featured_media":36895,"comment_status":"closed","ping_status":"closed","sticky":false,"template":"","format":"standard","meta":{"footnotes":""},"categories":[1355],"tags":[],"class_list":["post-36914","post","type-post","status-publish","format-standard","has-post-thumbnail","hentry","category-naturaleza-es-cultura"],"_links":{"self":[{"href":"https:\/\/fundaciosetba.org\/es\/wp-json\/wp\/v2\/posts\/36914","targetHints":{"allow":["GET"]}}],"collection":[{"href":"https:\/\/fundaciosetba.org\/es\/wp-json\/wp\/v2\/posts"}],"about":[{"href":"https:\/\/fundaciosetba.org\/es\/wp-json\/wp\/v2\/types\/post"}],"author":[{"embeddable":true,"href":"https:\/\/fundaciosetba.org\/es\/wp-json\/wp\/v2\/users\/1"}],"replies":[{"embeddable":true,"href":"https:\/\/fundaciosetba.org\/es\/wp-json\/wp\/v2\/comments?post=36914"}],"version-history":[{"count":2,"href":"https:\/\/fundaciosetba.org\/es\/wp-json\/wp\/v2\/posts\/36914\/revisions"}],"predecessor-version":[{"id":36966,"href":"https:\/\/fundaciosetba.org\/es\/wp-json\/wp\/v2\/posts\/36914\/revisions\/36966"}],"wp:featuredmedia":[{"embeddable":true,"href":"https:\/\/fundaciosetba.org\/es\/wp-json\/wp\/v2\/media\/36895"}],"wp:attachment":[{"href":"https:\/\/fundaciosetba.org\/es\/wp-json\/wp\/v2\/media?parent=36914"}],"wp:term":[{"taxonomy":"category","embeddable":true,"href":"https:\/\/fundaciosetba.org\/es\/wp-json\/wp\/v2\/categories?post=36914"},{"taxonomy":"post_tag","embeddable":true,"href":"https:\/\/fundaciosetba.org\/es\/wp-json\/wp\/v2\/tags?post=36914"}],"curies":[{"name":"wp","href":"https:\/\/api.w.org\/{rel}","templated":true}]}}