{"id":36962,"date":"2024-06-14T10:54:02","date_gmt":"2024-06-14T09:54:02","guid":{"rendered":"https:\/\/fundaciosetba.org\/laia-abril-se-incorpora-como-fotografa-colaboradora-del-proyecto-traspasando-el-objetivo\/"},"modified":"2024-06-25T10:30:46","modified_gmt":"2024-06-25T09:30:46","slug":"laia-abril-se-incorpora-como-fotografa-colaboradora-del-proyecto-traspasando-el-objetivo","status":"publish","type":"post","link":"https:\/\/fundaciosetba.org\/es\/laia-abril-se-incorpora-como-fotografa-colaboradora-del-proyecto-traspasando-el-objetivo\/","title":{"rendered":"Laia Abril se incorpora como fot\u00f3grafa colaboradora del proyecto &#8220;Traspasando el objetivo&#8221;"},"content":{"rendered":"<p><strong>La artista Laia Abril, galardonada con el Premio Nacional de Fotograf\u00eda 2023, se incorpora al proyecto &#8220;Traspasando el objetivo&#8221;<\/strong> como fot\u00f3grafa colaboradora. Este proyecto, <strong>dirigido por la artista Marta F\u00e0bregas<\/strong> , ofrece <strong>talleres de fotograf\u00eda a las mujeres internas en centros penitenciarios<\/strong> con el objetivo de fomentar la expresi\u00f3n art\u00edstica y el desarrollo personal.<\/p>\n<p>La nueva edici\u00f3n del proyecto empezar\u00e1 el 19 de junio en la c\u00e1rcel de Wad-Ras, donde <strong>Laia Abril impartir\u00e1 una masterclass<\/strong> a las participantes. Esta sesi\u00f3n permite acercar la realidad de las mujeres internas. &#8220;Invitar a una fot\u00f3grafa profesional catalana nos permite llevar sus experiencias y conocimientos dentro de las puertas del Centro Penitenciario, enriqueciendo as\u00ed a las participantes&#8221;, Cristina Sampere, directora de la Fundaci\u00f3n.<\/p>\n<p>Abril fue ganadora del Visionary Award 2018, es autora de varios libros destacados, como &#8220;The Epilogue&#8221;, una serie que documenta la historia de una familia afectada por la bulimia, y &#8220;A History of Misogyny&#8221;, que explora los peligros que sufren las mujeres sin acceso seguro al aborto. Adem\u00e1s, en 2016 fue galardonada con el Premio Revelaci\u00f3n Foto Espa\u00f1a, Fotopress Grant y Prix Madame Figaro.<\/p>\n<p>Los proyectos de Laia Abril se han expuesto en todo el mundo, incluyendo Suiza, Francia, Holanda, Londres, Nueva York, Montreal, China, Italia, Espa\u00f1a y Polonia. Su obra forma parte de colecciones privadas y p\u00fablicas de renombre, como el Mus\u00e9e del Elys\u00e9e, el Winterthur Museum y el MNAC. Su trabajo ha recibido reconocimiento internacional con nominaciones a la Magnum Foundation, Joop Swart Masterclass, Prix Pictet y Foam Paul Huf Award.<\/p>\n<figure id=\"attachment_36820\" aria-describedby=\"caption-attachment-36820\" style=\"width: 600px\" class=\"wp-caption aligncenter\"><img loading=\"lazy\" decoding=\"async\" class=\"size-us_600_400 wp-image-36818\" src=\"https:\/\/fundaciosetba.org\/wp-content\/uploads\/2024\/06\/On-Abortion_Laia-Abril-600x400.jpg\" alt=\"\" width=\"600\" height=\"400\" srcset=\"https:\/\/fundaciosetba.org\/wp-content\/uploads\/2024\/06\/On-Abortion_Laia-Abril-600x400.jpg 600w, https:\/\/fundaciosetba.org\/wp-content\/uploads\/2024\/06\/On-Abortion_Laia-Abril-300x200.jpg 300w, https:\/\/fundaciosetba.org\/wp-content\/uploads\/2024\/06\/On-Abortion_Laia-Abril-1024x683.jpg 1024w, https:\/\/fundaciosetba.org\/wp-content\/uploads\/2024\/06\/On-Abortion_Laia-Abril-150x100.jpg 150w\" sizes=\"auto, (max-width: 600px) 100vw, 600px\" \/><figcaption id=\"caption-attachment-36820\" class=\"wp-caption-text\">On abortion \u00a9Laia Abril, 2016<\/figcaption><\/figure>\n<p><strong>Despu\u00e9s de la masterclass, Laia Abril continuar\u00e1 su colaboraci\u00f3n con el proyecto como mentora de una de las participantes<\/strong> , ofreci\u00e9ndole soporte y gu\u00eda en su desarrollo fotogr\u00e1fico y personal. Esta relaci\u00f3n de mentor\u00eda es una oportunidad \u00fanica para que la interna pueda profundizar sus conocimientos fotogr\u00e1ficos y desarrollar su potencial creativo mientras crea v\u00ednculo con una fot\u00f3grafa profesional.<\/p>\n<p>Este proyecto ya ha contado con la participaci\u00f3n de fot\u00f3grafas destacadas como <strong>Sandra Balsells, Tanit Plana, Iolanda Seb\u00e9 y Laura G\u00e1lvez-Rhein<\/strong> . Uno de los principales objetivos es crear una red s\u00f3lida de mujeres fot\u00f3grafas comprometidas, que colaboren en fomentar el poder transformador de la fotograf\u00eda.<\/p>\n<p>Traspasando el objetivo est\u00e1 organizado por la Fundaci\u00f3n Setba con el patrocinio del Departamento de Igualdad y Feminismos, la Diputaci\u00f3n de Lleida, \u00c1rea de Igualdad, Bizcabar Servicios Inmobiliarios, con la colaboraci\u00f3n de Carlota Mar\u00edn, Casanova Foto, Hairless Lleida, Instituto de Estudios Fotogr\u00e1ficos de Catalu\u00f1a, Luminic Festival, El StOre La Perfumer\u00eda, Maquillaje Tutus\u00e1us, Marc Mart\u00ed, Panasonic \u2013 Lumix y el apoyo del Departamento de Justicia, Derechos y Memoria y forma parte de Comunidad IMPULSA 2021 de la Fundaci\u00f3n Catalunya Cultura.<\/p>\n","protected":false},"excerpt":{"rendered":"<p>La artista Laia Abril, galardonada con el Premio Nacional de Fotograf\u00eda 2023, se incorpora al proyecto &#8220;Traspasando el objetivo&#8221; como fot\u00f3grafa colaboradora. Este proyecto, dirigido por la artista Marta F\u00e0bregas, ofrece talleres de fotograf\u00eda a las mujeres internas en centros penitenciarios con el objetivo de empoderarlas y mejorar su autoestima.<\/p>\n","protected":false},"author":1,"featured_media":36814,"comment_status":"closed","ping_status":"closed","sticky":false,"template":"","format":"standard","meta":{"footnotes":""},"categories":[1350],"tags":[],"class_list":["post-36962","post","type-post","status-publish","format-standard","has-post-thumbnail","hentry","category-traspasando-el-objetivo-es"],"_links":{"self":[{"href":"https:\/\/fundaciosetba.org\/es\/wp-json\/wp\/v2\/posts\/36962","targetHints":{"allow":["GET"]}}],"collection":[{"href":"https:\/\/fundaciosetba.org\/es\/wp-json\/wp\/v2\/posts"}],"about":[{"href":"https:\/\/fundaciosetba.org\/es\/wp-json\/wp\/v2\/types\/post"}],"author":[{"embeddable":true,"href":"https:\/\/fundaciosetba.org\/es\/wp-json\/wp\/v2\/users\/1"}],"replies":[{"embeddable":true,"href":"https:\/\/fundaciosetba.org\/es\/wp-json\/wp\/v2\/comments?post=36962"}],"version-history":[{"count":1,"href":"https:\/\/fundaciosetba.org\/es\/wp-json\/wp\/v2\/posts\/36962\/revisions"}],"predecessor-version":[{"id":36964,"href":"https:\/\/fundaciosetba.org\/es\/wp-json\/wp\/v2\/posts\/36962\/revisions\/36964"}],"wp:featuredmedia":[{"embeddable":true,"href":"https:\/\/fundaciosetba.org\/es\/wp-json\/wp\/v2\/media\/36814"}],"wp:attachment":[{"href":"https:\/\/fundaciosetba.org\/es\/wp-json\/wp\/v2\/media?parent=36962"}],"wp:term":[{"taxonomy":"category","embeddable":true,"href":"https:\/\/fundaciosetba.org\/es\/wp-json\/wp\/v2\/categories?post=36962"},{"taxonomy":"post_tag","embeddable":true,"href":"https:\/\/fundaciosetba.org\/es\/wp-json\/wp\/v2\/tags?post=36962"}],"curies":[{"name":"wp","href":"https:\/\/api.w.org\/{rel}","templated":true}]}}