{"id":36963,"date":"2024-06-25T10:18:06","date_gmt":"2024-06-25T09:18:06","guid":{"rendered":"https:\/\/fundaciosetba.org\/la-gala-del-premio-setba-se-celebrara-el-16-de-septiembre-en-caixaforum\/"},"modified":"2024-06-25T10:31:31","modified_gmt":"2024-06-25T09:31:31","slug":"la-gala-del-premio-setba-se-celebrara-el-16-de-septiembre-en-caixaforum","status":"publish","type":"post","link":"https:\/\/fundaciosetba.org\/es\/la-gala-del-premio-setba-se-celebrara-el-16-de-septiembre-en-caixaforum\/","title":{"rendered":"La gala del Premio Setba se celebrar\u00e1 el 16 de septiembre en CaixaForum"},"content":{"rendered":"<p><strong>Nos complace anunciaros que la celebraci\u00f3n de la XIV gala del Premio Setba ser\u00e1 el 16 de septiembre a las 18:30 horas en CaixaForum Barcelona. <\/strong><\/p>\n<p>El Premi Setba es el certamen m\u00e1s destacado de su g\u00e9nero a nivel estatal, reconociendo y promoviendo la expresi\u00f3n art\u00edstica de artistas con discapacidad intelectual.<\/p>\n<p><strong>Asistencia:<\/strong><\/p>\n<p>Para asistir como p\u00fablico, rellene este formulario:<\/p>\n<p><strong><a href=\"https:\/\/forms.gle\/dn6xoRuq5BxUNYco7\">https:\/\/forms.gle\/dn6xoRuq5BxUNYco7<\/a><\/strong><\/p>\n<p><em>Para cualquier duda, llamar al 93 481 36 96 o escribir un correo electr\u00f3nico a info@fundaciosetba.org <\/em><\/p>\n<p><strong>Sobre la XIV edici\u00f3n del certamen:<\/strong><\/p>\n<p>Esta edici\u00f3n ha contado con la participaci\u00f3n de 1100 artistas. Las obras seleccionadas provienen de diversas entidades, de las que han surgido finalistas: Ampans, Centro Ocupacional (CO) Les Corts, CO Manlleu de la Fundaci\u00f3n Sant Tom\u00e0s, Fundaci\u00f3n Privada Aspronis, ArTransforma, Fundaci\u00f3n Ramon Noguera y CO Paideia. Los semifinalistas que forman parte de la selecci\u00f3n para el Premio del P\u00fablico son: CO Cordada de Osas, Fundaci\u00f3n Barcanova, Fundaci\u00f3n Estimia Barcelona, \u200b\u200bFundaci\u00f3n Teas y Fundaci\u00f3n Estel Sant Cugat. La votaci\u00f3n del Premio del P\u00fablico permaneci\u00f3 abierta durante el mes de mayo y obtuvo 1.047 votos.<\/p>\n<p><strong>Durante la gala:<\/strong><\/p>\n<p>Durante la gala, se dar\u00e1 a conocer la obra ganadora del Premio Setba 2024, seleccionada de entre las doce finalistas, el Premio del P\u00fablico y el Premio de Dise\u00f1o Bardinet, una obra seleccionada para formar parte de la nueva etiqueta del vino &#8216;M\u00e9s Feliz&#8217;, un DO Pened\u00e8s de la bodega Lacrima Baccus. Adem\u00e1s de la entrega de premios, tendremos una actuaci\u00f3n musical, que de momento no podemos desvelar.<\/p>\n<p>Este evento es posible gracias a la organizaci\u00f3n de la Fundaci\u00f3n Setba y el patrocinio de Bizcabar, Capital Care, y la colaboraci\u00f3n del Ayuntamiento de Barcelona, \u200b\u200bBarna Art, Bardinet, el Gremio de Galer\u00edas de Arte de Catalu\u00f1a, Dincat , el Museo del F\u00fatbol Club Barcelona, \u200b\u200bFundaci\u00f3n \u201cla Caixa\u201d, IDEAL Centro de Artes Digitales de Barcelona, \u200b\u200bIstituto Europeo di Design Barcelona, \u200b\u200bPinturas MIR, con el apoyo de la Pigment Gallery y el F\u00fatbol Club Barcelona Genuine.<\/p>\n<p><strong>V\u00eddeo resumen de la ceremonia de 2023:<\/strong><\/p>\n<p><iframe loading=\"lazy\" title=\"Premi Setba 2023 | Resum XIII gala\" width=\"640\" height=\"360\" src=\"https:\/\/www.youtube.com\/embed\/HS4WdRT9S8k?feature=oembed\" frameborder=\"0\" allow=\"accelerometer; autoplay; clipboard-write; encrypted-media; gyroscope; picture-in-picture; web-share\" referrerpolicy=\"strict-origin-when-cross-origin\" allowfullscreen><\/iframe><\/p>\n","protected":false},"excerpt":{"rendered":"<p>Esta edici\u00f3n ha contado con la participaci\u00f3n de 1100 personas. Para asistir como p\u00fablico, rellene el formulario que encontrar\u00e1s en este art\u00edculo.<\/p>\n","protected":false},"author":1,"featured_media":36928,"comment_status":"closed","ping_status":"closed","sticky":false,"template":"","format":"standard","meta":{"footnotes":""},"categories":[1353],"tags":[],"class_list":["post-36963","post","type-post","status-publish","format-standard","has-post-thumbnail","hentry","category-premio-setba-es"],"_links":{"self":[{"href":"https:\/\/fundaciosetba.org\/es\/wp-json\/wp\/v2\/posts\/36963","targetHints":{"allow":["GET"]}}],"collection":[{"href":"https:\/\/fundaciosetba.org\/es\/wp-json\/wp\/v2\/posts"}],"about":[{"href":"https:\/\/fundaciosetba.org\/es\/wp-json\/wp\/v2\/types\/post"}],"author":[{"embeddable":true,"href":"https:\/\/fundaciosetba.org\/es\/wp-json\/wp\/v2\/users\/1"}],"replies":[{"embeddable":true,"href":"https:\/\/fundaciosetba.org\/es\/wp-json\/wp\/v2\/comments?post=36963"}],"version-history":[{"count":1,"href":"https:\/\/fundaciosetba.org\/es\/wp-json\/wp\/v2\/posts\/36963\/revisions"}],"predecessor-version":[{"id":36965,"href":"https:\/\/fundaciosetba.org\/es\/wp-json\/wp\/v2\/posts\/36963\/revisions\/36965"}],"wp:featuredmedia":[{"embeddable":true,"href":"https:\/\/fundaciosetba.org\/es\/wp-json\/wp\/v2\/media\/36928"}],"wp:attachment":[{"href":"https:\/\/fundaciosetba.org\/es\/wp-json\/wp\/v2\/media?parent=36963"}],"wp:term":[{"taxonomy":"category","embeddable":true,"href":"https:\/\/fundaciosetba.org\/es\/wp-json\/wp\/v2\/categories?post=36963"},{"taxonomy":"post_tag","embeddable":true,"href":"https:\/\/fundaciosetba.org\/es\/wp-json\/wp\/v2\/tags?post=36963"}],"curies":[{"name":"wp","href":"https:\/\/api.w.org\/{rel}","templated":true}]}}