{"id":37065,"date":"2024-08-14T11:12:57","date_gmt":"2024-08-14T10:12:57","guid":{"rendered":"https:\/\/fundaciosetba.org\/las-obras-viva-la-vida-el-pajaro-y-escaleras-arriba-y-abajo-a-la-venta\/"},"modified":"2024-08-16T08:40:25","modified_gmt":"2024-08-16T07:40:25","slug":"las-obras-viva-la-vida-el-pajaro-y-escaleras-arriba-y-abajo-a-la-venta","status":"publish","type":"post","link":"https:\/\/fundaciosetba.org\/es\/las-obras-viva-la-vida-el-pajaro-y-escaleras-arriba-y-abajo-a-la-venta\/","title":{"rendered":"Las obras &#8220;Viva la vida&#8221;, &#8220;El p\u00e1jaro&#8221; y &#8220;Escaleras arriba y abajo&#8221; a la venta"},"content":{"rendered":"<p>Las obras &#8220;El p\u00e1jaro&#8221; de \u00c1ngel P\u00e9rez, &#8220;Viva la vida&#8221; de Cristian Barrachina y &#8220;Escaleras arriba y abajo&#8221; de Jenifer Serrano, las tres semifinalistas en el Premio Setba 2023 y expuestas en el Sal\u00f3n de Arte Moderno de Madrid 2024, se han puesto a la venta en nuestra <a href=\"https:\/\/fundaciosetba.org\/botiga\/\">p\u00e1gina web<\/a> . Con la venta de estas piezas \u00fanicas de 70&#215;50 cm, colaboras en reconocer el talento de los artistas <strong>-P\u00e9rez<\/strong> de la Fundaci\u00f3n Prodis, Barrachina del grupo Asproseat Proa Esplugues y Serrano de Ampans- <strong>y<\/strong> en financiar el proyecto de formaci\u00f3n art\u00edstica para entidades que trabajan con personas con discapacidad intelectual, que lleva el t\u00edtulo de <a href=\"https:\/\/fundaciosetba.org\/projecte\/magistrals-premi-setba\/\">Magistrales<\/a> .<img loading=\"lazy\" decoding=\"async\" class=\"size-us_600_400 wp-image-36069\" src=\"https:\/\/fundaciosetba.org\/wp-content\/uploads\/2024\/03\/Imatge-destacada-web-24-11-533x400.png\" alt=\"\" width=\"533\" height=\"400\" srcset=\"https:\/\/fundaciosetba.org\/wp-content\/uploads\/2024\/03\/Imatge-destacada-web-24-11-533x400.png 533w, https:\/\/fundaciosetba.org\/wp-content\/uploads\/2024\/03\/Imatge-destacada-web-24-11-300x225.png 300w, https:\/\/fundaciosetba.org\/wp-content\/uploads\/2024\/03\/Imatge-destacada-web-24-11-1024x768.png 1024w, https:\/\/fundaciosetba.org\/wp-content\/uploads\/2024\/03\/Imatge-destacada-web-24-11-133x100.png 133w, https:\/\/fundaciosetba.org\/wp-content\/uploads\/2024\/03\/Imatge-destacada-web-24-11-600x450.png 600w, https:\/\/fundaciosetba.org\/wp-content\/uploads\/2024\/03\/Imatge-destacada-web-24-11.png 1200w\" sizes=\"auto, (max-width: 533px) 100vw, 533px\" \/>Durante la exposici\u00f3n en el SAM Madrid 2024El Premi Setba es un certamen anual que se organiza desde 2011 con el objetivo de detectar y reconocer a los artistas con discapacidad intelectual. En esta edici\u00f3n, se presentaron 1.460 obras, de las que s\u00f3lo 14 fueron candidatas al Premio Setba. Durante el procedimiento de selecci\u00f3n de las obras finalistas en el Premi Setba se aplica un riguroso cumplimiento de las bases gracias al jurado profesional. En esta edici\u00f3n, formaron parte Meritxell Duran, escultora, ilustradora y creadora del galard\u00f3n del Premi Setba; Montserrat Sampietro, del Departamento de Actividades de Cultura y Ciencia de la Fundaci\u00f3n \u201cla Caixa\u201d; Jos\u00e9 Manuel Jaurena, gerente de Art Mir; M\u00f2nica Ramon, galerista y vicepresidenta del Gremio de Galeristas de Arte de Catalu\u00f1a (GAC) y por Cristina Sampere, artista y directora de la Fundaci\u00f3n Setba.<\/p>\n<div class=\"g-cols wpb_row via_flex valign_top type_default stacking_default\">\n<div class=\"vc_col-sm-6 wpb_column vc_column_container\">\n<div class=\"vc_column-inner\">\n<div class=\"wpb_wrapper\">\n<div class=\"w-tabs layout_hor style_default switch_click has_scrolling initialized\">\n<div class=\"w-tabs-sections titles-align_none icon_chevron cpos_right\">\n<div id=\"description\" class=\"w-tabs-section active\">\n<div id=\"content-description\" class=\"w-tabs-section-content\">\n<div class=\"w-tabs-section-content-h i-cf\">\n<div class=\"w-post-elm post_content without_sections\">\n<div class=\"w-gallery fit_cover wp_gallery type_grid action_popup_image ratio_1x1 count_3\" style=\"--columns:3;--items-gap:8px;\"><div class=\"w-gallery-list\"><div class=\"w-gallery-item\"><div class=\"w-gallery-item-img\"><img loading=\"lazy\" decoding=\"async\" width=\"300\" height=\"300\" src=\"https:\/\/fundaciosetba.org\/wp-content\/uploads\/2024\/08\/univers_negre-300x300.png\" class=\"attachment-woocommerce_thumbnail size-woocommerce_thumbnail\" alt=\"\" srcset=\"https:\/\/fundaciosetba.org\/wp-content\/uploads\/2024\/08\/univers_negre-300x300.png 300w, https:\/\/fundaciosetba.org\/wp-content\/uploads\/2024\/08\/univers_negre-1024x1024.png 1024w, https:\/\/fundaciosetba.org\/wp-content\/uploads\/2024\/08\/univers_negre-150x150.png 150w, https:\/\/fundaciosetba.org\/wp-content\/uploads\/2024\/08\/univers_negre-100x100.png 100w, https:\/\/fundaciosetba.org\/wp-content\/uploads\/2024\/08\/univers_negre-400x400.png 400w, https:\/\/fundaciosetba.org\/wp-content\/uploads\/2024\/08\/univers_negre-600x600.png 600w, https:\/\/fundaciosetba.org\/wp-content\/uploads\/2024\/08\/univers_negre.png 2000w\" sizes=\"auto, (max-width: 300px) 100vw, 300px\" \/><\/div><div class=\"w-gallery-item-meta\"><div class=\"w-gallery-item-title\">\"Viva la vida\" de Cristian Barrachina<\/div><\/div><a class=\"w-gallery-item-link\" aria-label=\"&quot;Viva la vida&quot; de Cristian Barrachina\" href=\"https:\/\/fundaciosetba.org\/wp-content\/uploads\/2024\/08\/univers_negre.png\" title=\"&quot;Viva la vida&quot; de Cristian Barrachina\"><\/a><\/div><div class=\"w-gallery-item\"><div class=\"w-gallery-item-img\"><img loading=\"lazy\" decoding=\"async\" width=\"300\" height=\"300\" src=\"https:\/\/fundaciosetba.org\/wp-content\/uploads\/2024\/08\/pajaro_negre-1-300x300.png\" class=\"attachment-woocommerce_thumbnail size-woocommerce_thumbnail\" alt=\"\" srcset=\"https:\/\/fundaciosetba.org\/wp-content\/uploads\/2024\/08\/pajaro_negre-1-300x300.png 300w, https:\/\/fundaciosetba.org\/wp-content\/uploads\/2024\/08\/pajaro_negre-1-1024x1024.png 1024w, https:\/\/fundaciosetba.org\/wp-content\/uploads\/2024\/08\/pajaro_negre-1-150x150.png 150w, https:\/\/fundaciosetba.org\/wp-content\/uploads\/2024\/08\/pajaro_negre-1-100x100.png 100w, https:\/\/fundaciosetba.org\/wp-content\/uploads\/2024\/08\/pajaro_negre-1-400x400.png 400w, https:\/\/fundaciosetba.org\/wp-content\/uploads\/2024\/08\/pajaro_negre-1-600x600.png 600w, https:\/\/fundaciosetba.org\/wp-content\/uploads\/2024\/08\/pajaro_negre-1.png 2000w\" sizes=\"auto, (max-width: 300px) 100vw, 300px\" \/><\/div><div class=\"w-gallery-item-meta\"><div class=\"w-gallery-item-title\">\"El p\u00e1jaro\" d'\u00c0ngel P\u00e9rez<\/div><\/div><a class=\"w-gallery-item-link\" aria-label=\"&quot;El p\u00e1jaro&quot; d&#039;\u00c0ngel P\u00e9rez\" href=\"https:\/\/fundaciosetba.org\/wp-content\/uploads\/2024\/08\/pajaro_negre-1.png\" title=\"&quot;El p\u00e1jaro&quot; d&#039;\u00c0ngel P\u00e9rez\"><\/a><\/div><div class=\"w-gallery-item\"><div class=\"w-gallery-item-img\"><img loading=\"lazy\" decoding=\"async\" width=\"300\" height=\"300\" src=\"https:\/\/fundaciosetba.org\/wp-content\/uploads\/2024\/08\/escaleras_negre-300x300.png\" class=\"attachment-woocommerce_thumbnail size-woocommerce_thumbnail\" alt=\"\" srcset=\"https:\/\/fundaciosetba.org\/wp-content\/uploads\/2024\/08\/escaleras_negre-300x300.png 300w, https:\/\/fundaciosetba.org\/wp-content\/uploads\/2024\/08\/escaleras_negre-1024x1024.png 1024w, https:\/\/fundaciosetba.org\/wp-content\/uploads\/2024\/08\/escaleras_negre-150x150.png 150w, https:\/\/fundaciosetba.org\/wp-content\/uploads\/2024\/08\/escaleras_negre-100x100.png 100w, https:\/\/fundaciosetba.org\/wp-content\/uploads\/2024\/08\/escaleras_negre-400x400.png 400w, https:\/\/fundaciosetba.org\/wp-content\/uploads\/2024\/08\/escaleras_negre-600x600.png 600w, https:\/\/fundaciosetba.org\/wp-content\/uploads\/2024\/08\/escaleras_negre.png 2000w\" sizes=\"auto, (max-width: 300px) 100vw, 300px\" \/><\/div><div class=\"w-gallery-item-meta\"><div class=\"w-gallery-item-title\">\"Escaleras arriba y abajo\" de Jenifer Serrano<\/div><\/div><a class=\"w-gallery-item-link\" aria-label=\"&quot;Escaleras arriba y abajo&quot; de Jenifer Serrano\" href=\"https:\/\/fundaciosetba.org\/wp-content\/uploads\/2024\/08\/escaleras_negre.png\" title=\"&quot;Escaleras arriba y abajo&quot; de Jenifer Serrano\"><\/a><\/div><\/div><\/div>\n<p>&nbsp;<\/p>\n<\/div>\n<\/div>\n<\/div>\n<\/div>\n<\/div>\n<\/div>\n<\/div>\n<\/div>\n<\/div>\n<\/div>\n","protected":false},"excerpt":{"rendered":"<p>Las obras &#8220;El p\u00e1jaro&#8221; de \u00c1ngel P\u00e9rez, &#8220;Viva la vida&#8221; de Cristian Barrachina y &#8220;Escaleras arriba y abajo&#8221; de Jenifer Serrano, todas tres semifinalistas en el Premio Setba 2023 y expuestas en el Sal\u00f3n de Arte Contempor\u00e1neo de Madrid 2024, s han puesto a la venta en nuestra p\u00e1gina web.<\/p>\n","protected":false},"author":1,"featured_media":37062,"comment_status":"closed","ping_status":"closed","sticky":false,"template":"","format":"standard","meta":{"footnotes":""},"categories":[1353],"tags":[],"class_list":["post-37065","post","type-post","status-publish","format-standard","has-post-thumbnail","hentry","category-premio-setba-es"],"_links":{"self":[{"href":"https:\/\/fundaciosetba.org\/es\/wp-json\/wp\/v2\/posts\/37065","targetHints":{"allow":["GET"]}}],"collection":[{"href":"https:\/\/fundaciosetba.org\/es\/wp-json\/wp\/v2\/posts"}],"about":[{"href":"https:\/\/fundaciosetba.org\/es\/wp-json\/wp\/v2\/types\/post"}],"author":[{"embeddable":true,"href":"https:\/\/fundaciosetba.org\/es\/wp-json\/wp\/v2\/users\/1"}],"replies":[{"embeddable":true,"href":"https:\/\/fundaciosetba.org\/es\/wp-json\/wp\/v2\/comments?post=37065"}],"version-history":[{"count":1,"href":"https:\/\/fundaciosetba.org\/es\/wp-json\/wp\/v2\/posts\/37065\/revisions"}],"predecessor-version":[{"id":37066,"href":"https:\/\/fundaciosetba.org\/es\/wp-json\/wp\/v2\/posts\/37065\/revisions\/37066"}],"wp:featuredmedia":[{"embeddable":true,"href":"https:\/\/fundaciosetba.org\/es\/wp-json\/wp\/v2\/media\/37062"}],"wp:attachment":[{"href":"https:\/\/fundaciosetba.org\/es\/wp-json\/wp\/v2\/media?parent=37065"}],"wp:term":[{"taxonomy":"category","embeddable":true,"href":"https:\/\/fundaciosetba.org\/es\/wp-json\/wp\/v2\/categories?post=37065"},{"taxonomy":"post_tag","embeddable":true,"href":"https:\/\/fundaciosetba.org\/es\/wp-json\/wp\/v2\/tags?post=37065"}],"curies":[{"name":"wp","href":"https:\/\/api.w.org\/{rel}","templated":true}]}}