{"id":37157,"date":"2024-09-06T15:25:26","date_gmt":"2024-09-06T14:25:26","guid":{"rendered":"https:\/\/fundaciosetba.org\/participamos-en-el-festival-internacional-art-gavarres\/"},"modified":"2024-09-13T08:59:32","modified_gmt":"2024-09-13T07:59:32","slug":"participamos-en-el-festival-internacional-art-gavarres","status":"publish","type":"post","link":"https:\/\/fundaciosetba.org\/es\/participamos-en-el-festival-internacional-art-gavarres\/","title":{"rendered":"Participamos en el Festival Internacional Art &#038; Gavarres"},"content":{"rendered":"<p>Ma\u00f1ana, 7 de septiembre, inauguramos la instalaci\u00f3n <em>Equilibrio<\/em> , creada por el colectivo <em>Natura es Cultura<\/em> , para el Festival Internacional de Arte y Paisaje Art &amp; Gavarres, en Can Vilallonga, Cass\u00e0 de la Selva. Esta obra, resultado de un intenso proceso creativo, se mont\u00f3 el 2 de septiembre y podr\u00e1 ser visitada hasta el 3 de noviembre de 2024. <strong><em>Equilibrio<\/em> ha sido desarrollada durante las jornadas art\u00edsticas del proyecto <em>Natura es Cultura<\/em><\/strong> , celebradas en Cal Gras d&#8217; Avi\u00f1\u00f3n, con la direcci\u00f3n art\u00edstica de Quim Moya. El montaje final fue realizado el 2 de septiembre en Can Vilallonga, con la colaboraci\u00f3n de todo el colectivo. Este proyecto anual ofrece a los participantes la oportunidad de conectar con la naturaleza y expresarse a trav\u00e9s del arte en un entorno colaborativo.<\/p>\n<h4><strong>El Festival Art &amp; Gavarres<\/strong><\/h4>\n<p>El Festival Art &amp; Gavarres explora la relaci\u00f3n entre el arte y el paisaje como medio para reflexionar sobre el territorio y poner en valor el espacio natural protegido de Les Gavarres. Los artistas participantes, durante una semana de trabajo creativo in situ, crean obras ef\u00edmeras con materiales naturales, que el p\u00fablico puede visitar hasta que la propia naturaleza las transforme con el paso del tiempo.<\/p>\n<h4><strong>Edici\u00f3n 2024: Un di\u00e1logo con las leyendas de las Gavarres<\/strong><\/h4>\n<p>Esta edici\u00f3n del festival se inspira en las leyendas de Les Gavarres, historias que han ayudado a construir la identidad de la zona y que conectan a los habitantes con su entorno natural y cultural. Los artistas han utilizado estas leyendas como punto de partida para la creaci\u00f3n de sus obras, explorando los l\u00edmites entre la realidad y la fantas\u00eda, e invitando a los visitantes a redescubrir el imaginario popular y la naturaleza que les rodea.<\/p>\n<h4><strong>Natura es Cultura: El arte como herramienta de bienestar<\/strong><\/h4>\n<p>El colectivo <em>Natura es Cultura<\/em> , impulsado por la Fundaci\u00f3n Setba, re\u00fane a personas vinculadas a entidades de salud mental con el objetivo de trabajar en un entorno creativo en contacto con la naturaleza. En esta edici\u00f3n, las entidades beneficiarias han sido ARAPDIS y la Fundaci\u00f3n Vidal i Barraquer, que han participado en el proyecto organizado por la Fundaci\u00f3 Setba. Con la direcci\u00f3n de Quim Moya y la colaboraci\u00f3n de profesionales como el ingeniero forestal Ignasi Vilarasau y la bailarina y psic\u00f3loga Maria Ribera, el proyecto combina arte y naturaleza como herramientas de expresi\u00f3n personal y colectiva. <em>Fotograf\u00edas: Laura G\u00e1lvez-Rhein<\/em><\/p>\n<div class=\"w-gallery fit_cover wp_gallery type_grid action_popup_image ratio_1x1 count_6\" style=\"--columns:3;--items-gap:8px;\"><div class=\"w-gallery-list\"><div class=\"w-gallery-item\"><div class=\"w-gallery-item-img\"><img loading=\"lazy\" decoding=\"async\" width=\"300\" height=\"300\" src=\"https:\/\/fundaciosetba.org\/wp-content\/uploads\/2024\/09\/240902_Art-Gavarres_007-300x300.jpg\" class=\"attachment-woocommerce_thumbnail size-woocommerce_thumbnail\" alt=\"\" srcset=\"https:\/\/fundaciosetba.org\/wp-content\/uploads\/2024\/09\/240902_Art-Gavarres_007-300x300.jpg 300w, https:\/\/fundaciosetba.org\/wp-content\/uploads\/2024\/09\/240902_Art-Gavarres_007-150x150.jpg 150w\" sizes=\"auto, (max-width: 300px) 100vw, 300px\" \/><\/div><a class=\"w-gallery-item-link\" aria-label=\"240902_Art &amp; Gavarres_007\" href=\"https:\/\/fundaciosetba.org\/wp-content\/uploads\/2024\/09\/240902_Art-Gavarres_007-scaled.jpg\" title=\"240902_Art &amp; Gavarres_007\"><\/a><\/div><div class=\"w-gallery-item\"><div class=\"w-gallery-item-img\"><img loading=\"lazy\" decoding=\"async\" width=\"300\" height=\"300\" src=\"https:\/\/fundaciosetba.org\/wp-content\/uploads\/2024\/09\/240902_Art-Gavarres_013-300x300.jpg\" class=\"attachment-woocommerce_thumbnail size-woocommerce_thumbnail\" alt=\"\" srcset=\"https:\/\/fundaciosetba.org\/wp-content\/uploads\/2024\/09\/240902_Art-Gavarres_013-300x300.jpg 300w, https:\/\/fundaciosetba.org\/wp-content\/uploads\/2024\/09\/240902_Art-Gavarres_013-150x150.jpg 150w\" sizes=\"auto, (max-width: 300px) 100vw, 300px\" \/><\/div><a class=\"w-gallery-item-link\" aria-label=\"240902_Art &amp; Gavarres_013\" href=\"https:\/\/fundaciosetba.org\/wp-content\/uploads\/2024\/09\/240902_Art-Gavarres_013-scaled.jpg\" title=\"240902_Art &amp; Gavarres_013\"><\/a><\/div><div class=\"w-gallery-item\"><div class=\"w-gallery-item-img\"><img loading=\"lazy\" decoding=\"async\" width=\"300\" height=\"300\" src=\"https:\/\/fundaciosetba.org\/wp-content\/uploads\/2024\/09\/240902_Art-Gavarres_019-300x300.jpg\" class=\"attachment-woocommerce_thumbnail size-woocommerce_thumbnail\" alt=\"\" srcset=\"https:\/\/fundaciosetba.org\/wp-content\/uploads\/2024\/09\/240902_Art-Gavarres_019-300x300.jpg 300w, https:\/\/fundaciosetba.org\/wp-content\/uploads\/2024\/09\/240902_Art-Gavarres_019-150x150.jpg 150w\" sizes=\"auto, (max-width: 300px) 100vw, 300px\" \/><\/div><a class=\"w-gallery-item-link\" aria-label=\"240902_Art &amp; Gavarres_019\" href=\"https:\/\/fundaciosetba.org\/wp-content\/uploads\/2024\/09\/240902_Art-Gavarres_019-scaled.jpg\" title=\"240902_Art &amp; Gavarres_019\"><\/a><\/div><div class=\"w-gallery-item\"><div class=\"w-gallery-item-img\"><img loading=\"lazy\" decoding=\"async\" width=\"300\" height=\"300\" src=\"https:\/\/fundaciosetba.org\/wp-content\/uploads\/2024\/09\/240902_Art-Gavarres_024-300x300.jpg\" class=\"attachment-woocommerce_thumbnail size-woocommerce_thumbnail\" alt=\"\" srcset=\"https:\/\/fundaciosetba.org\/wp-content\/uploads\/2024\/09\/240902_Art-Gavarres_024-300x300.jpg 300w, https:\/\/fundaciosetba.org\/wp-content\/uploads\/2024\/09\/240902_Art-Gavarres_024-150x150.jpg 150w\" sizes=\"auto, (max-width: 300px) 100vw, 300px\" \/><\/div><a class=\"w-gallery-item-link\" aria-label=\"240902_Art &amp; Gavarres_024\" href=\"https:\/\/fundaciosetba.org\/wp-content\/uploads\/2024\/09\/240902_Art-Gavarres_024-scaled.jpg\" title=\"240902_Art &amp; Gavarres_024\"><\/a><\/div><div class=\"w-gallery-item\"><div class=\"w-gallery-item-img\"><img loading=\"lazy\" decoding=\"async\" width=\"300\" height=\"300\" src=\"https:\/\/fundaciosetba.org\/wp-content\/uploads\/2024\/09\/240902_Art-Gavarres_043-300x300.jpg\" class=\"attachment-woocommerce_thumbnail size-woocommerce_thumbnail\" alt=\"\" srcset=\"https:\/\/fundaciosetba.org\/wp-content\/uploads\/2024\/09\/240902_Art-Gavarres_043-300x300.jpg 300w, https:\/\/fundaciosetba.org\/wp-content\/uploads\/2024\/09\/240902_Art-Gavarres_043-150x150.jpg 150w\" sizes=\"auto, (max-width: 300px) 100vw, 300px\" \/><\/div><a class=\"w-gallery-item-link\" aria-label=\"240902_Art &amp; Gavarres_043\" href=\"https:\/\/fundaciosetba.org\/wp-content\/uploads\/2024\/09\/240902_Art-Gavarres_043-scaled.jpg\" title=\"240902_Art &amp; Gavarres_043\"><\/a><\/div><div class=\"w-gallery-item\"><div class=\"w-gallery-item-img\"><img loading=\"lazy\" decoding=\"async\" width=\"300\" height=\"300\" src=\"https:\/\/fundaciosetba.org\/wp-content\/uploads\/2024\/09\/NO-DRETS-240902_Art-Gavarres_053-1-300x300.jpg\" class=\"attachment-woocommerce_thumbnail size-woocommerce_thumbnail\" alt=\"\" srcset=\"https:\/\/fundaciosetba.org\/wp-content\/uploads\/2024\/09\/NO-DRETS-240902_Art-Gavarres_053-1-300x300.jpg 300w, https:\/\/fundaciosetba.org\/wp-content\/uploads\/2024\/09\/NO-DRETS-240902_Art-Gavarres_053-1-150x150.jpg 150w\" sizes=\"auto, (max-width: 300px) 100vw, 300px\" \/><\/div><a class=\"w-gallery-item-link\" aria-label=\"NO DRETS-240902_Art &amp; Gavarres_053 (1)\" href=\"https:\/\/fundaciosetba.org\/wp-content\/uploads\/2024\/09\/NO-DRETS-240902_Art-Gavarres_053-1-scaled.jpg\" title=\"NO DRETS-240902_Art &amp; Gavarres_053 (1)\"><\/a><\/div><\/div><\/div>\n<h2><strong>Actividad destacada<\/strong><\/h2>\n<p>\ud83d\udcc5 S\u00e1bado, 7 de septiembre, a las 13:30 h \ud83d\udccd Can Vilallonga, Cass\u00e0 de la Selva Visita comentada por los artistas Entrada gratuita Del 7 de septiembre al 3 de noviembre de 2024 VII edici\u00f3n del Festival Internacional Art &amp; Gavarres<\/p>\n","protected":false},"excerpt":{"rendered":"<p>Ma\u00f1ana, 7 de septiembre, inauguramos la instalaci\u00f3n Equilibri, creada por el colectivo Natura es Cultura, para el Festival Internacional de Arte y Paisaje Art &amp; Gavarres, en Can Vilallonga, Cass\u00e0 de la Selva. Esta obra, resultado de un intenso proceso creativo, se mont\u00f3 el 2 de septiembre y podr\u00e1 visitarse hasta el 3 de noviembre de 2024. <\/p>\n","protected":false},"author":1,"featured_media":37123,"comment_status":"closed","ping_status":"closed","sticky":false,"template":"","format":"standard","meta":{"footnotes":""},"categories":[1355],"tags":[],"class_list":["post-37157","post","type-post","status-publish","format-standard","has-post-thumbnail","hentry","category-naturaleza-es-cultura"],"_links":{"self":[{"href":"https:\/\/fundaciosetba.org\/es\/wp-json\/wp\/v2\/posts\/37157","targetHints":{"allow":["GET"]}}],"collection":[{"href":"https:\/\/fundaciosetba.org\/es\/wp-json\/wp\/v2\/posts"}],"about":[{"href":"https:\/\/fundaciosetba.org\/es\/wp-json\/wp\/v2\/types\/post"}],"author":[{"embeddable":true,"href":"https:\/\/fundaciosetba.org\/es\/wp-json\/wp\/v2\/users\/1"}],"replies":[{"embeddable":true,"href":"https:\/\/fundaciosetba.org\/es\/wp-json\/wp\/v2\/comments?post=37157"}],"version-history":[{"count":2,"href":"https:\/\/fundaciosetba.org\/es\/wp-json\/wp\/v2\/posts\/37157\/revisions"}],"predecessor-version":[{"id":37160,"href":"https:\/\/fundaciosetba.org\/es\/wp-json\/wp\/v2\/posts\/37157\/revisions\/37160"}],"wp:featuredmedia":[{"embeddable":true,"href":"https:\/\/fundaciosetba.org\/es\/wp-json\/wp\/v2\/media\/37123"}],"wp:attachment":[{"href":"https:\/\/fundaciosetba.org\/es\/wp-json\/wp\/v2\/media?parent=37157"}],"wp:term":[{"taxonomy":"category","embeddable":true,"href":"https:\/\/fundaciosetba.org\/es\/wp-json\/wp\/v2\/categories?post=37157"},{"taxonomy":"post_tag","embeddable":true,"href":"https:\/\/fundaciosetba.org\/es\/wp-json\/wp\/v2\/tags?post=37157"}],"curies":[{"name":"wp","href":"https:\/\/api.w.org\/{rel}","templated":true}]}}