{"id":37158,"date":"2024-09-13T08:54:00","date_gmt":"2024-09-13T07:54:00","guid":{"rendered":"https:\/\/fundaciosetba.org\/la-pieza-equilibrio-presentada-en-el-art-gavarres-habla-de-salud-mental\/"},"modified":"2024-09-17T10:10:57","modified_gmt":"2024-09-17T09:10:57","slug":"la-pieza-equilibrio-presentada-en-el-art-gavarres-habla-de-salud-mental","status":"publish","type":"post","link":"https:\/\/fundaciosetba.org\/es\/la-pieza-equilibrio-presentada-en-el-art-gavarres-habla-de-salud-mental\/","title":{"rendered":"La pieza &#8220;Equilibrio&#8221;, presentada en el Art Gavarres, habla de salud mental"},"content":{"rendered":"<p>En el marco del Festival Internacional de <em>land art<\/em> Art &amp; Gavarres 2024, <strong>el colectivo Natura es Cultura presenta la instalaci\u00f3n art\u00edstica <em>Equilibri<\/em> , una obra que nace de la simbiosis entre arte, naturaleza y salud mental<\/strong> . Este colectivo est\u00e1 formado por personas que participan en el proyecto <em>Natura es Cultura<\/em> , una iniciativa art\u00edstica organizada por la Fundaci\u00f3n Setba con el objetivo de mejorar el bienestar de las personas usuarias de entidades de salud mental mediante la pr\u00e1ctica art\u00edstica y el contacto directo con la naturaleza. Este proyecto est\u00e1 <strong>dirigido por el artista Quim Moya<\/strong> y cuenta con la colaboraci\u00f3n del ingeniero forestal Ignasi Vilarasau y la bailarina y psic\u00f3loga Maria Ribera. Los participantes trabajan en equipo, conectando con el entorno natural desde una perspectiva medioambiental y utilizando el arte como medio de expresi\u00f3n.    Fotos de Laura G\u00e1lvez-Rhein:  <div class=\"w-gallery fit_cover wp_gallery type_grid action_popup_image ratio_1x1 count_9\" style=\"--columns:3;--items-gap:8px;\"><div class=\"w-gallery-list\"><div class=\"w-gallery-item\"><div class=\"w-gallery-item-img\"><img loading=\"lazy\" decoding=\"async\" width=\"300\" height=\"300\" src=\"https:\/\/fundaciosetba.org\/wp-content\/uploads\/2024\/09\/240902_Art-Gavarres_038-300x300.jpg\" class=\"attachment-woocommerce_thumbnail size-woocommerce_thumbnail\" alt=\"\" srcset=\"https:\/\/fundaciosetba.org\/wp-content\/uploads\/2024\/09\/240902_Art-Gavarres_038-300x300.jpg 300w, https:\/\/fundaciosetba.org\/wp-content\/uploads\/2024\/09\/240902_Art-Gavarres_038-150x150.jpg 150w\" sizes=\"auto, (max-width: 300px) 100vw, 300px\" \/><\/div><a class=\"w-gallery-item-link\" aria-label=\"240902_Art &amp; Gavarres_038\" href=\"https:\/\/fundaciosetba.org\/wp-content\/uploads\/2024\/09\/240902_Art-Gavarres_038-scaled.jpg\" title=\"240902_Art &amp; Gavarres_038\"><\/a><\/div><div class=\"w-gallery-item\"><div class=\"w-gallery-item-img\"><img loading=\"lazy\" decoding=\"async\" width=\"300\" height=\"300\" src=\"https:\/\/fundaciosetba.org\/wp-content\/uploads\/2024\/09\/240902_Art-Gavarres_041-300x300.jpg\" class=\"attachment-woocommerce_thumbnail size-woocommerce_thumbnail\" alt=\"\" srcset=\"https:\/\/fundaciosetba.org\/wp-content\/uploads\/2024\/09\/240902_Art-Gavarres_041-300x300.jpg 300w, https:\/\/fundaciosetba.org\/wp-content\/uploads\/2024\/09\/240902_Art-Gavarres_041-150x150.jpg 150w\" sizes=\"auto, (max-width: 300px) 100vw, 300px\" \/><\/div><a class=\"w-gallery-item-link\" aria-label=\"240902_Art &amp; Gavarres_041\" href=\"https:\/\/fundaciosetba.org\/wp-content\/uploads\/2024\/09\/240902_Art-Gavarres_041-scaled.jpg\" title=\"240902_Art &amp; Gavarres_041\"><\/a><\/div><div class=\"w-gallery-item\"><div class=\"w-gallery-item-img\"><img loading=\"lazy\" decoding=\"async\" width=\"300\" height=\"300\" src=\"https:\/\/fundaciosetba.org\/wp-content\/uploads\/2024\/09\/240902_Art-Gavarres_049-300x300.jpg\" class=\"attachment-woocommerce_thumbnail size-woocommerce_thumbnail\" alt=\"\" srcset=\"https:\/\/fundaciosetba.org\/wp-content\/uploads\/2024\/09\/240902_Art-Gavarres_049-300x300.jpg 300w, https:\/\/fundaciosetba.org\/wp-content\/uploads\/2024\/09\/240902_Art-Gavarres_049-150x150.jpg 150w\" sizes=\"auto, (max-width: 300px) 100vw, 300px\" \/><\/div><a class=\"w-gallery-item-link\" aria-label=\"240902_Art &amp; Gavarres_049\" href=\"https:\/\/fundaciosetba.org\/wp-content\/uploads\/2024\/09\/240902_Art-Gavarres_049-scaled.jpg\" title=\"240902_Art &amp; Gavarres_049\"><\/a><\/div><div class=\"w-gallery-item\"><div class=\"w-gallery-item-img\"><img loading=\"lazy\" decoding=\"async\" width=\"300\" height=\"300\" src=\"https:\/\/fundaciosetba.org\/wp-content\/uploads\/2024\/09\/240902_Art-Gavarres_057-300x300.jpg\" class=\"attachment-woocommerce_thumbnail size-woocommerce_thumbnail\" alt=\"\" srcset=\"https:\/\/fundaciosetba.org\/wp-content\/uploads\/2024\/09\/240902_Art-Gavarres_057-300x300.jpg 300w, https:\/\/fundaciosetba.org\/wp-content\/uploads\/2024\/09\/240902_Art-Gavarres_057-150x150.jpg 150w\" sizes=\"auto, (max-width: 300px) 100vw, 300px\" \/><\/div><a class=\"w-gallery-item-link\" aria-label=\"240902_Art &amp; Gavarres_057\" href=\"https:\/\/fundaciosetba.org\/wp-content\/uploads\/2024\/09\/240902_Art-Gavarres_057-scaled.jpg\" title=\"240902_Art &amp; Gavarres_057\"><\/a><\/div><div class=\"w-gallery-item\"><div class=\"w-gallery-item-img\"><img loading=\"lazy\" decoding=\"async\" width=\"300\" height=\"300\" src=\"https:\/\/fundaciosetba.org\/wp-content\/uploads\/2024\/09\/240902_Art-Gavarres_058-300x300.jpg\" class=\"attachment-woocommerce_thumbnail size-woocommerce_thumbnail\" alt=\"\" srcset=\"https:\/\/fundaciosetba.org\/wp-content\/uploads\/2024\/09\/240902_Art-Gavarres_058-300x300.jpg 300w, https:\/\/fundaciosetba.org\/wp-content\/uploads\/2024\/09\/240902_Art-Gavarres_058-150x150.jpg 150w\" sizes=\"auto, (max-width: 300px) 100vw, 300px\" \/><\/div><a class=\"w-gallery-item-link\" aria-label=\"240902_Art &amp; Gavarres_058\" href=\"https:\/\/fundaciosetba.org\/wp-content\/uploads\/2024\/09\/240902_Art-Gavarres_058-scaled.jpg\" title=\"240902_Art &amp; Gavarres_058\"><\/a><\/div><div class=\"w-gallery-item\"><div class=\"w-gallery-item-img\"><img loading=\"lazy\" decoding=\"async\" width=\"300\" height=\"300\" src=\"https:\/\/fundaciosetba.org\/wp-content\/uploads\/2024\/09\/240902_Art-Gavarres_059-300x300.jpg\" class=\"attachment-woocommerce_thumbnail size-woocommerce_thumbnail\" alt=\"\" srcset=\"https:\/\/fundaciosetba.org\/wp-content\/uploads\/2024\/09\/240902_Art-Gavarres_059-300x300.jpg 300w, https:\/\/fundaciosetba.org\/wp-content\/uploads\/2024\/09\/240902_Art-Gavarres_059-150x150.jpg 150w\" sizes=\"auto, (max-width: 300px) 100vw, 300px\" \/><\/div><a class=\"w-gallery-item-link\" aria-label=\"240902_Art &amp; Gavarres_059\" href=\"https:\/\/fundaciosetba.org\/wp-content\/uploads\/2024\/09\/240902_Art-Gavarres_059-scaled.jpg\" title=\"240902_Art &amp; Gavarres_059\"><\/a><\/div><div class=\"w-gallery-item\"><div class=\"w-gallery-item-img\"><img loading=\"lazy\" decoding=\"async\" width=\"300\" height=\"300\" src=\"https:\/\/fundaciosetba.org\/wp-content\/uploads\/2024\/09\/240902_Art-Gavarres_060-300x300.jpg\" class=\"attachment-woocommerce_thumbnail size-woocommerce_thumbnail\" alt=\"\" srcset=\"https:\/\/fundaciosetba.org\/wp-content\/uploads\/2024\/09\/240902_Art-Gavarres_060-300x300.jpg 300w, https:\/\/fundaciosetba.org\/wp-content\/uploads\/2024\/09\/240902_Art-Gavarres_060-150x150.jpg 150w\" sizes=\"auto, (max-width: 300px) 100vw, 300px\" \/><\/div><a class=\"w-gallery-item-link\" aria-label=\"240902_Art &amp; Gavarres_060\" href=\"https:\/\/fundaciosetba.org\/wp-content\/uploads\/2024\/09\/240902_Art-Gavarres_060-scaled.jpg\" title=\"240902_Art &amp; Gavarres_060\"><\/a><\/div><div class=\"w-gallery-item\"><div class=\"w-gallery-item-img\"><img loading=\"lazy\" decoding=\"async\" width=\"300\" height=\"300\" src=\"https:\/\/fundaciosetba.org\/wp-content\/uploads\/2024\/09\/240902_Art-Gavarres_061-300x300.jpg\" class=\"attachment-woocommerce_thumbnail size-woocommerce_thumbnail\" alt=\"\" srcset=\"https:\/\/fundaciosetba.org\/wp-content\/uploads\/2024\/09\/240902_Art-Gavarres_061-300x300.jpg 300w, https:\/\/fundaciosetba.org\/wp-content\/uploads\/2024\/09\/240902_Art-Gavarres_061-150x150.jpg 150w\" sizes=\"auto, (max-width: 300px) 100vw, 300px\" \/><\/div><a class=\"w-gallery-item-link\" aria-label=\"240902_Art &amp; Gavarres_061\" href=\"https:\/\/fundaciosetba.org\/wp-content\/uploads\/2024\/09\/240902_Art-Gavarres_061-scaled.jpg\" title=\"240902_Art &amp; Gavarres_061\"><\/a><\/div><div class=\"w-gallery-item\"><div class=\"w-gallery-item-img\"><img loading=\"lazy\" decoding=\"async\" width=\"300\" height=\"300\" src=\"https:\/\/fundaciosetba.org\/wp-content\/uploads\/2024\/09\/240902_Art-Gavarres_063-300x300.jpg\" class=\"attachment-woocommerce_thumbnail size-woocommerce_thumbnail\" alt=\"\" srcset=\"https:\/\/fundaciosetba.org\/wp-content\/uploads\/2024\/09\/240902_Art-Gavarres_063-300x300.jpg 300w, https:\/\/fundaciosetba.org\/wp-content\/uploads\/2024\/09\/240902_Art-Gavarres_063-150x150.jpg 150w\" sizes=\"auto, (max-width: 300px) 100vw, 300px\" \/><\/div><a class=\"w-gallery-item-link\" aria-label=\"240902_Art &amp; Gavarres_063\" href=\"https:\/\/fundaciosetba.org\/wp-content\/uploads\/2024\/09\/240902_Art-Gavarres_063-scaled.jpg\" title=\"240902_Art &amp; Gavarres_063\"><\/a><\/div><\/div><\/div>\n<h4><strong>Obra presentada: &#8220;Equilibrio&#8221;<\/strong><\/h4>\n<p>  La obra \u201cEquilibrio\u201d, que se podr\u00e1 ver en <strong>Can Villalonga de Cass\u00e0 de la Selva hasta el 3 de noviembre,<\/strong> ha sido creada por un grupo de artistas formados por M\u00aa Pilar Luque, Eva Barrios, Gloria Conde, M\u00f2nica Pall\u00e0s, Trinidad Gonzalez, Marta Salduga, Maria Isabel Hern\u00e1ndez y Victor Colomer, todos miembros de la entidad de salud mental Arapdis, y Josep Manera, Hilda Sanahuja, Laura Domingo, Juana Ruiz, Germ\u00e1n G\u00fcell, Mar\u00eda Teresa Hern\u00e1ndez, Juan Luis Amigo y Mar\u00eda Llaurad\u00f3 de la Fundaci\u00f3n Vidal y Barraquer. <strong>La instalaci\u00f3n explora un paralelismo entre el drag\u00f3n de la leyenda de las Gavarres, tem\u00e1tica principal del festival, y los trastornos mentales<\/strong> . \u00c9stos, muchas veces ocultos, pueden surgir de forma inesperada y amenazante, tal y como lo hace el drag\u00f3n en la leyenda. &#8220;Equilibrio&#8221; quiere expresar la lucha constante por encontrar la serenidad en la vida cotidiana. Cada participante ha creado un m\u00f3vil, una met\u00e1fora de ese equilibrio deseado, formando parte de una pieza central en la que han colaborado los 16 artistas. <strong>A trav\u00e9s de esta instalaci\u00f3n, el colectivo busca desestigmatizar y visibilizar la realidad de las personas que conviven con trastornos mentales<\/strong> . Seg\u00fan la Organizaci\u00f3n Mundial de la Salud (OMS), 1 de cada 4 personas sufrir\u00e1 alg\u00fan tipo de trastorno mental a lo largo de su vida, y con este proyecto se quiere romper el silencio que a menudo envuelve estas experiencias. El proyecto Natura es Cultura pone de manifiesto la importancia del arte como herramienta de transformaci\u00f3n social, y en este caso, de c\u00f3mo el arte puede ser un veh\u00edculo poderoso para la reflexi\u00f3n y la sanaci\u00f3n emocional a trav\u00e9s del contacto con la naturaleza.      <\/p>\n","protected":false},"excerpt":{"rendered":"<p>En el marco del Festival Internacional de land art Art &amp; Gavarres 2024, el colectivo Natura es Cultura presenta la instalaci\u00f3n art\u00edstica Equilibri, una obra que nace de la simbiosis entre arte, naturaleza y salud mental. Hasta el 3 de noviembre en Can Vilallonga de Cass\u00e0 de la Selva.   <\/p>\n","protected":false},"author":1,"featured_media":37155,"comment_status":"closed","ping_status":"closed","sticky":false,"template":"","format":"standard","meta":{"footnotes":""},"categories":[1355],"tags":[],"class_list":["post-37158","post","type-post","status-publish","format-standard","has-post-thumbnail","hentry","category-naturaleza-es-cultura"],"_links":{"self":[{"href":"https:\/\/fundaciosetba.org\/es\/wp-json\/wp\/v2\/posts\/37158","targetHints":{"allow":["GET"]}}],"collection":[{"href":"https:\/\/fundaciosetba.org\/es\/wp-json\/wp\/v2\/posts"}],"about":[{"href":"https:\/\/fundaciosetba.org\/es\/wp-json\/wp\/v2\/types\/post"}],"author":[{"embeddable":true,"href":"https:\/\/fundaciosetba.org\/es\/wp-json\/wp\/v2\/users\/1"}],"replies":[{"embeddable":true,"href":"https:\/\/fundaciosetba.org\/es\/wp-json\/wp\/v2\/comments?post=37158"}],"version-history":[{"count":2,"href":"https:\/\/fundaciosetba.org\/es\/wp-json\/wp\/v2\/posts\/37158\/revisions"}],"predecessor-version":[{"id":37164,"href":"https:\/\/fundaciosetba.org\/es\/wp-json\/wp\/v2\/posts\/37158\/revisions\/37164"}],"wp:featuredmedia":[{"embeddable":true,"href":"https:\/\/fundaciosetba.org\/es\/wp-json\/wp\/v2\/media\/37155"}],"wp:attachment":[{"href":"https:\/\/fundaciosetba.org\/es\/wp-json\/wp\/v2\/media?parent=37158"}],"wp:term":[{"taxonomy":"category","embeddable":true,"href":"https:\/\/fundaciosetba.org\/es\/wp-json\/wp\/v2\/categories?post=37158"},{"taxonomy":"post_tag","embeddable":true,"href":"https:\/\/fundaciosetba.org\/es\/wp-json\/wp\/v2\/tags?post=37158"}],"curies":[{"name":"wp","href":"https:\/\/api.w.org\/{rel}","templated":true}]}}