{"id":37215,"date":"2024-09-17T14:58:43","date_gmt":"2024-09-17T13:58:43","guid":{"rendered":"https:\/\/fundaciosetba.org\/arrels-i-ales-de-ruben-afonso-gana-el-premio-setba-2024\/"},"modified":"2024-09-17T16:27:11","modified_gmt":"2024-09-17T15:27:11","slug":"arrels-i-ales-de-ruben-afonso-gana-el-premio-setba-2024","status":"publish","type":"post","link":"https:\/\/fundaciosetba.org\/es\/arrels-i-ales-de-ruben-afonso-gana-el-premio-setba-2024\/","title":{"rendered":"&#8220;Arrels i ales&#8221; de Ruben Afonso gana el Premio Setba 2024"},"content":{"rendered":"<p>La obra <em>Arrels y Ales<\/em> de Ruben Afonso, de la Fundaci\u00f3n Ampans, ha sido galardonada con el primer premio del <strong>Premio Setba 2024<\/strong> . Esta prenda cautivadora ha conquistado al jurado gracias a su combinaci\u00f3n de s\u00edmbolos de crecimiento personal y una profunda conexi\u00f3n con la naturaleza. Ayer se celebr\u00f3 la decimocuarta edici\u00f3n del <strong>Premio Setba<\/strong> , un certamen que destaca por su reconocimiento al arte creado por personas con discapacidad intelectual y por el poder del arte como herramienta de transformaci\u00f3n social. El evento, que tuvo lugar en <strong>CaixaForum Barcelona<\/strong> , reuni\u00f3 a m\u00e1s de 300 asistentes, entre artistas, profesionales del sector, familiares y representantes institucionales. Este a\u00f1o, el certamen ha contado con la participaci\u00f3n de m\u00e1s de 1.100 obras procedentes de 85 entidades de Catalu\u00f1a. <strong>Premios principales del certamen:<\/strong><\/p>\n<ul>\n<li><strong>1r Premio:<\/strong> <em>Arrels i ales<\/em> de Ruben Afonso \u2013 Fundaci\u00f3 Ampans<\/li>\n<li><strong>2\u00ba Premio:<\/strong> <em>La cadira<\/em> de Marta Ca\u00f1ada &#8211; Centro Ocupacional Sant Tom\u00e0s<\/li>\n<li><strong>3r Premio:<\/strong> <em>Planetarium<\/em> de Noelia Bernal \u2013 Fundaci\u00f3 Ampans<\/li>\n<\/ul>\n<div class=\"w-gallery fit_cover wp_gallery type_grid action_popup_image ratio_1x1 count_3\" style=\"--columns:3;--items-gap:8px;\"><div class=\"w-gallery-list\"><div class=\"w-gallery-item\"><div class=\"w-gallery-item-img\"><img loading=\"lazy\" decoding=\"async\" width=\"300\" height=\"300\" src=\"https:\/\/fundaciosetba.org\/wp-content\/uploads\/2024\/09\/Lafotografica_43B7339-300x300.jpg\" class=\"attachment-woocommerce_thumbnail size-woocommerce_thumbnail\" alt=\"\" srcset=\"https:\/\/fundaciosetba.org\/wp-content\/uploads\/2024\/09\/Lafotografica_43B7339-300x300.jpg 300w, https:\/\/fundaciosetba.org\/wp-content\/uploads\/2024\/09\/Lafotografica_43B7339-150x150.jpg 150w\" sizes=\"auto, (max-width: 300px) 100vw, 300px\" \/><\/div><a class=\"w-gallery-item-link\" aria-label=\"Lafotografica_43B7339\" href=\"https:\/\/fundaciosetba.org\/wp-content\/uploads\/2024\/09\/Lafotografica_43B7339.jpg\" title=\"Lafotografica_43B7339\"><\/a><\/div><div class=\"w-gallery-item\"><div class=\"w-gallery-item-img\"><img loading=\"lazy\" decoding=\"async\" width=\"300\" height=\"300\" src=\"https:\/\/fundaciosetba.org\/wp-content\/uploads\/2024\/09\/Lafotografica_43B7332-300x300.jpg\" class=\"attachment-woocommerce_thumbnail size-woocommerce_thumbnail\" alt=\"\" srcset=\"https:\/\/fundaciosetba.org\/wp-content\/uploads\/2024\/09\/Lafotografica_43B7332-300x300.jpg 300w, https:\/\/fundaciosetba.org\/wp-content\/uploads\/2024\/09\/Lafotografica_43B7332-150x150.jpg 150w\" sizes=\"auto, (max-width: 300px) 100vw, 300px\" \/><\/div><a class=\"w-gallery-item-link\" aria-label=\"Lafotografica_43B7332\" href=\"https:\/\/fundaciosetba.org\/wp-content\/uploads\/2024\/09\/Lafotografica_43B7332.jpg\" title=\"Lafotografica_43B7332\"><\/a><\/div><div class=\"w-gallery-item\"><div class=\"w-gallery-item-img\"><img loading=\"lazy\" decoding=\"async\" width=\"300\" height=\"300\" src=\"https:\/\/fundaciosetba.org\/wp-content\/uploads\/2024\/09\/Lafotografica_43B7283-300x300.jpg\" class=\"attachment-woocommerce_thumbnail size-woocommerce_thumbnail\" alt=\"\" srcset=\"https:\/\/fundaciosetba.org\/wp-content\/uploads\/2024\/09\/Lafotografica_43B7283-300x300.jpg 300w, https:\/\/fundaciosetba.org\/wp-content\/uploads\/2024\/09\/Lafotografica_43B7283-150x150.jpg 150w\" sizes=\"auto, (max-width: 300px) 100vw, 300px\" \/><\/div><a class=\"w-gallery-item-link\" aria-label=\"Lafotografica_43B7283\" href=\"https:\/\/fundaciosetba.org\/wp-content\/uploads\/2024\/09\/Lafotografica_43B7283.jpg\" title=\"Lafotografica_43B7283\"><\/a><\/div><\/div><\/div>\n<p>Tambi\u00e9n se entreg\u00f3 el <strong>Premio del P\u00fablico<\/strong> a <em>Raquel Sanz<\/em> , de la entidad ARTransforma, por la obra <em>La naturaleza de los bichos<\/em> . Por otro lado, el <strong>Premio de Dise\u00f1o Bardinet<\/strong> fue para <em>Carlos Garc\u00eda<\/em> , de la Fundaci\u00f3n Privada Prodis, por su creaci\u00f3n de la etiqueta del vino solidario <em>M\u00e9s Feli\u00e7<\/em> , que se podr\u00e1 encontrar en tiendas como Bon Preu, Sorli y Vinalium . Durante la gala, la <strong>D\u00aa. Eva S\u00f2ria<\/strong>, Directora de Innovaci\u00f3n y Artes Visuales del Instituto de Cultura de Barcelona, remarc\u00f3 la importancia de seguir apoyando iniciativas como el Premi Setba, que ayudan a visibilizar el potencial creativo de personas con discapacidad. Tambi\u00e9n asistieron la <strong>D\u00aa. Marta Obdulia<\/strong>, gerente del Instituto Municipal de Personas con Discapacidad, y el <strong>Sr. Josep Vives<\/strong>, director general de Promoci\u00f3n Cultural y Bibliotecas.<\/p>\n<div class=\"w-gallery fit_cover wp_gallery type_grid action_popup_image ratio_1x1 count_6\" style=\"--columns:3;--items-gap:8px;\"><div class=\"w-gallery-list\"><div class=\"w-gallery-item\"><div class=\"w-gallery-item-img\"><img loading=\"lazy\" decoding=\"async\" width=\"300\" height=\"300\" src=\"https:\/\/fundaciosetba.org\/wp-content\/uploads\/2024\/09\/Premis-Setba-2024cCarles-R-5980-copia-300x300.jpg\" class=\"attachment-woocommerce_thumbnail size-woocommerce_thumbnail\" alt=\"\" srcset=\"https:\/\/fundaciosetba.org\/wp-content\/uploads\/2024\/09\/Premis-Setba-2024cCarles-R-5980-copia-300x300.jpg 300w, https:\/\/fundaciosetba.org\/wp-content\/uploads\/2024\/09\/Premis-Setba-2024cCarles-R-5980-copia-150x150.jpg 150w\" sizes=\"auto, (max-width: 300px) 100vw, 300px\" \/><\/div><a class=\"w-gallery-item-link\" aria-label=\"Premis Setba 2024(c)Carles R-5980 copia\" href=\"https:\/\/fundaciosetba.org\/wp-content\/uploads\/2024\/09\/Premis-Setba-2024cCarles-R-5980-copia-scaled.jpg\" title=\"Premis Setba 2024(c)Carles R-5980 copia\"><\/a><\/div><div class=\"w-gallery-item\"><div class=\"w-gallery-item-img\"><img loading=\"lazy\" decoding=\"async\" width=\"300\" height=\"300\" src=\"https:\/\/fundaciosetba.org\/wp-content\/uploads\/2024\/09\/Premis-Setba-2024cCarles-R-6072-copia-300x300.jpg\" class=\"attachment-woocommerce_thumbnail size-woocommerce_thumbnail\" alt=\"\" srcset=\"https:\/\/fundaciosetba.org\/wp-content\/uploads\/2024\/09\/Premis-Setba-2024cCarles-R-6072-copia-300x300.jpg 300w, https:\/\/fundaciosetba.org\/wp-content\/uploads\/2024\/09\/Premis-Setba-2024cCarles-R-6072-copia-150x150.jpg 150w\" sizes=\"auto, (max-width: 300px) 100vw, 300px\" \/><\/div><a class=\"w-gallery-item-link\" aria-label=\"Premis Setba 2024(c)Carles R-6072 copia\" href=\"https:\/\/fundaciosetba.org\/wp-content\/uploads\/2024\/09\/Premis-Setba-2024cCarles-R-6072-copia-scaled.jpg\" title=\"Premis Setba 2024(c)Carles R-6072 copia\"><\/a><\/div><div class=\"w-gallery-item\"><div class=\"w-gallery-item-img\"><img loading=\"lazy\" decoding=\"async\" width=\"300\" height=\"300\" src=\"https:\/\/fundaciosetba.org\/wp-content\/uploads\/2024\/09\/Premis-Setba-2024cCarles-R-6079-copia-300x300.jpg\" class=\"attachment-woocommerce_thumbnail size-woocommerce_thumbnail\" alt=\"\" srcset=\"https:\/\/fundaciosetba.org\/wp-content\/uploads\/2024\/09\/Premis-Setba-2024cCarles-R-6079-copia-300x300.jpg 300w, https:\/\/fundaciosetba.org\/wp-content\/uploads\/2024\/09\/Premis-Setba-2024cCarles-R-6079-copia-150x150.jpg 150w\" sizes=\"auto, (max-width: 300px) 100vw, 300px\" \/><\/div><a class=\"w-gallery-item-link\" aria-label=\"Premis Setba 2024(c)Carles R-6079 copia\" href=\"https:\/\/fundaciosetba.org\/wp-content\/uploads\/2024\/09\/Premis-Setba-2024cCarles-R-6079-copia-scaled.jpg\" title=\"Premis Setba 2024(c)Carles R-6079 copia\"><\/a><\/div><div class=\"w-gallery-item\"><div class=\"w-gallery-item-img\"><img loading=\"lazy\" decoding=\"async\" width=\"300\" height=\"300\" src=\"https:\/\/fundaciosetba.org\/wp-content\/uploads\/2024\/09\/Premis-Setba-2024cCarles-R-6391-copia-300x300.jpg\" class=\"attachment-woocommerce_thumbnail size-woocommerce_thumbnail\" alt=\"\" srcset=\"https:\/\/fundaciosetba.org\/wp-content\/uploads\/2024\/09\/Premis-Setba-2024cCarles-R-6391-copia-300x300.jpg 300w, https:\/\/fundaciosetba.org\/wp-content\/uploads\/2024\/09\/Premis-Setba-2024cCarles-R-6391-copia-150x150.jpg 150w\" sizes=\"auto, (max-width: 300px) 100vw, 300px\" \/><\/div><a class=\"w-gallery-item-link\" aria-label=\"Premis Setba 2024(c)Carles R-6391 copia\" href=\"https:\/\/fundaciosetba.org\/wp-content\/uploads\/2024\/09\/Premis-Setba-2024cCarles-R-6391-copia-scaled.jpg\" title=\"Premis Setba 2024(c)Carles R-6391 copia\"><\/a><\/div><div class=\"w-gallery-item\"><div class=\"w-gallery-item-img\"><img loading=\"lazy\" decoding=\"async\" width=\"300\" height=\"300\" src=\"https:\/\/fundaciosetba.org\/wp-content\/uploads\/2024\/09\/Premis-Setba-2024cCarles-R-6500-copia-300x300.jpg\" class=\"attachment-woocommerce_thumbnail size-woocommerce_thumbnail\" alt=\"\" srcset=\"https:\/\/fundaciosetba.org\/wp-content\/uploads\/2024\/09\/Premis-Setba-2024cCarles-R-6500-copia-300x300.jpg 300w, https:\/\/fundaciosetba.org\/wp-content\/uploads\/2024\/09\/Premis-Setba-2024cCarles-R-6500-copia-150x150.jpg 150w\" sizes=\"auto, (max-width: 300px) 100vw, 300px\" \/><\/div><a class=\"w-gallery-item-link\" aria-label=\"Premis Setba 2024(c)Carles R-6500 copia\" href=\"https:\/\/fundaciosetba.org\/wp-content\/uploads\/2024\/09\/Premis-Setba-2024cCarles-R-6500-copia-scaled.jpg\" title=\"Premis Setba 2024(c)Carles R-6500 copia\"><\/a><\/div><div class=\"w-gallery-item\"><div class=\"w-gallery-item-img\"><img loading=\"lazy\" decoding=\"async\" width=\"300\" height=\"300\" src=\"https:\/\/fundaciosetba.org\/wp-content\/uploads\/2024\/09\/Premis-Setba-2024cCarles-R-6512-copia-300x300.jpg\" class=\"attachment-woocommerce_thumbnail size-woocommerce_thumbnail\" alt=\"\" srcset=\"https:\/\/fundaciosetba.org\/wp-content\/uploads\/2024\/09\/Premis-Setba-2024cCarles-R-6512-copia-300x300.jpg 300w, https:\/\/fundaciosetba.org\/wp-content\/uploads\/2024\/09\/Premis-Setba-2024cCarles-R-6512-copia-150x150.jpg 150w\" sizes=\"auto, (max-width: 300px) 100vw, 300px\" \/><\/div><a class=\"w-gallery-item-link\" aria-label=\"Premis Setba 2024(c)Carles R-6512 copia\" href=\"https:\/\/fundaciosetba.org\/wp-content\/uploads\/2024\/09\/Premis-Setba-2024cCarles-R-6512-copia-scaled.jpg\" title=\"Premis Setba 2024(c)Carles R-6512 copia\"><\/a><\/div><\/div><\/div>\n<p>Uno de los momentos destacados fue la presentaci\u00f3n del <strong>calendario del Premio Setba 2025<\/strong> , creado en colaboraci\u00f3n con el IED Barcelona por Arianna Barahona. Este calendario exclusivo, que incluye reproducciones de las obras ganadoras y finalistas de las ediciones anteriores, est\u00e1 dise\u00f1ado para que cada mes pueda enmarcarse y conservarse como recuerdo. <a href=\"https:\/\/artesta.es\/products\/calendari-setba\"><strong>El calendario ya se puede adquirir a trav\u00e9s de la p\u00e1gina web de Artesta<\/strong><\/a> , y todos los beneficios se destinar\u00e1n al proyecto <strong>Magistrales<\/strong> de la Fundaci\u00f3n Setba. Adem\u00e1s, la Fundaci\u00f3n anunci\u00f3 que las obras finalistas y ganadoras se expondr\u00e1n en la <strong>Pigmento Gallery de Barcelona<\/strong> del 10 al 20 de octubre, ofreciendo una nueva oportunidad para que el p\u00fablico pueda admirar estas creaciones \u00fanicas. Finalmente, uno de los momentos m\u00e1s especiales de la gala fue la actuaci\u00f3n musical de <strong>Candeli<\/strong> , el Pr\u00edncipe de la Rumba, quien aport\u00f3 un toque vibrante y en\u00e9rgico, levantando al p\u00fablico de las sillas con una actuaci\u00f3n llena de ritmo y vitalidad.<\/p>\n<h4><strong>Puede recuperar la gala, aqu\u00ed, en este enlace:<\/strong><\/h4>\n<p><iframe loading=\"lazy\" title=\"XIVena Gala del Premi Setba\" width=\"640\" height=\"360\" src=\"https:\/\/www.youtube.com\/embed\/GPY5ISOQgyQ?feature=oembed\" frameborder=\"0\" allow=\"accelerometer; autoplay; clipboard-write; encrypted-media; gyroscope; picture-in-picture; web-share\" referrerpolicy=\"strict-origin-when-cross-origin\" allowfullscreen><\/iframe><\/p>\n<p><strong>Organizadores y Colaboradores:<\/strong> Este evento ha sido posible gracias a la organizaci\u00f3n de la <strong>Fundaci\u00f3n Setba<\/strong> y el apoyo del <strong>Ayuntamiento de Barcelona<\/strong> , <strong>\u200b\u200bBizcabar<\/strong> , <strong>Capital Care<\/strong> , <strong>Bardinet<\/strong> , <strong>Dincat<\/strong> , el <strong>Museo del FC Barcelona<\/strong> , \u200b\u200bla <strong>Fundaci\u00f3n &#8220;la Caixa&#8221; &#8220;<\/strong> , <strong>IED Barcelona<\/strong> , <strong>Pinturas MIR<\/strong> , as\u00ed como otras entidades colaboradoras como la <strong>Pigmento Gallery<\/strong> , <strong>IDEAL Barcelona<\/strong> , <strong>\u200b\u200bFC Barcelona Genuine<\/strong> , <strong>Ticketmaster<\/strong> y <strong>Worldcoo<\/strong> . Fotograf\u00edas: Carlos Rodr\u00edguez Mar\u00edn<\/p>\n","protected":false},"excerpt":{"rendered":"<p>La obra Arrels y Ales de Ruben Afonso, de la Fundaci\u00f3n Ampans, ha sido galardonada con el primer premio del Premio Setba 2024. Esta pieza cautivadora ha conquistado al jurado gracias a su combinaci\u00f3n de s\u00edmbolos de crecimiento personal y una profunda conexi\u00f3n con la naturaleza. <\/p>\n","protected":false},"author":1,"featured_media":37179,"comment_status":"closed","ping_status":"closed","sticky":false,"template":"","format":"standard","meta":{"footnotes":""},"categories":[1353],"tags":[],"class_list":["post-37215","post","type-post","status-publish","format-standard","has-post-thumbnail","hentry","category-premio-setba-es"],"_links":{"self":[{"href":"https:\/\/fundaciosetba.org\/es\/wp-json\/wp\/v2\/posts\/37215","targetHints":{"allow":["GET"]}}],"collection":[{"href":"https:\/\/fundaciosetba.org\/es\/wp-json\/wp\/v2\/posts"}],"about":[{"href":"https:\/\/fundaciosetba.org\/es\/wp-json\/wp\/v2\/types\/post"}],"author":[{"embeddable":true,"href":"https:\/\/fundaciosetba.org\/es\/wp-json\/wp\/v2\/users\/1"}],"replies":[{"embeddable":true,"href":"https:\/\/fundaciosetba.org\/es\/wp-json\/wp\/v2\/comments?post=37215"}],"version-history":[{"count":1,"href":"https:\/\/fundaciosetba.org\/es\/wp-json\/wp\/v2\/posts\/37215\/revisions"}],"predecessor-version":[{"id":37216,"href":"https:\/\/fundaciosetba.org\/es\/wp-json\/wp\/v2\/posts\/37215\/revisions\/37216"}],"wp:featuredmedia":[{"embeddable":true,"href":"https:\/\/fundaciosetba.org\/es\/wp-json\/wp\/v2\/media\/37179"}],"wp:attachment":[{"href":"https:\/\/fundaciosetba.org\/es\/wp-json\/wp\/v2\/media?parent=37215"}],"wp:term":[{"taxonomy":"category","embeddable":true,"href":"https:\/\/fundaciosetba.org\/es\/wp-json\/wp\/v2\/categories?post=37215"},{"taxonomy":"post_tag","embeddable":true,"href":"https:\/\/fundaciosetba.org\/es\/wp-json\/wp\/v2\/tags?post=37215"}],"curies":[{"name":"wp","href":"https:\/\/api.w.org\/{rel}","templated":true}]}}