{"id":37347,"date":"2024-09-19T10:42:41","date_gmt":"2024-09-19T09:42:41","guid":{"rendered":"https:\/\/fundaciosetba.org\/worldcoo-y-ticketmaster-recaudan-9-943-e-para-el-proyecto-magistrals\/"},"modified":"2024-09-19T10:54:36","modified_gmt":"2024-09-19T09:54:36","slug":"worldcoo-y-ticketmaster-recaudan-9-943-e-para-el-proyecto-magistrals","status":"publish","type":"post","link":"https:\/\/fundaciosetba.org\/es\/worldcoo-y-ticketmaster-recaudan-9-943-e-para-el-proyecto-magistrals\/","title":{"rendered":"Worldcoo y Ticketmaster recaudan 9.943 \u20ac para el proyecto Magistrals"},"content":{"rendered":"<p>La Fundaci\u00f3n Setba celebra la <strong>colaboraci\u00f3n con Ticketmaster y Worldcoo<\/strong> , que ha permitido recaudar 9.943 \u20ac para el proyecto <a href=\"https:\/\/fundaciosetba.org\/projecte\/magistrals-premi-setba\/\">Magistrals\/Premio Setba<\/a> . Esta acci\u00f3n solidaria, iniciada a trav\u00e9s de la <strong>campa\u00f1a &#8220;Euro Solidario&#8221;<\/strong> , dio a los usuarios de Ticketmaster la oportunidad de contribuir a trav\u00e9s de sus compras. Gracias a las 5.970 donaciones recogidas, hemos alcanzado este gran objetivo, que se <strong>comunic\u00f3 oficialmente durante la gala del Premi Setba 2024<\/strong> . En el acto intervinieron Sergi Figueres, cofundador y presidente de Worldcoo y en Reyes S\u00e1enz de Juano, directora de Marketing de Ticketmaster, quienes hicieron entrega del tal\u00f3n.<\/p>\n<div class=\"w-gallery fit_cover wp_gallery type_grid action_popup_image ratio_1x1 count_6\" style=\"--columns:3;--items-gap:8px;\"><div class=\"w-gallery-list\"><div class=\"w-gallery-item\"><div class=\"w-gallery-item-img\"><img loading=\"lazy\" decoding=\"async\" width=\"300\" height=\"300\" src=\"https:\/\/fundaciosetba.org\/wp-content\/uploads\/2024\/09\/Premis-Setba-2024cCarles-R-5803-copia-300x300.jpg\" class=\"attachment-woocommerce_thumbnail size-woocommerce_thumbnail\" alt=\"\" srcset=\"https:\/\/fundaciosetba.org\/wp-content\/uploads\/2024\/09\/Premis-Setba-2024cCarles-R-5803-copia-300x300.jpg 300w, https:\/\/fundaciosetba.org\/wp-content\/uploads\/2024\/09\/Premis-Setba-2024cCarles-R-5803-copia-150x150.jpg 150w\" sizes=\"auto, (max-width: 300px) 100vw, 300px\" \/><\/div><a class=\"w-gallery-item-link\" aria-label=\"Premis Setba 2024(c)Carles R-5803 copia\" href=\"https:\/\/fundaciosetba.org\/wp-content\/uploads\/2024\/09\/Premis-Setba-2024cCarles-R-5803-copia-scaled.jpg\" title=\"Premis Setba 2024(c)Carles R-5803 copia\"><\/a><\/div><div class=\"w-gallery-item\"><div class=\"w-gallery-item-img\"><img loading=\"lazy\" decoding=\"async\" width=\"300\" height=\"300\" src=\"https:\/\/fundaciosetba.org\/wp-content\/uploads\/2024\/09\/Premis-Setba-2024cCarles-R-6059-copia-300x300.jpg\" class=\"attachment-woocommerce_thumbnail size-woocommerce_thumbnail\" alt=\"\" srcset=\"https:\/\/fundaciosetba.org\/wp-content\/uploads\/2024\/09\/Premis-Setba-2024cCarles-R-6059-copia-300x300.jpg 300w, https:\/\/fundaciosetba.org\/wp-content\/uploads\/2024\/09\/Premis-Setba-2024cCarles-R-6059-copia-150x150.jpg 150w\" sizes=\"auto, (max-width: 300px) 100vw, 300px\" \/><\/div><a class=\"w-gallery-item-link\" aria-label=\"Premis Setba 2024(c)Carles R-6059 copia\" href=\"https:\/\/fundaciosetba.org\/wp-content\/uploads\/2024\/09\/Premis-Setba-2024cCarles-R-6059-copia-scaled.jpg\" title=\"Premis Setba 2024(c)Carles R-6059 copia\"><\/a><\/div><div class=\"w-gallery-item\"><div class=\"w-gallery-item-img\"><img loading=\"lazy\" decoding=\"async\" width=\"300\" height=\"300\" src=\"https:\/\/fundaciosetba.org\/wp-content\/uploads\/2024\/09\/Premis-Setba-2024cCarles-R-6034-copia-300x300.jpg\" class=\"attachment-woocommerce_thumbnail size-woocommerce_thumbnail\" alt=\"\" srcset=\"https:\/\/fundaciosetba.org\/wp-content\/uploads\/2024\/09\/Premis-Setba-2024cCarles-R-6034-copia-300x300.jpg 300w, https:\/\/fundaciosetba.org\/wp-content\/uploads\/2024\/09\/Premis-Setba-2024cCarles-R-6034-copia-150x150.jpg 150w\" sizes=\"auto, (max-width: 300px) 100vw, 300px\" \/><\/div><a class=\"w-gallery-item-link\" aria-label=\"Premis Setba 2024(c)Carles R-6034 copia\" href=\"https:\/\/fundaciosetba.org\/wp-content\/uploads\/2024\/09\/Premis-Setba-2024cCarles-R-6034-copia-scaled.jpg\" title=\"Premis Setba 2024(c)Carles R-6034 copia\"><\/a><\/div><div class=\"w-gallery-item\"><div class=\"w-gallery-item-img\"><img loading=\"lazy\" decoding=\"async\" width=\"300\" height=\"300\" src=\"https:\/\/fundaciosetba.org\/wp-content\/uploads\/2024\/09\/Premis-Setba-2024cCarles-R-6032-copia-300x300.jpg\" class=\"attachment-woocommerce_thumbnail size-woocommerce_thumbnail\" alt=\"\" srcset=\"https:\/\/fundaciosetba.org\/wp-content\/uploads\/2024\/09\/Premis-Setba-2024cCarles-R-6032-copia-300x300.jpg 300w, https:\/\/fundaciosetba.org\/wp-content\/uploads\/2024\/09\/Premis-Setba-2024cCarles-R-6032-copia-150x150.jpg 150w\" sizes=\"auto, (max-width: 300px) 100vw, 300px\" \/><\/div><a class=\"w-gallery-item-link\" aria-label=\"Premis Setba 2024(c)Carles R-6032 copia\" href=\"https:\/\/fundaciosetba.org\/wp-content\/uploads\/2024\/09\/Premis-Setba-2024cCarles-R-6032-copia-scaled.jpg\" title=\"Premis Setba 2024(c)Carles R-6032 copia\"><\/a><\/div><div class=\"w-gallery-item\"><div class=\"w-gallery-item-img\"><img loading=\"lazy\" decoding=\"async\" width=\"300\" height=\"300\" src=\"https:\/\/fundaciosetba.org\/wp-content\/uploads\/2024\/09\/Premis-Setba-2024cCarles-R-6024-copia-300x300.jpg\" class=\"attachment-woocommerce_thumbnail size-woocommerce_thumbnail\" alt=\"\" srcset=\"https:\/\/fundaciosetba.org\/wp-content\/uploads\/2024\/09\/Premis-Setba-2024cCarles-R-6024-copia-300x300.jpg 300w, https:\/\/fundaciosetba.org\/wp-content\/uploads\/2024\/09\/Premis-Setba-2024cCarles-R-6024-copia-150x150.jpg 150w\" sizes=\"auto, (max-width: 300px) 100vw, 300px\" \/><\/div><a class=\"w-gallery-item-link\" aria-label=\"Premis Setba 2024(c)Carles R-6024 copia\" href=\"https:\/\/fundaciosetba.org\/wp-content\/uploads\/2024\/09\/Premis-Setba-2024cCarles-R-6024-copia-scaled.jpg\" title=\"Premis Setba 2024(c)Carles R-6024 copia\"><\/a><\/div><div class=\"w-gallery-item\"><div class=\"w-gallery-item-img\"><img loading=\"lazy\" decoding=\"async\" width=\"300\" height=\"300\" src=\"https:\/\/fundaciosetba.org\/wp-content\/uploads\/2024\/09\/Premis-Setba-2024cCarles-R-5797-copia-300x300.jpg\" class=\"attachment-woocommerce_thumbnail size-woocommerce_thumbnail\" alt=\"\" srcset=\"https:\/\/fundaciosetba.org\/wp-content\/uploads\/2024\/09\/Premis-Setba-2024cCarles-R-5797-copia-300x300.jpg 300w, https:\/\/fundaciosetba.org\/wp-content\/uploads\/2024\/09\/Premis-Setba-2024cCarles-R-5797-copia-150x150.jpg 150w\" sizes=\"auto, (max-width: 300px) 100vw, 300px\" \/><\/div><a class=\"w-gallery-item-link\" aria-label=\"Premis Setba 2024(c)Carles R-5797 copia\" href=\"https:\/\/fundaciosetba.org\/wp-content\/uploads\/2024\/09\/Premis-Setba-2024cCarles-R-5797-copia-scaled.jpg\" title=\"Premis Setba 2024(c)Carles R-5797 copia\"><\/a><\/div><\/div><\/div>\n<h4><strong>El impacto de la donaci\u00f3n en el proyecto Magistrals<\/strong><\/h4>\n<p>Para la Fundaci\u00f3 Setba, la cultura es un derecho universal que deber\u00eda ser accesible para todos. Desde 2009, hemos organizado proyectos art\u00edsticos y culturales con un fuerte componente social, dirigidos a colectivos en riesgo de exclusi\u00f3n como personas con trastornos mentales, j\u00f3venes internos en centros penitenciarios y personas con discapacidad intelectual. <strong>La donaci\u00f3n recogida por Worldcoo y Ticketmaster contribuir\u00e1 a continuar esta labor y ampliar el impacto de Magistrales.<\/strong><\/p>\n<p>El proyecto Magistrales de la Fundaci\u00f3n Setba tiene como objetivo <strong>profesionalizar los talleres de arte de entidades que trabajan con personas con discapacidad intelectual en Catalu\u00f1a<\/strong> . Este proyecto proporciona acceso a la cultura y al arte a personas a menudo excluidas socialmente, ofreci\u00e9ndoles una v\u00eda de expresi\u00f3n y fomentando la inclusi\u00f3n, la autoestima y el desarrollo personal. Taller Magistrales 2024 de collage, impartido por el artista Marta F\u00e0bregas:<\/p>\n<div class=\"w-gallery fit_cover wp_gallery type_grid action_popup_image ratio_1x1 count_9\" style=\"--columns:3;--items-gap:8px;\"><div class=\"w-gallery-list\"><div class=\"w-gallery-item\"><div class=\"w-gallery-item-img\"><img loading=\"lazy\" decoding=\"async\" width=\"300\" height=\"300\" src=\"https:\/\/fundaciosetba.org\/wp-content\/uploads\/2024\/09\/Copyright_Laura-Galvez-Rhein-40-300x300.jpg\" class=\"attachment-woocommerce_thumbnail size-woocommerce_thumbnail\" alt=\"\" srcset=\"https:\/\/fundaciosetba.org\/wp-content\/uploads\/2024\/09\/Copyright_Laura-Galvez-Rhein-40-300x300.jpg 300w, https:\/\/fundaciosetba.org\/wp-content\/uploads\/2024\/09\/Copyright_Laura-Galvez-Rhein-40-150x150.jpg 150w\" sizes=\"auto, (max-width: 300px) 100vw, 300px\" \/><\/div><a class=\"w-gallery-item-link\" aria-label=\"Copyright_Laura G\u00e1lvez-Rhein (40)\" href=\"https:\/\/fundaciosetba.org\/wp-content\/uploads\/2024\/09\/Copyright_Laura-Galvez-Rhein-40-scaled.jpg\" title=\"Copyright_Laura G\u00e1lvez-Rhein (40)\"><\/a><\/div><div class=\"w-gallery-item\"><div class=\"w-gallery-item-img\"><img loading=\"lazy\" decoding=\"async\" width=\"300\" height=\"300\" src=\"https:\/\/fundaciosetba.org\/wp-content\/uploads\/2024\/09\/Copyright_Laura-Galvez-Rhein-39-300x300.jpg\" class=\"attachment-woocommerce_thumbnail size-woocommerce_thumbnail\" alt=\"\" srcset=\"https:\/\/fundaciosetba.org\/wp-content\/uploads\/2024\/09\/Copyright_Laura-Galvez-Rhein-39-300x300.jpg 300w, https:\/\/fundaciosetba.org\/wp-content\/uploads\/2024\/09\/Copyright_Laura-Galvez-Rhein-39-150x150.jpg 150w\" sizes=\"auto, (max-width: 300px) 100vw, 300px\" \/><\/div><a class=\"w-gallery-item-link\" aria-label=\"Copyright_Laura G\u00e1lvez-Rhein (39)\" href=\"https:\/\/fundaciosetba.org\/wp-content\/uploads\/2024\/09\/Copyright_Laura-Galvez-Rhein-39-scaled.jpg\" title=\"Copyright_Laura G\u00e1lvez-Rhein (39)\"><\/a><\/div><div class=\"w-gallery-item\"><div class=\"w-gallery-item-img\"><img loading=\"lazy\" decoding=\"async\" width=\"300\" height=\"300\" src=\"https:\/\/fundaciosetba.org\/wp-content\/uploads\/2024\/09\/Copyright_Laura-Galvez-Rhein-36-1-300x300.jpg\" class=\"attachment-woocommerce_thumbnail size-woocommerce_thumbnail\" alt=\"\" srcset=\"https:\/\/fundaciosetba.org\/wp-content\/uploads\/2024\/09\/Copyright_Laura-Galvez-Rhein-36-1-300x300.jpg 300w, https:\/\/fundaciosetba.org\/wp-content\/uploads\/2024\/09\/Copyright_Laura-Galvez-Rhein-36-1-150x150.jpg 150w\" sizes=\"auto, (max-width: 300px) 100vw, 300px\" \/><\/div><a class=\"w-gallery-item-link\" aria-label=\"Copyright_Laura G\u00e1lvez-Rhein (36)\" href=\"https:\/\/fundaciosetba.org\/wp-content\/uploads\/2024\/09\/Copyright_Laura-Galvez-Rhein-36-1-scaled.jpg\" title=\"Copyright_Laura G\u00e1lvez-Rhein (36)\"><\/a><\/div><div class=\"w-gallery-item\"><div class=\"w-gallery-item-img\"><img loading=\"lazy\" decoding=\"async\" width=\"300\" height=\"300\" src=\"https:\/\/fundaciosetba.org\/wp-content\/uploads\/2024\/09\/Copyright_Laura-Galvez-Rhein-35-300x300.jpg\" class=\"attachment-woocommerce_thumbnail size-woocommerce_thumbnail\" alt=\"\" srcset=\"https:\/\/fundaciosetba.org\/wp-content\/uploads\/2024\/09\/Copyright_Laura-Galvez-Rhein-35-300x300.jpg 300w, https:\/\/fundaciosetba.org\/wp-content\/uploads\/2024\/09\/Copyright_Laura-Galvez-Rhein-35-150x150.jpg 150w\" sizes=\"auto, (max-width: 300px) 100vw, 300px\" \/><\/div><a class=\"w-gallery-item-link\" aria-label=\"Copyright_Laura G\u00e1lvez-Rhein (35)\" href=\"https:\/\/fundaciosetba.org\/wp-content\/uploads\/2024\/09\/Copyright_Laura-Galvez-Rhein-35-scaled.jpg\" title=\"Copyright_Laura G\u00e1lvez-Rhein (35)\"><\/a><\/div><div class=\"w-gallery-item\"><div class=\"w-gallery-item-img\"><img loading=\"lazy\" decoding=\"async\" width=\"300\" height=\"300\" src=\"https:\/\/fundaciosetba.org\/wp-content\/uploads\/2024\/09\/Copyright_Laura-Galvez-Rhein-30-300x300.jpg\" class=\"attachment-woocommerce_thumbnail size-woocommerce_thumbnail\" alt=\"\" srcset=\"https:\/\/fundaciosetba.org\/wp-content\/uploads\/2024\/09\/Copyright_Laura-Galvez-Rhein-30-300x300.jpg 300w, https:\/\/fundaciosetba.org\/wp-content\/uploads\/2024\/09\/Copyright_Laura-Galvez-Rhein-30-150x150.jpg 150w\" sizes=\"auto, (max-width: 300px) 100vw, 300px\" \/><\/div><a class=\"w-gallery-item-link\" aria-label=\"Copyright_Laura G\u00e1lvez-Rhein (30)\" href=\"https:\/\/fundaciosetba.org\/wp-content\/uploads\/2024\/09\/Copyright_Laura-Galvez-Rhein-30-scaled.jpg\" title=\"Copyright_Laura G\u00e1lvez-Rhein (30)\"><\/a><\/div><div class=\"w-gallery-item\"><div class=\"w-gallery-item-img\"><img loading=\"lazy\" decoding=\"async\" width=\"300\" height=\"300\" src=\"https:\/\/fundaciosetba.org\/wp-content\/uploads\/2024\/09\/Copyright_Laura-Galvez-Rhein-4-300x300.jpg\" class=\"attachment-woocommerce_thumbnail size-woocommerce_thumbnail\" alt=\"\" srcset=\"https:\/\/fundaciosetba.org\/wp-content\/uploads\/2024\/09\/Copyright_Laura-Galvez-Rhein-4-300x300.jpg 300w, https:\/\/fundaciosetba.org\/wp-content\/uploads\/2024\/09\/Copyright_Laura-Galvez-Rhein-4-150x150.jpg 150w\" sizes=\"auto, (max-width: 300px) 100vw, 300px\" \/><\/div><a class=\"w-gallery-item-link\" aria-label=\"Copyright_Laura G\u00e1lvez-Rhein (4)\" href=\"https:\/\/fundaciosetba.org\/wp-content\/uploads\/2024\/09\/Copyright_Laura-Galvez-Rhein-4-scaled.jpg\" title=\"Copyright_Laura G\u00e1lvez-Rhein (4)\"><\/a><\/div><div class=\"w-gallery-item\"><div class=\"w-gallery-item-img\"><img loading=\"lazy\" decoding=\"async\" width=\"300\" height=\"300\" src=\"https:\/\/fundaciosetba.org\/wp-content\/uploads\/2024\/09\/Copyright_Laura-Galvez-Rhein-15-300x300.jpg\" class=\"attachment-woocommerce_thumbnail size-woocommerce_thumbnail\" alt=\"\" srcset=\"https:\/\/fundaciosetba.org\/wp-content\/uploads\/2024\/09\/Copyright_Laura-Galvez-Rhein-15-300x300.jpg 300w, https:\/\/fundaciosetba.org\/wp-content\/uploads\/2024\/09\/Copyright_Laura-Galvez-Rhein-15-150x150.jpg 150w\" sizes=\"auto, (max-width: 300px) 100vw, 300px\" \/><\/div><a class=\"w-gallery-item-link\" aria-label=\"Copyright_Laura G\u00e1lvez-Rhein (15)\" href=\"https:\/\/fundaciosetba.org\/wp-content\/uploads\/2024\/09\/Copyright_Laura-Galvez-Rhein-15-scaled.jpg\" title=\"Copyright_Laura G\u00e1lvez-Rhein (15)\"><\/a><\/div><div class=\"w-gallery-item\"><div class=\"w-gallery-item-img\"><img loading=\"lazy\" decoding=\"async\" width=\"300\" height=\"300\" src=\"https:\/\/fundaciosetba.org\/wp-content\/uploads\/2024\/09\/Copyright_Laura-Galvez-Rhein-18-300x300.jpg\" class=\"attachment-woocommerce_thumbnail size-woocommerce_thumbnail\" alt=\"\" srcset=\"https:\/\/fundaciosetba.org\/wp-content\/uploads\/2024\/09\/Copyright_Laura-Galvez-Rhein-18-300x300.jpg 300w, https:\/\/fundaciosetba.org\/wp-content\/uploads\/2024\/09\/Copyright_Laura-Galvez-Rhein-18-150x150.jpg 150w\" sizes=\"auto, (max-width: 300px) 100vw, 300px\" \/><\/div><a class=\"w-gallery-item-link\" aria-label=\"Copyright_Laura G\u00e1lvez-Rhein (18)\" href=\"https:\/\/fundaciosetba.org\/wp-content\/uploads\/2024\/09\/Copyright_Laura-Galvez-Rhein-18-scaled.jpg\" title=\"Copyright_Laura G\u00e1lvez-Rhein (18)\"><\/a><\/div><div class=\"w-gallery-item\"><div class=\"w-gallery-item-img\"><img loading=\"lazy\" decoding=\"async\" width=\"300\" height=\"300\" src=\"https:\/\/fundaciosetba.org\/wp-content\/uploads\/2024\/09\/Copyright_Laura-Galvez-Rhein-21-300x300.jpg\" class=\"attachment-woocommerce_thumbnail size-woocommerce_thumbnail\" alt=\"\" srcset=\"https:\/\/fundaciosetba.org\/wp-content\/uploads\/2024\/09\/Copyright_Laura-Galvez-Rhein-21-300x300.jpg 300w, https:\/\/fundaciosetba.org\/wp-content\/uploads\/2024\/09\/Copyright_Laura-Galvez-Rhein-21-150x150.jpg 150w\" sizes=\"auto, (max-width: 300px) 100vw, 300px\" \/><\/div><a class=\"w-gallery-item-link\" aria-label=\"Copyright_Laura G\u00e1lvez-Rhein (21)\" href=\"https:\/\/fundaciosetba.org\/wp-content\/uploads\/2024\/09\/Copyright_Laura-Galvez-Rhein-21-scaled.jpg\" title=\"Copyright_Laura G\u00e1lvez-Rhein (21)\"><\/a><\/div><\/div><\/div>\n<p>Esta alianza muestra el compromiso de la empresa privada con la promoci\u00f3n de la cultura con valor social, aspecto clave para la Fundaci\u00f3n Setba.<\/p>\n<p>Fotograf\u00eda destacada: Carles Rodr\u00edguez Mar\u00edn<br \/>\nFotograf\u00edas galer\u00eda 1: Carles Rodr\u00edguez Mar\u00edn<br \/>\nFotograf\u00edas galer\u00eda 2: Laura G\u00e1lvez-Rhein<\/p>\n","protected":false},"excerpt":{"rendered":"<p>La Fundaci\u00f3n Setba celebra su colaboraci\u00f3n con Ticketmaster y Worldcoo, que ha permitido recaudar una donaci\u00f3n de 9.943 \u20ac destinada al proyecto Magistrals.<\/p>\n","protected":false},"author":1,"featured_media":37272,"comment_status":"closed","ping_status":"closed","sticky":false,"template":"","format":"standard","meta":{"footnotes":""},"categories":[1353],"tags":[],"class_list":["post-37347","post","type-post","status-publish","format-standard","has-post-thumbnail","hentry","category-premio-setba-es"],"_links":{"self":[{"href":"https:\/\/fundaciosetba.org\/es\/wp-json\/wp\/v2\/posts\/37347","targetHints":{"allow":["GET"]}}],"collection":[{"href":"https:\/\/fundaciosetba.org\/es\/wp-json\/wp\/v2\/posts"}],"about":[{"href":"https:\/\/fundaciosetba.org\/es\/wp-json\/wp\/v2\/types\/post"}],"author":[{"embeddable":true,"href":"https:\/\/fundaciosetba.org\/es\/wp-json\/wp\/v2\/users\/1"}],"replies":[{"embeddable":true,"href":"https:\/\/fundaciosetba.org\/es\/wp-json\/wp\/v2\/comments?post=37347"}],"version-history":[{"count":1,"href":"https:\/\/fundaciosetba.org\/es\/wp-json\/wp\/v2\/posts\/37347\/revisions"}],"predecessor-version":[{"id":37348,"href":"https:\/\/fundaciosetba.org\/es\/wp-json\/wp\/v2\/posts\/37347\/revisions\/37348"}],"wp:featuredmedia":[{"embeddable":true,"href":"https:\/\/fundaciosetba.org\/es\/wp-json\/wp\/v2\/media\/37272"}],"wp:attachment":[{"href":"https:\/\/fundaciosetba.org\/es\/wp-json\/wp\/v2\/media?parent=37347"}],"wp:term":[{"taxonomy":"category","embeddable":true,"href":"https:\/\/fundaciosetba.org\/es\/wp-json\/wp\/v2\/categories?post=37347"},{"taxonomy":"post_tag","embeddable":true,"href":"https:\/\/fundaciosetba.org\/es\/wp-json\/wp\/v2\/tags?post=37347"}],"curies":[{"name":"wp","href":"https:\/\/api.w.org\/{rel}","templated":true}]}}