{"id":37374,"date":"2024-09-20T10:10:45","date_gmt":"2024-09-20T09:10:45","guid":{"rendered":"https:\/\/fundaciosetba.org\/ya-esta-disponible-el-calendario-2025-de-laminas-del-premio-setba-12-meses-14-artistas\/"},"modified":"2024-09-20T10:29:28","modified_gmt":"2024-09-20T09:29:28","slug":"ya-esta-disponible-el-calendario-2025-de-laminas-del-premio-setba-12-meses-14-artistas","status":"publish","type":"post","link":"https:\/\/fundaciosetba.org\/es\/ya-esta-disponible-el-calendario-2025-de-laminas-del-premio-setba-12-meses-14-artistas\/","title":{"rendered":"Ya est\u00e1 disponible el calendario 2025 de l\u00e1minas del Premio Setba: 12 meses \/ 14 artistas"},"content":{"rendered":"<p>Durante la Gala del Premio Setba 2024, y tras la gran demanda por volver a publicar el calendario del certamen, se <strong>present\u00f3 oficialmente el nuevo calendario del Premio Setba<\/strong> . Creado para celebrar el 15 aniversario del premio, este objeto es mucho m\u00e1s que un simple calendario: es una aut\u00e9ntica celebraci\u00f3n de las obras ganadoras de los \u00faltimos a\u00f1os y una oportunidad \u00fanica para disfrutar del arte en casa.<\/p>\n<h4><strong>12 meses \/ 14 artistas<\/strong><\/h4>\n<p><a href=\"https:\/\/artesta.es\/products\/calendari-setba\">Este calendario<\/a> incluye reproducciones de las obras ganadoras del Premi Setba a lo largo de su historia. Desde la primera obra ganadora del certamen de Anna Giralt, de la Fundaci\u00f3n Privada CIPO, hasta <em>Arrels y alas<\/em> de Ruben Afonso, ganadora de la edici\u00f3n de este a\u00f1o. Cada mes presenta una obra destacada, como <em>Los monstruos<\/em> de Erik Nitsch (2012), <em>Amor pasional<\/em> de M\u00f2nica L\u00f3pez (2015) o <em>Happy Zebra<\/em> de Josep Maria Teixid\u00f3, de ACUDAM (Segundo Premio Setba 2018). Cada l\u00e1mina est\u00e1 dise\u00f1ada para que pueda ser f\u00e1cilmente arrancada y enmarcada, convirtiendo el calendario en una verdadera colecci\u00f3n de arte. <img loading=\"lazy\" decoding=\"async\" class=\"aligncenter size-us_600_400 wp-image-37355\" src=\"https:\/\/fundaciosetba.org\/wp-content\/uploads\/2024\/09\/calendari-obres-493x400.png\" alt=\"\" width=\"493\" height=\"400\" srcset=\"https:\/\/fundaciosetba.org\/wp-content\/uploads\/2024\/09\/calendari-obres-493x400.png 493w, https:\/\/fundaciosetba.org\/wp-content\/uploads\/2024\/09\/calendari-obres-300x243.png 300w, https:\/\/fundaciosetba.org\/wp-content\/uploads\/2024\/09\/calendari-obres-1024x830.png 1024w, https:\/\/fundaciosetba.org\/wp-content\/uploads\/2024\/09\/calendari-obres-123x100.png 123w, https:\/\/fundaciosetba.org\/wp-content\/uploads\/2024\/09\/calendari-obres-600x486.png 600w\" sizes=\"auto, (max-width: 493px) 100vw, 493px\" \/><\/p>\n<h4><strong>Un calendario con valor social<\/strong><\/h4>\n<p>Este proyecto es el resultado de la colaboraci\u00f3n entre la Fundaci\u00f3n Setba, la empresa <a href=\"https:\/\/artesta.es\/products\/calendari-setba\"><strong>Artesta<\/strong><\/a> y el <strong>IED Barcelona Centro Superior de Dise\u00f1o<\/strong> , con el dise\u00f1o a cargo de la alumna <strong>Arianna Barahona<\/strong> . Los beneficios de la venta del calendario se destinar\u00e1n \u00edntegramente al proyecto <strong>Magistrals<\/strong> , que busca profesionalizar los talleres de arte de las entidades que trabajan con personas con discapacidad intelectual en Catalu\u00f1a. <img loading=\"lazy\" decoding=\"async\" class=\"aligncenter size-us_600_400 wp-image-37352\" src=\"https:\/\/fundaciosetba.org\/wp-content\/uploads\/2024\/09\/Premis-Setba-2024cCarles-R-6182-copia-600x400.jpg\" alt=\"\" width=\"600\" height=\"400\" srcset=\"https:\/\/fundaciosetba.org\/wp-content\/uploads\/2024\/09\/Premis-Setba-2024cCarles-R-6182-copia-600x400.jpg 600w, https:\/\/fundaciosetba.org\/wp-content\/uploads\/2024\/09\/Premis-Setba-2024cCarles-R-6182-copia-300x200.jpg 300w, https:\/\/fundaciosetba.org\/wp-content\/uploads\/2024\/09\/Premis-Setba-2024cCarles-R-6182-copia-1024x683.jpg 1024w, https:\/\/fundaciosetba.org\/wp-content\/uploads\/2024\/09\/Premis-Setba-2024cCarles-R-6182-copia-150x100.jpg 150w\" sizes=\"auto, (max-width: 600px) 100vw, 600px\" \/><\/p>\n<h4><strong>\u00bfD\u00f3nde se puede adquirir?<\/strong><\/h4>\n<p>El calendario 2025 est\u00e1 <strong>disponible en la p\u00e1gina web de Artesta. Lo podr\u00e1s conseguir con o sin marco: <a href=\"https:\/\/artesta.es\/products\/calendari-setba\">https:\/\/artesta.es\/products\/calendari-setba<\/a> <\/strong><\/p>\n<p><a href=\"https:\/\/artesta.es\/products\/calendari-setba\">Calendario de mesa Setba<\/a><\/p>\n<h5><img loading=\"lazy\" decoding=\"async\" class=\"aligncenter size-us_600_400 wp-image-37364\" src=\"https:\/\/fundaciosetba.org\/wp-content\/uploads\/2024\/09\/MOCKUP-MES-400x400.jpg\" alt=\"\" width=\"400\" height=\"400\" srcset=\"https:\/\/fundaciosetba.org\/wp-content\/uploads\/2024\/09\/MOCKUP-MES-400x400.jpg 400w, https:\/\/fundaciosetba.org\/wp-content\/uploads\/2024\/09\/MOCKUP-MES-300x300.jpg 300w, https:\/\/fundaciosetba.org\/wp-content\/uploads\/2024\/09\/MOCKUP-MES-1024x1024.jpg 1024w, https:\/\/fundaciosetba.org\/wp-content\/uploads\/2024\/09\/MOCKUP-MES-150x150.jpg 150w, https:\/\/fundaciosetba.org\/wp-content\/uploads\/2024\/09\/MOCKUP-MES-100x100.jpg 100w, https:\/\/fundaciosetba.org\/wp-content\/uploads\/2024\/09\/MOCKUP-MES-600x600.jpg 600w\" sizes=\"auto, (max-width: 400px) 100vw, 400px\" \/><\/h5>\n<h5><strong>Listado de cuadros y nombres de los artistas incluidos en el calendario 2025:<\/strong><\/h5>\n<ul>\n<li>Sin t\u00edtulo &#8211; Anna Giralt, Fundaci\u00f3n Privada CIPO (Tercer Premio Setba 2011)<\/li>\n<li>Los monstruos &#8211; Erik Nitsch, Fundaci\u00f3n Catalana S\u00edndrome de Down (Primer Premio Setba 2012)<\/li>\n<li>Piezas contentos &#8211; Jos\u00e9 Maria Romero, Fundaci\u00f3n Catalana S\u00edndrome de Down (Primer Premio Setba 2013)<\/li>\n<li>Manifestaci\u00f3n de gallinas &#8211; Carles Ab\u00e0s, Centro Ocupacional Les Corts (Primer Premio Setba 2014)<\/li>\n<li>Amor pasional &#8211; M\u00f2nica L\u00f3pez, Fundaci\u00f3n Estimia (Primer Premio Setba 2015)<\/li>\n<li>Mi entrenador &#8211; Jos\u00e9 Maria Escobar, Centro Ocupacional 1981 del Grupo Asproseat (Primer Premio Setba 2016)<\/li>\n<li>The Face &#8211; Ra\u00fal S\u00e1nchez, Centro Ocupacional Les Corts (Primer Premio Setba 2017)<\/li>\n<li>Happy Zebra &#8211; Josep Maria Teixid\u00f3, ACUDAM (Segundo Premio Setba 2018)<\/li>\n<li>Tocado y hundido &#8211; Joel Garcia, Grupo Alba (Primer Premio Setba 2019)<\/li>\n<li>Buenas noches &#8211; Gerard Pujol, Centro Ocupacional Calldetenes &#8211; Fundaci\u00f3n Sant Tom\u00e0s (Primer Premio Setba 2020)<\/li>\n<li>Blanco y negro &#8211; Adri\u00e0 G\u00f3mez, Fundaci\u00f3n Privada Aspronis (Primer Premio Setba 2021)<\/li>\n<li>La mosca en nariz &#8211; Daniel Temporal, Fundaci\u00f3n Ampans (Primer Premio Setba 2022)<\/li>\n<li>Un cuadro imponente &#8211; Aina Fuster, Centro Ocupacional Les Corts (Primer Premio Setba 2023)<\/li>\n<li>Ra\u00edces y alas &#8211; Ruben Afonso, Fundaci\u00f3n Ampans (Primer Premio Setba 2024)<\/li>\n<\/ul>\n","protected":false},"excerpt":{"rendered":"<p>Este calendario incluye reproducciones de las obras ganadoras del Premi Setba a lo largo de su historia. Cada l\u00e1mina est\u00e1 dise\u00f1ada para que pueda ser f\u00e1cilmente arrancada y enmarcada, convirtiendo el calendario en una verdadera colecci\u00f3n de arte. Dise\u00f1o Arianna Barahona, estudiante del IED Barcelona.  <\/p>\n","protected":false},"author":1,"featured_media":37369,"comment_status":"closed","ping_status":"closed","sticky":false,"template":"","format":"standard","meta":{"footnotes":""},"categories":[1353],"tags":[],"class_list":["post-37374","post","type-post","status-publish","format-standard","has-post-thumbnail","hentry","category-premio-setba-es"],"_links":{"self":[{"href":"https:\/\/fundaciosetba.org\/es\/wp-json\/wp\/v2\/posts\/37374","targetHints":{"allow":["GET"]}}],"collection":[{"href":"https:\/\/fundaciosetba.org\/es\/wp-json\/wp\/v2\/posts"}],"about":[{"href":"https:\/\/fundaciosetba.org\/es\/wp-json\/wp\/v2\/types\/post"}],"author":[{"embeddable":true,"href":"https:\/\/fundaciosetba.org\/es\/wp-json\/wp\/v2\/users\/1"}],"replies":[{"embeddable":true,"href":"https:\/\/fundaciosetba.org\/es\/wp-json\/wp\/v2\/comments?post=37374"}],"version-history":[{"count":1,"href":"https:\/\/fundaciosetba.org\/es\/wp-json\/wp\/v2\/posts\/37374\/revisions"}],"predecessor-version":[{"id":37375,"href":"https:\/\/fundaciosetba.org\/es\/wp-json\/wp\/v2\/posts\/37374\/revisions\/37375"}],"wp:featuredmedia":[{"embeddable":true,"href":"https:\/\/fundaciosetba.org\/es\/wp-json\/wp\/v2\/media\/37369"}],"wp:attachment":[{"href":"https:\/\/fundaciosetba.org\/es\/wp-json\/wp\/v2\/media?parent=37374"}],"wp:term":[{"taxonomy":"category","embeddable":true,"href":"https:\/\/fundaciosetba.org\/es\/wp-json\/wp\/v2\/categories?post=37374"},{"taxonomy":"post_tag","embeddable":true,"href":"https:\/\/fundaciosetba.org\/es\/wp-json\/wp\/v2\/tags?post=37374"}],"curies":[{"name":"wp","href":"https:\/\/api.w.org\/{rel}","templated":true}]}}