{"id":37392,"date":"2024-09-23T14:59:27","date_gmt":"2024-09-23T13:59:27","guid":{"rendered":"https:\/\/fundaciosetba.org\/vota-la-obra-que-mas-te-guste-para-representar-tu-barrio\/"},"modified":"2024-09-23T16:08:03","modified_gmt":"2024-09-23T15:08:03","slug":"vota-la-obra-que-mas-te-guste-para-representar-tu-barrio","status":"publish","type":"post","link":"https:\/\/fundaciosetba.org\/es\/vota-la-obra-que-mas-te-guste-para-representar-tu-barrio\/","title":{"rendered":"\u00a1Vota la obra que m\u00e1s te guste para representar tu barrio!"},"content":{"rendered":"<p>En la Fundaci\u00f3n Setba, estamos encantados de invitarle a participar en la siguiente fase del proyecto Magistrales. <strong>Ahora es el turno de los vecinos y vecinas de Barcelona:<\/strong> le animamos ir a los distritos de Sant Mart\u00ed, Horta-Guinard\u00f3, Nou Barris y Sant Andreu y vote la obra que m\u00e1s le guste para representar su barrio en una exposici\u00f3n en el 2025.<\/p>\n<h4><strong>\u00bfQu\u00e9 es el proyecto Magistrales?<\/strong><\/h4>\n<p><em>Magistrals<\/em> es un proyecto de formaci\u00f3n art\u00edstica dirigido a personas usuarias y profesionales de entidades del sector de la discapacidad intelectual. Organizado por la Fundaci\u00f3 Setba y con el apoyo del Ayuntamiento de Barcelona, \u200b\u200bel proyecto busca fomentar la creatividad y ofrecer una plataforma para que estas personas puedan expresarse art\u00edsticamente y conectar con su comunidad. <strong>Este a\u00f1o, las entidades participantes han disfrutado de clases de collage, impartidas por el artista Marta F\u00e0bregas<\/strong> , tanto en formato online como presencial.<\/p>\n<div class=\"w-gallery fit_cover wp_gallery type_grid action_popup_image ratio_1x1 count_9\" style=\"--columns:3;--items-gap:8px;\"><div class=\"w-gallery-list\"><div class=\"w-gallery-item\"><div class=\"w-gallery-item-img\"><img loading=\"lazy\" decoding=\"async\" width=\"300\" height=\"300\" src=\"https:\/\/fundaciosetba.org\/wp-content\/uploads\/2024\/09\/Copyright_Laura-Galvez-Rhein-40-300x300.jpg\" class=\"attachment-woocommerce_thumbnail size-woocommerce_thumbnail\" alt=\"\" srcset=\"https:\/\/fundaciosetba.org\/wp-content\/uploads\/2024\/09\/Copyright_Laura-Galvez-Rhein-40-300x300.jpg 300w, https:\/\/fundaciosetba.org\/wp-content\/uploads\/2024\/09\/Copyright_Laura-Galvez-Rhein-40-150x150.jpg 150w\" sizes=\"auto, (max-width: 300px) 100vw, 300px\" \/><\/div><a class=\"w-gallery-item-link\" aria-label=\"Copyright_Laura G\u00e1lvez-Rhein (40)\" href=\"https:\/\/fundaciosetba.org\/wp-content\/uploads\/2024\/09\/Copyright_Laura-Galvez-Rhein-40-scaled.jpg\" title=\"Copyright_Laura G\u00e1lvez-Rhein (40)\"><\/a><\/div><div class=\"w-gallery-item\"><div class=\"w-gallery-item-img\"><img loading=\"lazy\" decoding=\"async\" width=\"300\" height=\"300\" src=\"https:\/\/fundaciosetba.org\/wp-content\/uploads\/2024\/09\/Copyright_Laura-Galvez-Rhein-39-300x300.jpg\" class=\"attachment-woocommerce_thumbnail size-woocommerce_thumbnail\" alt=\"\" srcset=\"https:\/\/fundaciosetba.org\/wp-content\/uploads\/2024\/09\/Copyright_Laura-Galvez-Rhein-39-300x300.jpg 300w, https:\/\/fundaciosetba.org\/wp-content\/uploads\/2024\/09\/Copyright_Laura-Galvez-Rhein-39-150x150.jpg 150w\" sizes=\"auto, (max-width: 300px) 100vw, 300px\" \/><\/div><a class=\"w-gallery-item-link\" aria-label=\"Copyright_Laura G\u00e1lvez-Rhein (39)\" href=\"https:\/\/fundaciosetba.org\/wp-content\/uploads\/2024\/09\/Copyright_Laura-Galvez-Rhein-39-scaled.jpg\" title=\"Copyright_Laura G\u00e1lvez-Rhein (39)\"><\/a><\/div><div class=\"w-gallery-item\"><div class=\"w-gallery-item-img\"><img loading=\"lazy\" decoding=\"async\" width=\"300\" height=\"300\" src=\"https:\/\/fundaciosetba.org\/wp-content\/uploads\/2024\/09\/Copyright_Laura-Galvez-Rhein-36-1-300x300.jpg\" class=\"attachment-woocommerce_thumbnail size-woocommerce_thumbnail\" alt=\"\" srcset=\"https:\/\/fundaciosetba.org\/wp-content\/uploads\/2024\/09\/Copyright_Laura-Galvez-Rhein-36-1-300x300.jpg 300w, https:\/\/fundaciosetba.org\/wp-content\/uploads\/2024\/09\/Copyright_Laura-Galvez-Rhein-36-1-150x150.jpg 150w\" sizes=\"auto, (max-width: 300px) 100vw, 300px\" \/><\/div><a class=\"w-gallery-item-link\" aria-label=\"Copyright_Laura G\u00e1lvez-Rhein (36)\" href=\"https:\/\/fundaciosetba.org\/wp-content\/uploads\/2024\/09\/Copyright_Laura-Galvez-Rhein-36-1-scaled.jpg\" title=\"Copyright_Laura G\u00e1lvez-Rhein (36)\"><\/a><\/div><div class=\"w-gallery-item\"><div class=\"w-gallery-item-img\"><img loading=\"lazy\" decoding=\"async\" width=\"300\" height=\"300\" src=\"https:\/\/fundaciosetba.org\/wp-content\/uploads\/2024\/09\/Copyright_Laura-Galvez-Rhein-35-300x300.jpg\" class=\"attachment-woocommerce_thumbnail size-woocommerce_thumbnail\" alt=\"\" srcset=\"https:\/\/fundaciosetba.org\/wp-content\/uploads\/2024\/09\/Copyright_Laura-Galvez-Rhein-35-300x300.jpg 300w, https:\/\/fundaciosetba.org\/wp-content\/uploads\/2024\/09\/Copyright_Laura-Galvez-Rhein-35-150x150.jpg 150w\" sizes=\"auto, (max-width: 300px) 100vw, 300px\" \/><\/div><a class=\"w-gallery-item-link\" aria-label=\"Copyright_Laura G\u00e1lvez-Rhein (35)\" href=\"https:\/\/fundaciosetba.org\/wp-content\/uploads\/2024\/09\/Copyright_Laura-Galvez-Rhein-35-scaled.jpg\" title=\"Copyright_Laura G\u00e1lvez-Rhein (35)\"><\/a><\/div><div class=\"w-gallery-item\"><div class=\"w-gallery-item-img\"><img loading=\"lazy\" decoding=\"async\" width=\"300\" height=\"300\" src=\"https:\/\/fundaciosetba.org\/wp-content\/uploads\/2024\/09\/Copyright_Laura-Galvez-Rhein-30-300x300.jpg\" class=\"attachment-woocommerce_thumbnail size-woocommerce_thumbnail\" alt=\"\" srcset=\"https:\/\/fundaciosetba.org\/wp-content\/uploads\/2024\/09\/Copyright_Laura-Galvez-Rhein-30-300x300.jpg 300w, https:\/\/fundaciosetba.org\/wp-content\/uploads\/2024\/09\/Copyright_Laura-Galvez-Rhein-30-150x150.jpg 150w\" sizes=\"auto, (max-width: 300px) 100vw, 300px\" \/><\/div><a class=\"w-gallery-item-link\" aria-label=\"Copyright_Laura G\u00e1lvez-Rhein (30)\" href=\"https:\/\/fundaciosetba.org\/wp-content\/uploads\/2024\/09\/Copyright_Laura-Galvez-Rhein-30-scaled.jpg\" title=\"Copyright_Laura G\u00e1lvez-Rhein (30)\"><\/a><\/div><div class=\"w-gallery-item\"><div class=\"w-gallery-item-img\"><img loading=\"lazy\" decoding=\"async\" width=\"300\" height=\"300\" src=\"https:\/\/fundaciosetba.org\/wp-content\/uploads\/2024\/09\/Copyright_Laura-Galvez-Rhein-21-300x300.jpg\" class=\"attachment-woocommerce_thumbnail size-woocommerce_thumbnail\" alt=\"\" srcset=\"https:\/\/fundaciosetba.org\/wp-content\/uploads\/2024\/09\/Copyright_Laura-Galvez-Rhein-21-300x300.jpg 300w, https:\/\/fundaciosetba.org\/wp-content\/uploads\/2024\/09\/Copyright_Laura-Galvez-Rhein-21-150x150.jpg 150w\" sizes=\"auto, (max-width: 300px) 100vw, 300px\" \/><\/div><a class=\"w-gallery-item-link\" aria-label=\"Copyright_Laura G\u00e1lvez-Rhein (21)\" href=\"https:\/\/fundaciosetba.org\/wp-content\/uploads\/2024\/09\/Copyright_Laura-Galvez-Rhein-21-scaled.jpg\" title=\"Copyright_Laura G\u00e1lvez-Rhein (21)\"><\/a><\/div><div class=\"w-gallery-item\"><div class=\"w-gallery-item-img\"><img loading=\"lazy\" decoding=\"async\" width=\"300\" height=\"300\" src=\"https:\/\/fundaciosetba.org\/wp-content\/uploads\/2024\/09\/Copyright_Laura-Galvez-Rhein-18-300x300.jpg\" class=\"attachment-woocommerce_thumbnail size-woocommerce_thumbnail\" alt=\"\" srcset=\"https:\/\/fundaciosetba.org\/wp-content\/uploads\/2024\/09\/Copyright_Laura-Galvez-Rhein-18-300x300.jpg 300w, https:\/\/fundaciosetba.org\/wp-content\/uploads\/2024\/09\/Copyright_Laura-Galvez-Rhein-18-150x150.jpg 150w\" sizes=\"auto, (max-width: 300px) 100vw, 300px\" \/><\/div><a class=\"w-gallery-item-link\" aria-label=\"Copyright_Laura G\u00e1lvez-Rhein (18)\" href=\"https:\/\/fundaciosetba.org\/wp-content\/uploads\/2024\/09\/Copyright_Laura-Galvez-Rhein-18-scaled.jpg\" title=\"Copyright_Laura G\u00e1lvez-Rhein (18)\"><\/a><\/div><div class=\"w-gallery-item\"><div class=\"w-gallery-item-img\"><img loading=\"lazy\" decoding=\"async\" width=\"300\" height=\"300\" src=\"https:\/\/fundaciosetba.org\/wp-content\/uploads\/2024\/09\/Copyright_Laura-Galvez-Rhein-15-300x300.jpg\" class=\"attachment-woocommerce_thumbnail size-woocommerce_thumbnail\" alt=\"\" srcset=\"https:\/\/fundaciosetba.org\/wp-content\/uploads\/2024\/09\/Copyright_Laura-Galvez-Rhein-15-300x300.jpg 300w, https:\/\/fundaciosetba.org\/wp-content\/uploads\/2024\/09\/Copyright_Laura-Galvez-Rhein-15-150x150.jpg 150w\" sizes=\"auto, (max-width: 300px) 100vw, 300px\" \/><\/div><a class=\"w-gallery-item-link\" aria-label=\"Copyright_Laura G\u00e1lvez-Rhein (15)\" href=\"https:\/\/fundaciosetba.org\/wp-content\/uploads\/2024\/09\/Copyright_Laura-Galvez-Rhein-15-scaled.jpg\" title=\"Copyright_Laura G\u00e1lvez-Rhein (15)\"><\/a><\/div><div class=\"w-gallery-item\"><div class=\"w-gallery-item-img\"><img loading=\"lazy\" decoding=\"async\" width=\"300\" height=\"300\" src=\"https:\/\/fundaciosetba.org\/wp-content\/uploads\/2024\/09\/Copyright_Laura-Galvez-Rhein-4-300x300.jpg\" class=\"attachment-woocommerce_thumbnail size-woocommerce_thumbnail\" alt=\"\" srcset=\"https:\/\/fundaciosetba.org\/wp-content\/uploads\/2024\/09\/Copyright_Laura-Galvez-Rhein-4-300x300.jpg 300w, https:\/\/fundaciosetba.org\/wp-content\/uploads\/2024\/09\/Copyright_Laura-Galvez-Rhein-4-150x150.jpg 150w\" sizes=\"auto, (max-width: 300px) 100vw, 300px\" \/><\/div><a class=\"w-gallery-item-link\" aria-label=\"Copyright_Laura G\u00e1lvez-Rhein (4)\" href=\"https:\/\/fundaciosetba.org\/wp-content\/uploads\/2024\/09\/Copyright_Laura-Galvez-Rhein-4-scaled.jpg\" title=\"Copyright_Laura G\u00e1lvez-Rhein (4)\"><\/a><\/div><\/div><\/div>\n<h5><strong>Las entidades participantes<\/strong><\/h5>\n<p>A continuaci\u00f3n, les presentamos las entidades que han participado en el proyecto Magistrals y que ahora esperan tu voto para elegir la obra ganadora de su barrio:<\/p>\n<ul>\n<li>Sant Mart\u00ed: <strong>Fundaci\u00f3n Aspace Catalunya<\/strong> , <strong>Fundaci\u00f3n Pere Mitjans<\/strong> y <strong>Centro Ocupacional Bogatell<\/strong> , que han realizado sus clases en el Centro C\u00edvico La Farinera del Clot: <a href=\"https:\/\/fundaciosetba.org\/wp-content\/uploads\/2024\/08\/obres-la-farinera-del-clot.pdf\">https:\/\/fundaciosetba.org\/wp-content\/uploads\/2024\/08\/obres-la -harinera-del-clot.pdf<\/a><\/li>\n<li>Horta-Guinard\u00f3: <strong>Estallido Grupo Social<\/strong> y <strong>Centro Ocupacional Taller San Camil de la Fundaci\u00f3n Santa Cruz<\/strong> , con clases de collage en el Centro C\u00edvico Guinard\u00f3: <a href=\"https:\/\/fundaciosetba.org\/wp-content\/uploads\/2024\/08\/obres-guinardo.pdf\">https:\/\/fundaciosetba.org\/wp-content\/uploads\/2024\/08\/obres-guinardo. pdf<\/a><\/li>\n<li>Nou Barris: <strong>TEB Barceloneta<\/strong> y <strong>TEB Verdum<\/strong> , que han creado sus obras en el Centro C\u00edvico Can Bast\u00e9: <a href=\"https:\/\/fundaciosetba.org\/wp-content\/uploads\/2024\/08\/obres-can-baste.pdf\">https:\/\/fundaciosetba.org\/wp-content\/uploads\/2024\/08\/obres-can-baste.pdf<\/a><\/li>\n<li>Sant Andreu: <strong>TEB Sant Andreu<\/strong> y el <strong>Centro Ocupacional Cordada de Osas<\/strong> , en el Centro C\u00edvico Bar\u00f3 de Viver: <a href=\"https:\/\/fundaciosetba.org\/wp-content\/uploads\/2024\/08\/obres-baro-de-viver.pdf\">https:\/\/fundaciosetba.org\/wp-content\/uploads\/2024\/08\/obres-baro-de-viver.pdf<\/a><\/li>\n<\/ul>\n<h4><strong>\u00bfC\u00f3mo puedes participar?<\/strong><\/h4>\n<p>\u00a1Es muy sencillo! <strong>Ve al Centro C\u00edvico, llena el boleto de votaci\u00f3n y elige la obra que m\u00e1s te guste<\/strong> . <img loading=\"lazy\" decoding=\"async\" class=\"aligncenter wp-image-37388 size-us_600_400\" src=\"https:\/\/fundaciosetba.org\/wp-content\/uploads\/2024\/09\/Guinardo-HORTA-GUINARDO-6-scaled-e1727103949280.jpg\" alt=\"\" width=\"369\" height=\"400\" srcset=\"https:\/\/fundaciosetba.org\/wp-content\/uploads\/2024\/09\/Guinardo-HORTA-GUINARDO-6-scaled-e1727103949280.jpg 1920w, https:\/\/fundaciosetba.org\/wp-content\/uploads\/2024\/09\/Guinardo-HORTA-GUINARDO-6-scaled-e1727103949280-277x300.jpg 277w, https:\/\/fundaciosetba.org\/wp-content\/uploads\/2024\/09\/Guinardo-HORTA-GUINARDO-6-scaled-e1727103949280-944x1024.jpg 944w, https:\/\/fundaciosetba.org\/wp-content\/uploads\/2024\/09\/Guinardo-HORTA-GUINARDO-6-scaled-e1727103949280-92x100.jpg 92w, https:\/\/fundaciosetba.org\/wp-content\/uploads\/2024\/09\/Guinardo-HORTA-GUINARDO-6-scaled-e1727103949280-369x400.jpg 369w, https:\/\/fundaciosetba.org\/wp-content\/uploads\/2024\/09\/Guinardo-HORTA-GUINARDO-6-scaled-e1727103949280-600x651.jpg 600w\" sizes=\"auto, (max-width: 369px) 100vw, 369px\" \/><\/p>\n<p>&nbsp;<\/p>\n<p>Fotograf\u00edas taller de Laura G\u00e1lvez-Rhein<\/p>\n","protected":false},"excerpt":{"rendered":"<p>Ahora es el turno de los vecinos y vecinas de Barcelona: le animamos a ir a los distritos de Sant Mart\u00ed, Horta-Guinard\u00f3, Nou Barris y Sant Andreu y vote la obra que m\u00e1s le guste para representar su barrio en una exposici\u00f3n en el 2025<\/p>\n","protected":false},"author":1,"featured_media":37381,"comment_status":"closed","ping_status":"closed","sticky":false,"template":"","format":"standard","meta":{"footnotes":""},"categories":[1352],"tags":[],"class_list":["post-37392","post","type-post","status-publish","format-standard","has-post-thumbnail","hentry","category-magistrales-es"],"_links":{"self":[{"href":"https:\/\/fundaciosetba.org\/es\/wp-json\/wp\/v2\/posts\/37392","targetHints":{"allow":["GET"]}}],"collection":[{"href":"https:\/\/fundaciosetba.org\/es\/wp-json\/wp\/v2\/posts"}],"about":[{"href":"https:\/\/fundaciosetba.org\/es\/wp-json\/wp\/v2\/types\/post"}],"author":[{"embeddable":true,"href":"https:\/\/fundaciosetba.org\/es\/wp-json\/wp\/v2\/users\/1"}],"replies":[{"embeddable":true,"href":"https:\/\/fundaciosetba.org\/es\/wp-json\/wp\/v2\/comments?post=37392"}],"version-history":[{"count":1,"href":"https:\/\/fundaciosetba.org\/es\/wp-json\/wp\/v2\/posts\/37392\/revisions"}],"predecessor-version":[{"id":37393,"href":"https:\/\/fundaciosetba.org\/es\/wp-json\/wp\/v2\/posts\/37392\/revisions\/37393"}],"wp:featuredmedia":[{"embeddable":true,"href":"https:\/\/fundaciosetba.org\/es\/wp-json\/wp\/v2\/media\/37381"}],"wp:attachment":[{"href":"https:\/\/fundaciosetba.org\/es\/wp-json\/wp\/v2\/media?parent=37392"}],"wp:term":[{"taxonomy":"category","embeddable":true,"href":"https:\/\/fundaciosetba.org\/es\/wp-json\/wp\/v2\/categories?post=37392"},{"taxonomy":"post_tag","embeddable":true,"href":"https:\/\/fundaciosetba.org\/es\/wp-json\/wp\/v2\/tags?post=37392"}],"curies":[{"name":"wp","href":"https:\/\/api.w.org\/{rel}","templated":true}]}}