{"id":37574,"date":"2024-10-08T11:49:40","date_gmt":"2024-10-08T10:49:40","guid":{"rendered":"https:\/\/fundaciosetba.org\/participamos-por-primera-vez-en-el-festival-kminart-con-la-instalacion-caminantes\/"},"modified":"2024-10-08T16:55:52","modified_gmt":"2024-10-08T15:55:52","slug":"participamos-por-primera-vez-en-el-festival-kminart-con-la-instalacion-caminantes","status":"publish","type":"post","link":"https:\/\/fundaciosetba.org\/es\/participamos-por-primera-vez-en-el-festival-kminart-con-la-instalacion-caminantes\/","title":{"rendered":"Participamos por primera vez en el Festival Kminart con la instalaci\u00f3n \u201cCaminants\u201d"},"content":{"rendered":"<p>Este a\u00f1o, la instalaci\u00f3n <em>Caminants<\/em> forma parte del Festival Kminart, un evento que combina arte y senderismo, convirtiendo los caminos rurales en galer\u00edas al aire libre. El Kminart, que se celebra hasta el 24 de noviembre, es un festival de <em>Land Art<\/em> que transforma el paisaje natural de Catalu\u00f1a en una experiencia art\u00edstica \u00fanica. En el marco de la Semana de la Salud Mental, la Fundaci\u00f3n Setba participa con la instalaci\u00f3n <em>Caminants<\/em> , una obra realizada dentro del proyecto <em>Natura es Cultura<\/em> dirigido por el artista Quim Moya con entidades de salud mental.<\/p>\n<p><strong>Ruta de Porqueres, en el Punto de Instalaci\u00f3n Art\u00edstica (PIA) n\u00famero 3: <a href=\"https:\/\/kminart.cat\/detall-ruta\/?ruta_id=4\">https:\/\/kminart.cat\/detall-ruta\/?ruta_id=4<\/a><\/strong><\/p>\n<h4><strong>Caminantes: una obra arraigada en el territorio<\/strong><\/h4>\n<p><em>Caminants<\/em> es una instalaci\u00f3n que nace de la colaboraci\u00f3n entre varios colectivos sociales y art\u00edsticos. Los troncos de pino carrasco que conforman la obra fueron recogidos en el bosque del camino de la trashumancia de Avi\u00f1\u00f3n (Bages) y trabajados por usuarios de la <strong>Fundaci\u00f3n Drissa<\/strong> , <strong>Fundaci\u00f3n Vidal y Barraquer<\/strong> , F <strong>undaci\u00f3 Horitz\u00f3 del Bergued\u00e0<\/strong> , <strong>CPB-Dr. F\u00e1bregas <\/strong> y la <strong>Fundaci\u00f3n Ampans<\/strong> , durante una semana de convivencia en la residencia de artistas Cal Gras. Durante este per\u00edodo, los participantes exploraron las t\u00e9cnicas del <em>Land Art<\/em> , integr\u00e1ndose en el paisaje y creando obras con los materiales naturales del entorno. <strong>La pieza, inaugurada el pasado a\u00f1o en el Festival Art &amp; Gavarres, segu\u00eda el hilo conductor de la sequ\u00eda,<\/strong> la tem\u00e1tica de la edici\u00f3n 2023. Los troncos, dispuestos en hilera, parec\u00edan avanzar hacia el lavadero, en una b\u00fasqueda simb\u00f3lica de la agua, fuente de vida. Algunas de estas piezas est\u00e1n parcialmente enterradas, sugiriendo tanto movimiento como arraigo, en una met\u00e1fora del v\u00ednculo entre la naturaleza y el ser humano.<\/p>\n<h4><strong>Kminart: arte, naturaleza y comunidad<\/strong><\/h4>\n<p>El Kminart 2024 cuenta con 52 artistas que intervienen en m\u00e1s de 40 kil\u00f3metros de senderos rurales del Ripoll\u00e8s y el Pla de l&#8217;Estany, creando instalaciones ef\u00edmeras inspiradas en el entorno. El festival, en su segunda edici\u00f3n, ofrece rutas circulares que unen arte y senderismo, impulsando la dinamizaci\u00f3n cultural y econ\u00f3mica de las poblaciones rurales. Este evento representa una oportunidad \u00fanica para la Fundaci\u00f3n Setba, que encuentra en el <em>Land Art<\/em> un nuevo formato para expandir su misi\u00f3n de utilizar el arte como herramienta de transformaci\u00f3n social y bienestar, acerc\u00e1ndolo a todo el territorio catal\u00e1n. Con <em>Caminants<\/em> , la Fundaci\u00f3n aporta una visi\u00f3n art\u00edstica comprometida con el entorno natural y las necesidades humanas, subrayando la importancia de la preservaci\u00f3n de los recursos y el respeto por el territorio.<\/p>\n<div class=\"w-gallery fit_cover wp_gallery type_grid action_popup_image ratio_1x1 count_4\" style=\"--columns:2;--items-gap:8px;\"><div class=\"w-gallery-list\"><div class=\"w-gallery-item\"><div class=\"w-gallery-item-img\"><img loading=\"lazy\" decoding=\"async\" width=\"300\" height=\"300\" src=\"https:\/\/fundaciosetba.org\/wp-content\/uploads\/2024\/10\/IMG_0115-300x300.jpeg\" class=\"attachment-woocommerce_thumbnail size-woocommerce_thumbnail\" alt=\"\" srcset=\"https:\/\/fundaciosetba.org\/wp-content\/uploads\/2024\/10\/IMG_0115-300x300.jpeg 300w, https:\/\/fundaciosetba.org\/wp-content\/uploads\/2024\/10\/IMG_0115-150x150.jpeg 150w\" sizes=\"auto, (max-width: 300px) 100vw, 300px\" \/><\/div><a class=\"w-gallery-item-link\" aria-label=\"IMG_0115\" href=\"https:\/\/fundaciosetba.org\/wp-content\/uploads\/2024\/10\/IMG_0115.jpeg\" title=\"IMG_0115\"><\/a><\/div><div class=\"w-gallery-item\"><div class=\"w-gallery-item-img\"><img loading=\"lazy\" decoding=\"async\" width=\"300\" height=\"300\" src=\"https:\/\/fundaciosetba.org\/wp-content\/uploads\/2024\/10\/IMG_0120-300x300.jpeg\" class=\"attachment-woocommerce_thumbnail size-woocommerce_thumbnail\" alt=\"\" srcset=\"https:\/\/fundaciosetba.org\/wp-content\/uploads\/2024\/10\/IMG_0120-300x300.jpeg 300w, https:\/\/fundaciosetba.org\/wp-content\/uploads\/2024\/10\/IMG_0120-150x150.jpeg 150w\" sizes=\"auto, (max-width: 300px) 100vw, 300px\" \/><\/div><a class=\"w-gallery-item-link\" aria-label=\"IMG_0120\" href=\"https:\/\/fundaciosetba.org\/wp-content\/uploads\/2024\/10\/IMG_0120.jpeg\" title=\"IMG_0120\"><\/a><\/div><div class=\"w-gallery-item\"><div class=\"w-gallery-item-img\"><img loading=\"lazy\" decoding=\"async\" width=\"300\" height=\"300\" src=\"https:\/\/fundaciosetba.org\/wp-content\/uploads\/2024\/10\/IMG_0117-300x300.jpeg\" class=\"attachment-woocommerce_thumbnail size-woocommerce_thumbnail\" alt=\"\" srcset=\"https:\/\/fundaciosetba.org\/wp-content\/uploads\/2024\/10\/IMG_0117-300x300.jpeg 300w, https:\/\/fundaciosetba.org\/wp-content\/uploads\/2024\/10\/IMG_0117-150x150.jpeg 150w\" sizes=\"auto, (max-width: 300px) 100vw, 300px\" \/><\/div><a class=\"w-gallery-item-link\" aria-label=\"IMG_0117\" href=\"https:\/\/fundaciosetba.org\/wp-content\/uploads\/2024\/10\/IMG_0117.jpeg\" title=\"IMG_0117\"><\/a><\/div><div class=\"w-gallery-item\"><div class=\"w-gallery-item-img\"><img loading=\"lazy\" decoding=\"async\" width=\"300\" height=\"300\" src=\"https:\/\/fundaciosetba.org\/wp-content\/uploads\/2024\/10\/IMG_0113-300x300.jpeg\" class=\"attachment-woocommerce_thumbnail size-woocommerce_thumbnail\" alt=\"\" srcset=\"https:\/\/fundaciosetba.org\/wp-content\/uploads\/2024\/10\/IMG_0113-300x300.jpeg 300w, https:\/\/fundaciosetba.org\/wp-content\/uploads\/2024\/10\/IMG_0113-150x150.jpeg 150w\" sizes=\"auto, (max-width: 300px) 100vw, 300px\" \/><\/div><a class=\"w-gallery-item-link\" aria-label=\"IMG_0113\" href=\"https:\/\/fundaciosetba.org\/wp-content\/uploads\/2024\/10\/IMG_0113.jpeg\" title=\"IMG_0113\"><\/a><\/div><\/div><\/div>\n<p>&nbsp;<\/p>\n","protected":false},"excerpt":{"rendered":"<p>Este a\u00f1o, la instalaci\u00f3n Caminants forma parte del Festival Kminart, un evento que combina arte y senderismo, convirtiendo los caminos rurales en galer\u00edas al aire libre. El Kminart, que se celebra hasta el 24 de noviembre, es un festival de Land Art que transforma el paisaje natural de Catalu\u00f1a en una experiencia art\u00edstica \u00fanica. <\/p>\n","protected":false},"author":1,"featured_media":37557,"comment_status":"closed","ping_status":"closed","sticky":false,"template":"","format":"standard","meta":{"footnotes":""},"categories":[1355],"tags":[],"class_list":["post-37574","post","type-post","status-publish","format-standard","has-post-thumbnail","hentry","category-naturaleza-es-cultura"],"_links":{"self":[{"href":"https:\/\/fundaciosetba.org\/es\/wp-json\/wp\/v2\/posts\/37574","targetHints":{"allow":["GET"]}}],"collection":[{"href":"https:\/\/fundaciosetba.org\/es\/wp-json\/wp\/v2\/posts"}],"about":[{"href":"https:\/\/fundaciosetba.org\/es\/wp-json\/wp\/v2\/types\/post"}],"author":[{"embeddable":true,"href":"https:\/\/fundaciosetba.org\/es\/wp-json\/wp\/v2\/users\/1"}],"replies":[{"embeddable":true,"href":"https:\/\/fundaciosetba.org\/es\/wp-json\/wp\/v2\/comments?post=37574"}],"version-history":[{"count":1,"href":"https:\/\/fundaciosetba.org\/es\/wp-json\/wp\/v2\/posts\/37574\/revisions"}],"predecessor-version":[{"id":37575,"href":"https:\/\/fundaciosetba.org\/es\/wp-json\/wp\/v2\/posts\/37574\/revisions\/37575"}],"wp:featuredmedia":[{"embeddable":true,"href":"https:\/\/fundaciosetba.org\/es\/wp-json\/wp\/v2\/media\/37557"}],"wp:attachment":[{"href":"https:\/\/fundaciosetba.org\/es\/wp-json\/wp\/v2\/media?parent=37574"}],"wp:term":[{"taxonomy":"category","embeddable":true,"href":"https:\/\/fundaciosetba.org\/es\/wp-json\/wp\/v2\/categories?post=37574"},{"taxonomy":"post_tag","embeddable":true,"href":"https:\/\/fundaciosetba.org\/es\/wp-json\/wp\/v2\/tags?post=37574"}],"curies":[{"name":"wp","href":"https:\/\/api.w.org\/{rel}","templated":true}]}}