{"id":37603,"date":"2024-10-10T14:32:31","date_gmt":"2024-10-10T13:32:31","guid":{"rendered":"https:\/\/fundaciosetba.org\/divulgacion-por-romper-con-los-estigmas-de-la-salud-mental-a-traves-del-arte\/"},"modified":"2024-10-10T15:42:16","modified_gmt":"2024-10-10T14:42:16","slug":"divulgacion-por-romper-con-los-estigmas-de-la-salud-mental-a-traves-del-arte","status":"publish","type":"post","link":"https:\/\/fundaciosetba.org\/es\/divulgacion-por-romper-con-los-estigmas-de-la-salud-mental-a-traves-del-arte\/","title":{"rendered":"Divulgaci\u00f3n por romper con los estigmas de la salud mental a trav\u00e9s del arte"},"content":{"rendered":"<p><strong>Hoy, en el D\u00eda Mundial de la Salud Mental, la Fundaci\u00f3n Setba pone de relieve el papel transformador del arte en el bienestar emocional<\/strong> , especialmente para personas que conviven con trastornos mentales. Mediante el proyecto <em>Natura es Cultura<\/em> , la Fundaci\u00f3n ha trabajado para acercar el arte a este colectivo, ofreci\u00e9ndoles una v\u00eda de expresi\u00f3n y conexi\u00f3n con la naturaleza y la comunidad. <strong>Este octubre, arranca un proyecto de correspondencia art\u00edstica con adolescentes<\/strong> , en el que miembros de las entidades <strong>Arapdis<\/strong> y la <strong>Fundaci\u00f3n Vidal y Barraquer<\/strong> , junto con estudiantes de cuarto de ESO del <strong>Instituto Manresa Seis,<\/strong> intercambiar\u00e1n cartas y rebanadas de madera pintadas. Este proyecto, basado en la <strong>lectura de <em>Se me congelan los dientes<\/em> de Carla Bud\u00f3 y Pau Gil,<\/strong> crea un di\u00e1logo profundo entre imagen y palabra, rompiendo el estigma que rodea la salud mental y ofreciendo a los j\u00f3venes una mayor comprensi\u00f3n de \u00e9stos realidades. *Fotograf\u00edas de la estancia en Cal Gras de las entidades participantes en el Natura es Cultura (abril 2024).<\/p>\n<p><b>\u00a9Laura G\u00e1lvez-Rhein:<\/b><\/p>\n<div class=\"w-gallery fit_cover wp_gallery type_grid action_popup_image ratio_1x1 count_6\" style=\"--columns:3;--items-gap:8px;\"><div class=\"w-gallery-list\"><div class=\"w-gallery-item\"><div class=\"w-gallery-item-img\"><img loading=\"lazy\" decoding=\"async\" width=\"300\" height=\"300\" src=\"https:\/\/fundaciosetba.org\/wp-content\/uploads\/2024\/10\/2024-04_Natura-es-cultura_SETBA_006-300x300.jpg\" class=\"attachment-woocommerce_thumbnail size-woocommerce_thumbnail\" alt=\"\" srcset=\"https:\/\/fundaciosetba.org\/wp-content\/uploads\/2024\/10\/2024-04_Natura-es-cultura_SETBA_006-300x300.jpg 300w, https:\/\/fundaciosetba.org\/wp-content\/uploads\/2024\/10\/2024-04_Natura-es-cultura_SETBA_006-150x150.jpg 150w\" sizes=\"auto, (max-width: 300px) 100vw, 300px\" \/><\/div><a class=\"w-gallery-item-link\" aria-label=\"2024-04_Natura \u00e9s cultura_SETBA_006\" href=\"https:\/\/fundaciosetba.org\/wp-content\/uploads\/2024\/10\/2024-04_Natura-es-cultura_SETBA_006-scaled.jpg\" title=\"2024-04_Natura \u00e9s cultura_SETBA_006\"><\/a><\/div><div class=\"w-gallery-item\"><div class=\"w-gallery-item-img\"><img loading=\"lazy\" decoding=\"async\" width=\"300\" height=\"300\" src=\"https:\/\/fundaciosetba.org\/wp-content\/uploads\/2024\/10\/2024-04_Natura-es-cultura_SETBA_029-300x300.jpg\" class=\"attachment-woocommerce_thumbnail size-woocommerce_thumbnail\" alt=\"\" srcset=\"https:\/\/fundaciosetba.org\/wp-content\/uploads\/2024\/10\/2024-04_Natura-es-cultura_SETBA_029-300x300.jpg 300w, https:\/\/fundaciosetba.org\/wp-content\/uploads\/2024\/10\/2024-04_Natura-es-cultura_SETBA_029-150x150.jpg 150w\" sizes=\"auto, (max-width: 300px) 100vw, 300px\" \/><\/div><a class=\"w-gallery-item-link\" aria-label=\"2024-04_Natura \u00e9s cultura_SETBA_029\" href=\"https:\/\/fundaciosetba.org\/wp-content\/uploads\/2024\/10\/2024-04_Natura-es-cultura_SETBA_029-scaled.jpg\" title=\"2024-04_Natura \u00e9s cultura_SETBA_029\"><\/a><\/div><div class=\"w-gallery-item\"><div class=\"w-gallery-item-img\"><img loading=\"lazy\" decoding=\"async\" width=\"300\" height=\"300\" src=\"https:\/\/fundaciosetba.org\/wp-content\/uploads\/2024\/10\/2024-04_Natura-es-cultura_SETBA_033-300x300.jpg\" class=\"attachment-woocommerce_thumbnail size-woocommerce_thumbnail\" alt=\"\" srcset=\"https:\/\/fundaciosetba.org\/wp-content\/uploads\/2024\/10\/2024-04_Natura-es-cultura_SETBA_033-300x300.jpg 300w, https:\/\/fundaciosetba.org\/wp-content\/uploads\/2024\/10\/2024-04_Natura-es-cultura_SETBA_033-150x150.jpg 150w\" sizes=\"auto, (max-width: 300px) 100vw, 300px\" \/><\/div><a class=\"w-gallery-item-link\" aria-label=\"2024-04_Natura \u00e9s cultura_SETBA_033\" href=\"https:\/\/fundaciosetba.org\/wp-content\/uploads\/2024\/10\/2024-04_Natura-es-cultura_SETBA_033-scaled.jpg\" title=\"2024-04_Natura \u00e9s cultura_SETBA_033\"><\/a><\/div><div class=\"w-gallery-item\"><div class=\"w-gallery-item-img\"><img loading=\"lazy\" decoding=\"async\" width=\"300\" height=\"300\" src=\"https:\/\/fundaciosetba.org\/wp-content\/uploads\/2024\/10\/2024-04_Natura-es-cultura_SETBA_034-300x300.jpg\" class=\"attachment-woocommerce_thumbnail size-woocommerce_thumbnail\" alt=\"\" srcset=\"https:\/\/fundaciosetba.org\/wp-content\/uploads\/2024\/10\/2024-04_Natura-es-cultura_SETBA_034-300x300.jpg 300w, https:\/\/fundaciosetba.org\/wp-content\/uploads\/2024\/10\/2024-04_Natura-es-cultura_SETBA_034-150x150.jpg 150w\" sizes=\"auto, (max-width: 300px) 100vw, 300px\" \/><\/div><a class=\"w-gallery-item-link\" aria-label=\"2024-04_Natura \u00e9s cultura_SETBA_034\" href=\"https:\/\/fundaciosetba.org\/wp-content\/uploads\/2024\/10\/2024-04_Natura-es-cultura_SETBA_034-scaled.jpg\" title=\"2024-04_Natura \u00e9s cultura_SETBA_034\"><\/a><\/div><div class=\"w-gallery-item\"><div class=\"w-gallery-item-img\"><img loading=\"lazy\" decoding=\"async\" width=\"300\" height=\"300\" src=\"https:\/\/fundaciosetba.org\/wp-content\/uploads\/2024\/10\/2024-04_Natura-es-cultura_SETBA_111-300x300.jpg\" class=\"attachment-woocommerce_thumbnail size-woocommerce_thumbnail\" alt=\"\" srcset=\"https:\/\/fundaciosetba.org\/wp-content\/uploads\/2024\/10\/2024-04_Natura-es-cultura_SETBA_111-300x300.jpg 300w, https:\/\/fundaciosetba.org\/wp-content\/uploads\/2024\/10\/2024-04_Natura-es-cultura_SETBA_111-150x150.jpg 150w\" sizes=\"auto, (max-width: 300px) 100vw, 300px\" \/><\/div><a class=\"w-gallery-item-link\" aria-label=\"2024-04_Natura \u00e9s cultura_SETBA_111\" href=\"https:\/\/fundaciosetba.org\/wp-content\/uploads\/2024\/10\/2024-04_Natura-es-cultura_SETBA_111-scaled.jpg\" title=\"2024-04_Natura \u00e9s cultura_SETBA_111\"><\/a><\/div><div class=\"w-gallery-item\"><div class=\"w-gallery-item-img\"><img loading=\"lazy\" decoding=\"async\" width=\"300\" height=\"300\" src=\"https:\/\/fundaciosetba.org\/wp-content\/uploads\/2024\/10\/2024-04_Natura-es-cultura_SETBA_116-300x300.jpg\" class=\"attachment-woocommerce_thumbnail size-woocommerce_thumbnail\" alt=\"\" srcset=\"https:\/\/fundaciosetba.org\/wp-content\/uploads\/2024\/10\/2024-04_Natura-es-cultura_SETBA_116-300x300.jpg 300w, https:\/\/fundaciosetba.org\/wp-content\/uploads\/2024\/10\/2024-04_Natura-es-cultura_SETBA_116-150x150.jpg 150w\" sizes=\"auto, (max-width: 300px) 100vw, 300px\" \/><\/div><a class=\"w-gallery-item-link\" aria-label=\"2024-04_Natura \u00e9s cultura_SETBA_116\" href=\"https:\/\/fundaciosetba.org\/wp-content\/uploads\/2024\/10\/2024-04_Natura-es-cultura_SETBA_116-scaled.jpg\" title=\"2024-04_Natura \u00e9s cultura_SETBA_116\"><\/a><\/div><\/div><\/div>\n<p>Dentro del proyecto <em><strong>Natura es Cultura<\/strong><\/em> , la <a href=\"https:\/\/fundaciosetba.org\/participem-per-primera-vegada-al-festival-kminart-amb-la-installacio-caminants\/\">Fundaci\u00f3n Setba participa por primera vez en el <strong>Festival Kminart con la instalaci\u00f3n <em>Caminants<\/em><\/strong><\/a> <em>.<\/em> Esta obra, <strong>dirigida por el artista Quim Moya<\/strong> y creada por un colectivo de salud mental, convierte el camino rural en una galer\u00eda de arte al aire libre, integrando el arte en el paisaje natural. El festival, que fusiona arte y senderismo, se celebra <strong>hasta el 24 de noviembre.<\/strong> Junto a Caminants, <a href=\"https:\/\/fundaciosetba.org\/la-peca-equilibri-presentada-a-lart-gavarres-parla-de-salut-mental\/\">la instalaci\u00f3n <strong><em>Equilibri<\/em> se presenta en el Festival Internacional de Land Art Art &amp; Gavarres 2024<\/strong><\/a> . Esta obra, que se puede visitar en Can Villalonga de Cass\u00e0 de la Selva <strong>hasta el 3 de noviembre<\/strong> , explora la lucha por encontrar serenidad en la vida cotidiana a trav\u00e9s de la met\u00e1fora de un m\u00f3vil, que representa el equilibrio emocional frente a los trastornos mentales. Ambas instalaciones han sido creadas por el mismo colectivo, dentro del proyecto <em>Natura es Cultura<\/em> . Estas acciones reafirman el compromiso de la Fundaci\u00f3 Setba con el uso del arte como herramienta de transformaci\u00f3n social, ofreciendo espacios de reflexi\u00f3n y conexi\u00f3n para romper el estigma asociado a la salud mental.<\/p>\n","protected":false},"excerpt":{"rendered":"<p>Hoy, en el D\u00eda Mundial de la Salud Mental, la Fundaci\u00f3n Setba pone de relieve el papel transformador del arte en el bienestar emocional, especialmente para personas que conviven con trastornos mentales.<\/p>\n","protected":false},"author":1,"featured_media":37581,"comment_status":"closed","ping_status":"closed","sticky":false,"template":"","format":"standard","meta":{"footnotes":""},"categories":[1355],"tags":[],"class_list":["post-37603","post","type-post","status-publish","format-standard","has-post-thumbnail","hentry","category-naturaleza-es-cultura"],"_links":{"self":[{"href":"https:\/\/fundaciosetba.org\/es\/wp-json\/wp\/v2\/posts\/37603","targetHints":{"allow":["GET"]}}],"collection":[{"href":"https:\/\/fundaciosetba.org\/es\/wp-json\/wp\/v2\/posts"}],"about":[{"href":"https:\/\/fundaciosetba.org\/es\/wp-json\/wp\/v2\/types\/post"}],"author":[{"embeddable":true,"href":"https:\/\/fundaciosetba.org\/es\/wp-json\/wp\/v2\/users\/1"}],"replies":[{"embeddable":true,"href":"https:\/\/fundaciosetba.org\/es\/wp-json\/wp\/v2\/comments?post=37603"}],"version-history":[{"count":1,"href":"https:\/\/fundaciosetba.org\/es\/wp-json\/wp\/v2\/posts\/37603\/revisions"}],"predecessor-version":[{"id":37604,"href":"https:\/\/fundaciosetba.org\/es\/wp-json\/wp\/v2\/posts\/37603\/revisions\/37604"}],"wp:featuredmedia":[{"embeddable":true,"href":"https:\/\/fundaciosetba.org\/es\/wp-json\/wp\/v2\/media\/37581"}],"wp:attachment":[{"href":"https:\/\/fundaciosetba.org\/es\/wp-json\/wp\/v2\/media?parent=37603"}],"wp:term":[{"taxonomy":"category","embeddable":true,"href":"https:\/\/fundaciosetba.org\/es\/wp-json\/wp\/v2\/categories?post=37603"},{"taxonomy":"post_tag","embeddable":true,"href":"https:\/\/fundaciosetba.org\/es\/wp-json\/wp\/v2\/tags?post=37603"}],"curies":[{"name":"wp","href":"https:\/\/api.w.org\/{rel}","templated":true}]}}