{"id":38227,"date":"2024-10-23T12:33:54","date_gmt":"2024-10-23T11:33:54","guid":{"rendered":"https:\/\/fundaciosetba.org\/visitas-comentadas-de-la-exposicion-dones-invisibles-en-lleida\/"},"modified":"2024-10-25T10:57:45","modified_gmt":"2024-10-25T09:57:45","slug":"visitas-comentadas-de-la-exposicion-dones-invisibles-en-lleida","status":"publish","type":"post","link":"https:\/\/fundaciosetba.org\/es\/visitas-comentadas-de-la-exposicion-dones-invisibles-en-lleida\/","title":{"rendered":"Visitas comentadas de la exposici\u00f3n &#8216;Dones Invisibles&#8217; en Lleida"},"content":{"rendered":"<p>El 23 de octubre se inician las visitas comentadas gratuitas sobre la exposici\u00f3n Dones Invisibles en la Sala de Exposiciones del Ayuntamiento de Lleida, una muestra que da voz a un colectivo de mujeres que a menudo son ignoradas por la sociedad : las internas de centros penitenciarios de Catalu\u00f1a. <strong>Las visitas comentadas, a cargo de Neus Blanco<\/strong> <span>&#8211;<\/span> asistente de fotograf\u00eda del proyecto en el Centro Penitenciario Ponent <span>-,<\/span> <strong>se realizar\u00e1n cada mi\u00e9rcoles a las 18 h, hasta el 18 de diciembre, con acceso libre y sin necesidad de inscripci\u00f3n previa<\/strong> . Adem\u00e1s, habr\u00e1 visitas guiadas concertadas para grupos y estudiantes, cada mi\u00e9rcoles y viernes durante la ma\u00f1ana, y los mi\u00e9rcoles a las 19 h. Para reservar estas visitas, puede contactar con la Concejal\u00eda de Cultura del Ayuntamiento de Lleida a trav\u00e9s del correo cultura@paeria.cat o al tel\u00e9fono 973 700 393. La exposici\u00f3n <em>Dones Invisibles<\/em> es fruto de los talleres de fotograf\u00eda dirigidos por la Fundaci\u00f3n Setba, con la colaboraci\u00f3n de fot\u00f3grafas reconocidas como Marta F\u00e0bregas, Laia Abril, Sandra Balsells y Laura G\u00e1lvez-Rhein. Este proyecto art\u00edstico no s\u00f3lo ofrece una v\u00eda de expresi\u00f3n para estas mujeres, sino que tambi\u00e9n pretende empoderarlas y sensibilizar al p\u00fablico sobre las tres condenas que afrontan: la personal, la social y la penitenciaria. En concreto, la exposici\u00f3n en Lleida destaca los trabajos recientes de las internas del Centro Penitenciario de Ponent. A trav\u00e9s de las fotograf\u00edas, las internas han podido explorar tanto el papel de fot\u00f3grafas como modelos, mostrando sus propias historias. La artista Marta F\u00e0bregas ha complementado este trabajo con un conjunto de retratos realizados en las internas, enriquecidos por la colaboraci\u00f3n de un equipo de profesionales de maquillaje y estilismo. No se pierdan la oportunidad de descubrir una exposici\u00f3n que pone el foco en la invisibilidad de estas mujeres y que, al mismo tiempo, crea un v\u00ednculo con el mundo exterior mediante el arte y la fotograf\u00eda. Las visitas comentadas ser\u00e1n un espacio ideal para entender mejor la profundidad de este proyecto transformador.<\/p>\n<h4><strong>Horario de visitas:<\/strong><\/h4>\n<p>De martes a viernes: 17 ha 20 h S\u00e1bados: 11 ha 14 hy 17 ha 20 h Domingos y festivos: 11 ha 14 h Lunes, cerrado<\/p>\n<h4><strong>Visitas comentadas gratuitas:<\/strong><\/h4>\n<p>Del 23 de octubre al 18 de diciembre Todos los mi\u00e9rcoles a las 18 h (entrada libre, sin reserva previa)<\/p>\n<h4><strong>Visitas guiadas concertadas para grupos:<\/strong><\/h4>\n<p>Del 23 de octubre al 20 de diciembre Mi\u00e9rcoles y viernes por la ma\u00f1ana, y mi\u00e9rcoles a las 19 h (con reserva previa) Para m\u00e1s informaci\u00f3n o reservas: Concejal\u00eda de Cultura del Ayuntamiento de Lleida Tel\u00e9fono: 973 700 393 Correo electr\u00f3nico: cultura@paeria.cat<\/p>\n<div class=\"w-gallery fit_cover wp_gallery type_grid action_popup_image ratio_1x1 count_8\" style=\"--columns:4;--items-gap:8px;\"><div class=\"w-gallery-list\"><div class=\"w-gallery-item\"><div class=\"w-gallery-item-img\"><img loading=\"lazy\" decoding=\"async\" width=\"300\" height=\"300\" src=\"https:\/\/fundaciosetba.org\/wp-content\/uploads\/2024\/10\/Dones-_invisibles_sep24_Lleida_005-300x300.jpg\" class=\"attachment-woocommerce_thumbnail size-woocommerce_thumbnail\" alt=\"\" srcset=\"https:\/\/fundaciosetba.org\/wp-content\/uploads\/2024\/10\/Dones-_invisibles_sep24_Lleida_005-300x300.jpg 300w, https:\/\/fundaciosetba.org\/wp-content\/uploads\/2024\/10\/Dones-_invisibles_sep24_Lleida_005-150x150.jpg 150w\" sizes=\"auto, (max-width: 300px) 100vw, 300px\" \/><\/div><a class=\"w-gallery-item-link\" aria-label=\"Dones _invisibles_sep24_Lleida_005\" href=\"https:\/\/fundaciosetba.org\/wp-content\/uploads\/2024\/10\/Dones-_invisibles_sep24_Lleida_005-scaled.jpg\" title=\"Dones _invisibles_sep24_Lleida_005\"><\/a><\/div><div class=\"w-gallery-item\"><div class=\"w-gallery-item-img\"><img loading=\"lazy\" decoding=\"async\" width=\"300\" height=\"300\" src=\"https:\/\/fundaciosetba.org\/wp-content\/uploads\/2024\/10\/Dones-_invisibles_sep24_Lleida_013-300x300.jpg\" class=\"attachment-woocommerce_thumbnail size-woocommerce_thumbnail\" alt=\"\" srcset=\"https:\/\/fundaciosetba.org\/wp-content\/uploads\/2024\/10\/Dones-_invisibles_sep24_Lleida_013-300x300.jpg 300w, https:\/\/fundaciosetba.org\/wp-content\/uploads\/2024\/10\/Dones-_invisibles_sep24_Lleida_013-150x150.jpg 150w\" sizes=\"auto, (max-width: 300px) 100vw, 300px\" \/><\/div><a class=\"w-gallery-item-link\" aria-label=\"Dones _invisibles_sep24_Lleida_013\" href=\"https:\/\/fundaciosetba.org\/wp-content\/uploads\/2024\/10\/Dones-_invisibles_sep24_Lleida_013-scaled.jpg\" title=\"Dones _invisibles_sep24_Lleida_013\"><\/a><\/div><div class=\"w-gallery-item\"><div class=\"w-gallery-item-img\"><img loading=\"lazy\" decoding=\"async\" width=\"300\" height=\"300\" src=\"https:\/\/fundaciosetba.org\/wp-content\/uploads\/2024\/10\/Dones-_invisibles_sep24_Lleida_023-300x300.jpg\" class=\"attachment-woocommerce_thumbnail size-woocommerce_thumbnail\" alt=\"\" srcset=\"https:\/\/fundaciosetba.org\/wp-content\/uploads\/2024\/10\/Dones-_invisibles_sep24_Lleida_023-300x300.jpg 300w, https:\/\/fundaciosetba.org\/wp-content\/uploads\/2024\/10\/Dones-_invisibles_sep24_Lleida_023-150x150.jpg 150w\" sizes=\"auto, (max-width: 300px) 100vw, 300px\" \/><\/div><a class=\"w-gallery-item-link\" aria-label=\"Dones _invisibles_sep24_Lleida_023\" href=\"https:\/\/fundaciosetba.org\/wp-content\/uploads\/2024\/10\/Dones-_invisibles_sep24_Lleida_023-scaled.jpg\" title=\"Dones _invisibles_sep24_Lleida_023\"><\/a><\/div><div class=\"w-gallery-item\"><div class=\"w-gallery-item-img\"><img loading=\"lazy\" decoding=\"async\" width=\"300\" height=\"300\" src=\"https:\/\/fundaciosetba.org\/wp-content\/uploads\/2024\/10\/Dones-_invisibles_sep24_Lleida_030-300x300.jpg\" class=\"attachment-woocommerce_thumbnail size-woocommerce_thumbnail\" alt=\"\" srcset=\"https:\/\/fundaciosetba.org\/wp-content\/uploads\/2024\/10\/Dones-_invisibles_sep24_Lleida_030-300x300.jpg 300w, https:\/\/fundaciosetba.org\/wp-content\/uploads\/2024\/10\/Dones-_invisibles_sep24_Lleida_030-150x150.jpg 150w\" sizes=\"auto, (max-width: 300px) 100vw, 300px\" \/><\/div><a class=\"w-gallery-item-link\" aria-label=\"Dones _invisibles_sep24_Lleida_030\" href=\"https:\/\/fundaciosetba.org\/wp-content\/uploads\/2024\/10\/Dones-_invisibles_sep24_Lleida_030-scaled.jpg\" title=\"Dones _invisibles_sep24_Lleida_030\"><\/a><\/div><div class=\"w-gallery-item\"><div class=\"w-gallery-item-img\"><img loading=\"lazy\" decoding=\"async\" width=\"300\" height=\"300\" src=\"https:\/\/fundaciosetba.org\/wp-content\/uploads\/2024\/10\/Dones-_invisibles_sep24_Lleida_035-300x300.jpg\" class=\"attachment-woocommerce_thumbnail size-woocommerce_thumbnail\" alt=\"\" srcset=\"https:\/\/fundaciosetba.org\/wp-content\/uploads\/2024\/10\/Dones-_invisibles_sep24_Lleida_035-300x300.jpg 300w, https:\/\/fundaciosetba.org\/wp-content\/uploads\/2024\/10\/Dones-_invisibles_sep24_Lleida_035-150x150.jpg 150w\" sizes=\"auto, (max-width: 300px) 100vw, 300px\" \/><\/div><a class=\"w-gallery-item-link\" aria-label=\"Dones _invisibles_sep24_Lleida_035\" href=\"https:\/\/fundaciosetba.org\/wp-content\/uploads\/2024\/10\/Dones-_invisibles_sep24_Lleida_035-scaled.jpg\" title=\"Dones _invisibles_sep24_Lleida_035\"><\/a><\/div><div class=\"w-gallery-item\"><div class=\"w-gallery-item-img\"><img loading=\"lazy\" decoding=\"async\" width=\"300\" height=\"300\" src=\"https:\/\/fundaciosetba.org\/wp-content\/uploads\/2024\/10\/Dones-_invisibles_sep24_Lleida_047-300x300.jpg\" class=\"attachment-woocommerce_thumbnail size-woocommerce_thumbnail\" alt=\"\" srcset=\"https:\/\/fundaciosetba.org\/wp-content\/uploads\/2024\/10\/Dones-_invisibles_sep24_Lleida_047-300x300.jpg 300w, https:\/\/fundaciosetba.org\/wp-content\/uploads\/2024\/10\/Dones-_invisibles_sep24_Lleida_047-150x150.jpg 150w\" sizes=\"auto, (max-width: 300px) 100vw, 300px\" \/><\/div><a class=\"w-gallery-item-link\" aria-label=\"Dones _invisibles_sep24_Lleida_047\" href=\"https:\/\/fundaciosetba.org\/wp-content\/uploads\/2024\/10\/Dones-_invisibles_sep24_Lleida_047-scaled.jpg\" title=\"Dones _invisibles_sep24_Lleida_047\"><\/a><\/div><div class=\"w-gallery-item\"><div class=\"w-gallery-item-img\"><img loading=\"lazy\" decoding=\"async\" width=\"300\" height=\"300\" src=\"https:\/\/fundaciosetba.org\/wp-content\/uploads\/2024\/10\/Dones-_invisibles_sep24_Lleida_054-300x300.jpg\" class=\"attachment-woocommerce_thumbnail size-woocommerce_thumbnail\" alt=\"\" srcset=\"https:\/\/fundaciosetba.org\/wp-content\/uploads\/2024\/10\/Dones-_invisibles_sep24_Lleida_054-300x300.jpg 300w, https:\/\/fundaciosetba.org\/wp-content\/uploads\/2024\/10\/Dones-_invisibles_sep24_Lleida_054-150x150.jpg 150w\" sizes=\"auto, (max-width: 300px) 100vw, 300px\" \/><\/div><a class=\"w-gallery-item-link\" aria-label=\"Dones _invisibles_sep24_Lleida_054\" href=\"https:\/\/fundaciosetba.org\/wp-content\/uploads\/2024\/10\/Dones-_invisibles_sep24_Lleida_054-scaled.jpg\" title=\"Dones _invisibles_sep24_Lleida_054\"><\/a><\/div><div class=\"w-gallery-item\"><div class=\"w-gallery-item-img\"><img loading=\"lazy\" decoding=\"async\" width=\"300\" height=\"300\" src=\"https:\/\/fundaciosetba.org\/wp-content\/uploads\/2024\/10\/Dones-_invisibles_sep24_Lleida_062-300x300.jpg\" class=\"attachment-woocommerce_thumbnail size-woocommerce_thumbnail\" alt=\"\" srcset=\"https:\/\/fundaciosetba.org\/wp-content\/uploads\/2024\/10\/Dones-_invisibles_sep24_Lleida_062-300x300.jpg 300w, https:\/\/fundaciosetba.org\/wp-content\/uploads\/2024\/10\/Dones-_invisibles_sep24_Lleida_062-150x150.jpg 150w\" sizes=\"auto, (max-width: 300px) 100vw, 300px\" \/><\/div><a class=\"w-gallery-item-link\" aria-label=\"Dones _invisibles_sep24_Lleida_062\" href=\"https:\/\/fundaciosetba.org\/wp-content\/uploads\/2024\/10\/Dones-_invisibles_sep24_Lleida_062-scaled.jpg\" title=\"Dones _invisibles_sep24_Lleida_062\"><\/a><\/div><\/div><\/div>\n","protected":false},"excerpt":{"rendered":"<p>Las visitas comentadas se realizar\u00e1n todos los mi\u00e9rcoles a las 18 h, hasta el 18 de diciembre, con acceso libre y sin necesidad de inscripci\u00f3n previa<\/p>\n","protected":false},"author":1,"featured_media":38156,"comment_status":"closed","ping_status":"closed","sticky":false,"template":"","format":"standard","meta":{"footnotes":""},"categories":[1350],"tags":[],"class_list":["post-38227","post","type-post","status-publish","format-standard","has-post-thumbnail","hentry","category-traspasando-el-objetivo-es"],"_links":{"self":[{"href":"https:\/\/fundaciosetba.org\/es\/wp-json\/wp\/v2\/posts\/38227","targetHints":{"allow":["GET"]}}],"collection":[{"href":"https:\/\/fundaciosetba.org\/es\/wp-json\/wp\/v2\/posts"}],"about":[{"href":"https:\/\/fundaciosetba.org\/es\/wp-json\/wp\/v2\/types\/post"}],"author":[{"embeddable":true,"href":"https:\/\/fundaciosetba.org\/es\/wp-json\/wp\/v2\/users\/1"}],"replies":[{"embeddable":true,"href":"https:\/\/fundaciosetba.org\/es\/wp-json\/wp\/v2\/comments?post=38227"}],"version-history":[{"count":1,"href":"https:\/\/fundaciosetba.org\/es\/wp-json\/wp\/v2\/posts\/38227\/revisions"}],"predecessor-version":[{"id":38229,"href":"https:\/\/fundaciosetba.org\/es\/wp-json\/wp\/v2\/posts\/38227\/revisions\/38229"}],"wp:featuredmedia":[{"embeddable":true,"href":"https:\/\/fundaciosetba.org\/es\/wp-json\/wp\/v2\/media\/38156"}],"wp:attachment":[{"href":"https:\/\/fundaciosetba.org\/es\/wp-json\/wp\/v2\/media?parent=38227"}],"wp:term":[{"taxonomy":"category","embeddable":true,"href":"https:\/\/fundaciosetba.org\/es\/wp-json\/wp\/v2\/categories?post=38227"},{"taxonomy":"post_tag","embeddable":true,"href":"https:\/\/fundaciosetba.org\/es\/wp-json\/wp\/v2\/tags?post=38227"}],"curies":[{"name":"wp","href":"https:\/\/api.w.org\/{rel}","templated":true}]}}