{"id":38351,"date":"2024-11-05T11:26:39","date_gmt":"2024-11-05T10:26:39","guid":{"rendered":"https:\/\/fundaciosetba.org\/solo-quedan-3-obras-del-premio-setba-2024-a-la-venta\/"},"modified":"2024-11-05T13:34:45","modified_gmt":"2024-11-05T12:34:45","slug":"solo-quedan-3-obras-del-premio-setba-2024-a-la-venta","status":"publish","type":"post","link":"https:\/\/fundaciosetba.org\/es\/solo-quedan-3-obras-del-premio-setba-2024-a-la-venta\/","title":{"rendered":"\u00a1S\u00f3lo quedan 3 obras del Premio Setba 2024 a la venta!"},"content":{"rendered":"<p>La exposici\u00f3n del Premio Setba 2024 en la Pigment Gallery ha sido un \u00e9xito, con la venta de 9 de las 12 obras expuestas. Esta extraordinaria acogida subraya el valor del arte creado por personas con discapacidad en el panorama cultural. Para aquellos que todav\u00eda no han tenido la oportunidad de adquirir una de estas piezas \u00fanicas, <a href=\"https:\/\/fundaciosetba.org\/botiga\/\">quedan tres obras disponibles en nuestra p\u00e1gina web<\/a> . \u00c9sta es una ocasi\u00f3n irrepetible para llevar a casa una pieza \u00fanica del Premio Setba 2024. Desde su creaci\u00f3n, el Premio Setba se ha establecido como una plataforma esencial para el reconocimiento y la proyecci\u00f3n de los artistas con discapacidad. A trav\u00e9s de exposiciones en la Pigment Gallery, la participaci\u00f3n en ferias de arte como SAM, y colaboraciones con empresas como Artesta -plataforma de venta de l\u00e1minas- y la bodega Lacrima Baccus para la imagen de sus vinos, el Premio Setba promueve la visibilidad de las obras y el talento de estos artistas.<\/p>\n<div class=\"w-gallery fit_cover wp_gallery type_masonry action_popup_image with_isotope ratio_auto count_3\" style=\"--columns:3;--items-gap:8px;\"><div class=\"w-gallery-list\"><div class=\"w-gallery-item\"><div class=\"w-gallery-item-img\"><img loading=\"lazy\" decoding=\"async\" width=\"300\" height=\"300\" src=\"https:\/\/fundaciosetba.org\/wp-content\/uploads\/2024\/10\/aranya-negra-300x300.png\" class=\"attachment-woocommerce_thumbnail size-woocommerce_thumbnail\" alt=\"\" srcset=\"https:\/\/fundaciosetba.org\/wp-content\/uploads\/2024\/10\/aranya-negra-300x300.png 300w, https:\/\/fundaciosetba.org\/wp-content\/uploads\/2024\/10\/aranya-negra-1024x1024.png 1024w, https:\/\/fundaciosetba.org\/wp-content\/uploads\/2024\/10\/aranya-negra-150x150.png 150w, https:\/\/fundaciosetba.org\/wp-content\/uploads\/2024\/10\/aranya-negra-100x100.png 100w, https:\/\/fundaciosetba.org\/wp-content\/uploads\/2024\/10\/aranya-negra-400x400.png 400w, https:\/\/fundaciosetba.org\/wp-content\/uploads\/2024\/10\/aranya-negra-600x600.png 600w, https:\/\/fundaciosetba.org\/wp-content\/uploads\/2024\/10\/aranya-negra.png 2000w\" sizes=\"auto, (max-width: 300px) 100vw, 300px\" \/><\/div><div class=\"w-gallery-item-meta\"><div class=\"w-gallery-item-title\">\u201cLa tela d\u2019aranya\u201d d\u2019Alba Montiel<\/div><\/div><a class=\"w-gallery-item-link\" aria-label=\"\u201cLa tela d\u2019aranya\u201d d\u2019Alba Montiel\" href=\"https:\/\/fundaciosetba.org\/wp-content\/uploads\/2024\/10\/aranya-negra.png\" title=\"\u201cLa tela d\u2019aranya\u201d d\u2019Alba Montiel\"><\/a><\/div><div class=\"w-gallery-item\"><div class=\"w-gallery-item-img\"><img loading=\"lazy\" decoding=\"async\" width=\"300\" height=\"300\" src=\"https:\/\/fundaciosetba.org\/wp-content\/uploads\/2024\/10\/garatge-negre-300x300.png\" class=\"attachment-woocommerce_thumbnail size-woocommerce_thumbnail\" alt=\"\" srcset=\"https:\/\/fundaciosetba.org\/wp-content\/uploads\/2024\/10\/garatge-negre-300x300.png 300w, https:\/\/fundaciosetba.org\/wp-content\/uploads\/2024\/10\/garatge-negre-1024x1024.png 1024w, https:\/\/fundaciosetba.org\/wp-content\/uploads\/2024\/10\/garatge-negre-150x150.png 150w, https:\/\/fundaciosetba.org\/wp-content\/uploads\/2024\/10\/garatge-negre-100x100.png 100w, https:\/\/fundaciosetba.org\/wp-content\/uploads\/2024\/10\/garatge-negre-400x400.png 400w, https:\/\/fundaciosetba.org\/wp-content\/uploads\/2024\/10\/garatge-negre-600x600.png 600w, https:\/\/fundaciosetba.org\/wp-content\/uploads\/2024\/10\/garatge-negre.png 2000w\" sizes=\"auto, (max-width: 300px) 100vw, 300px\" \/><\/div><div class=\"w-gallery-item-meta\"><div class=\"w-gallery-item-title\">\u201cGaratge\u201d d\u2019Albert Aug\u00e9<\/div><\/div><a class=\"w-gallery-item-link\" aria-label=\"\u201cGaratge\u201d d\u2019Albert Aug\u00e9\" href=\"https:\/\/fundaciosetba.org\/wp-content\/uploads\/2024\/10\/garatge-negre.png\" title=\"\u201cGaratge\u201d d\u2019Albert Aug\u00e9\"><\/a><\/div><div class=\"w-gallery-item\"><div class=\"w-gallery-item-img\"><img loading=\"lazy\" decoding=\"async\" width=\"300\" height=\"300\" src=\"https:\/\/fundaciosetba.org\/wp-content\/uploads\/2024\/10\/xiuxiueig-300x300.png\" class=\"attachment-woocommerce_thumbnail size-woocommerce_thumbnail\" alt=\"\" srcset=\"https:\/\/fundaciosetba.org\/wp-content\/uploads\/2024\/10\/xiuxiueig-300x300.png 300w, https:\/\/fundaciosetba.org\/wp-content\/uploads\/2024\/10\/xiuxiueig-1024x1024.png 1024w, https:\/\/fundaciosetba.org\/wp-content\/uploads\/2024\/10\/xiuxiueig-150x150.png 150w, https:\/\/fundaciosetba.org\/wp-content\/uploads\/2024\/10\/xiuxiueig-100x100.png 100w, https:\/\/fundaciosetba.org\/wp-content\/uploads\/2024\/10\/xiuxiueig-400x400.png 400w, https:\/\/fundaciosetba.org\/wp-content\/uploads\/2024\/10\/xiuxiueig-600x600.png 600w, https:\/\/fundaciosetba.org\/wp-content\/uploads\/2024\/10\/xiuxiueig.png 2000w\" sizes=\"auto, (max-width: 300px) 100vw, 300px\" \/><\/div><div class=\"w-gallery-item-meta\"><div class=\"w-gallery-item-title\">\u201cXiuxiueig\u201d de Marc Vernedas<\/div><\/div><a class=\"w-gallery-item-link\" aria-label=\"\u201cXiuxiueig\u201d de Marc Vernedas\" href=\"https:\/\/fundaciosetba.org\/wp-content\/uploads\/2024\/10\/xiuxiueig.png\" title=\"\u201cXiuxiueig\u201d de Marc Vernedas\"><\/a><\/div><\/div><\/div>\n<h4 style=\"text-align: center;\"><strong><a href=\"https:\/\/fundaciosetba.org\/botiga\/\">Visita la tienda<\/a><\/strong><\/h4>\n<h4><strong>El nuevo compromiso de Pigment Gallery con el Premi Setba<\/strong><\/h4>\n<p>En palabras de Ferran Josa, director de la Pigment Gallery, \u201cDespu\u00e9s de tres ediciones colaborando con la Fundaci\u00f3n Setba albergando las obras seleccionadas en la exposici\u00f3n, considero que debemos dar un paso m\u00e1s. Hemos tenido la suerte de contemplar de cerca el resultado de este premio, conociendo a los artistas y sus familias y aprendiendo mucho. Desde Pigment queremos proponer un nuevo premio de adquisici\u00f3n de una obra que nos comprometa a\u00fan m\u00e1s con la labor de la Fundaci\u00f3n. As\u00ed, de cara a 2025, tendremos tanto la exposici\u00f3n como el premio Pigmento de adquisici\u00f3n de una de las obras.\u201d Esta nueva iniciativa representa un paso importante en la consolidaci\u00f3n de la colaboraci\u00f3n entre una de las galer\u00edas del Gremio de Galer\u00edas de Arte de Catalu\u00f1a y el Premi Setba, con el prop\u00f3sito de ampliar el apoyo a los artistas participantes y ofrecerles m\u00e1s oportunidades para dar visibilidad a su trabajo.<\/p>\n<p><img loading=\"lazy\" decoding=\"async\" class=\"aligncenter size-us_600_400 wp-image-37644\" src=\"https:\/\/fundaciosetba.org\/wp-content\/uploads\/2024\/10\/Imatge-destacada-web-24-39-1-533x400.png\" alt=\"\" width=\"533\" height=\"400\" srcset=\"https:\/\/fundaciosetba.org\/wp-content\/uploads\/2024\/10\/Imatge-destacada-web-24-39-1-533x400.png 533w, https:\/\/fundaciosetba.org\/wp-content\/uploads\/2024\/10\/Imatge-destacada-web-24-39-1-300x225.png 300w, https:\/\/fundaciosetba.org\/wp-content\/uploads\/2024\/10\/Imatge-destacada-web-24-39-1-1024x768.png 1024w, https:\/\/fundaciosetba.org\/wp-content\/uploads\/2024\/10\/Imatge-destacada-web-24-39-1-133x100.png 133w, https:\/\/fundaciosetba.org\/wp-content\/uploads\/2024\/10\/Imatge-destacada-web-24-39-1-600x450.png 600w, https:\/\/fundaciosetba.org\/wp-content\/uploads\/2024\/10\/Imatge-destacada-web-24-39-1.png 1200w\" sizes=\"auto, (max-width: 533px) 100vw, 533px\" \/><\/p>\n<p>Adem\u00e1s, atendiendo al \u00e9xito de la edici\u00f3n de este a\u00f1o, hemos decidido alargar la disponibilidad de las obras de la edici\u00f3n de 2023. Actualmente, ocho obras de esta edici\u00f3n est\u00e1n disponibles en nuestra p\u00e1gina web. Visite nuestro sitio web para descubrir c\u00f3mo puede sumarse a este proyecto.<\/p>\n","protected":false},"excerpt":{"rendered":"<p>La exposici\u00f3n del Premio Setba 2024 en la Pigment Gallery ha sido un \u00e9xito rotundo, con 9 de las 12 obras expuestas ya vendidas. Para aquellos que todav\u00eda no han tenido la oportunidad de adquirir una de estas piezas \u00fanicas, quedan tres obras disponibles en nuestra p\u00e1gina web, una ocasi\u00f3n irrepetible para llevar a casa una obra del Premi Setba 2024. <\/p>\n","protected":false},"author":1,"featured_media":38310,"comment_status":"closed","ping_status":"closed","sticky":false,"template":"","format":"standard","meta":{"footnotes":""},"categories":[1353],"tags":[],"class_list":["post-38351","post","type-post","status-publish","format-standard","has-post-thumbnail","hentry","category-premio-setba-es"],"_links":{"self":[{"href":"https:\/\/fundaciosetba.org\/es\/wp-json\/wp\/v2\/posts\/38351","targetHints":{"allow":["GET"]}}],"collection":[{"href":"https:\/\/fundaciosetba.org\/es\/wp-json\/wp\/v2\/posts"}],"about":[{"href":"https:\/\/fundaciosetba.org\/es\/wp-json\/wp\/v2\/types\/post"}],"author":[{"embeddable":true,"href":"https:\/\/fundaciosetba.org\/es\/wp-json\/wp\/v2\/users\/1"}],"replies":[{"embeddable":true,"href":"https:\/\/fundaciosetba.org\/es\/wp-json\/wp\/v2\/comments?post=38351"}],"version-history":[{"count":1,"href":"https:\/\/fundaciosetba.org\/es\/wp-json\/wp\/v2\/posts\/38351\/revisions"}],"predecessor-version":[{"id":38353,"href":"https:\/\/fundaciosetba.org\/es\/wp-json\/wp\/v2\/posts\/38351\/revisions\/38353"}],"wp:featuredmedia":[{"embeddable":true,"href":"https:\/\/fundaciosetba.org\/es\/wp-json\/wp\/v2\/media\/38310"}],"wp:attachment":[{"href":"https:\/\/fundaciosetba.org\/es\/wp-json\/wp\/v2\/media?parent=38351"}],"wp:term":[{"taxonomy":"category","embeddable":true,"href":"https:\/\/fundaciosetba.org\/es\/wp-json\/wp\/v2\/categories?post=38351"},{"taxonomy":"post_tag","embeddable":true,"href":"https:\/\/fundaciosetba.org\/es\/wp-json\/wp\/v2\/tags?post=38351"}],"curies":[{"name":"wp","href":"https:\/\/api.w.org\/{rel}","templated":true}]}}