{"id":38352,"date":"2024-11-05T13:17:07","date_gmt":"2024-11-05T12:17:07","guid":{"rendered":"https:\/\/fundaciosetba.org\/conoce-las-cuatro-obras-ganadoras-de-las-votaciones-magistrales\/"},"modified":"2024-11-05T13:34:51","modified_gmt":"2024-11-05T12:34:51","slug":"conoce-las-cuatro-obras-ganadoras-de-las-votaciones-magistrales","status":"publish","type":"post","link":"https:\/\/fundaciosetba.org\/es\/conoce-las-cuatro-obras-ganadoras-de-las-votaciones-magistrales\/","title":{"rendered":"Conoce las cuatro obras ganadoras de las votaciones Magistrales"},"content":{"rendered":"<p>Del 20 de septiembre al 21 de octubre cuatro centros c\u00edvicos de Barcelona acogieron las votaciones Magistrales, para escoger la obra preferida para representar a cada uno de estos barrios. Las obras seleccionadas fueron creadas durante la formaci\u00f3n art\u00edstica de collage para entidades del sector de la discapacidad, liderada este a\u00f1o por el artista Marta F\u00e0bregas. Con 167 votos totales recogidos, esta iniciativa no s\u00f3lo ha destacado el talento creativo de las personas participantes, sino que ha reforzado la conexi\u00f3n con la comunidad local, que ha tenido la oportunidad de apoyar sus creaciones. Vecinos y vecinas de los distritos de <strong>Sant Mart\u00ed, Horta-Guinard\u00f3, Nou Barris y Sant Andreu<\/strong> tuvieron la oportunidad de elegir las obras que representar\u00e1n cada barrio en una exposici\u00f3n en 2025.<\/p>\n<h4><strong>El proyecto <em>Magistrales<\/em> : fomentando el arte y la inclusi\u00f3n<\/strong><\/h4>\n<p>El proyecto <em>Magistrals<\/em> es una iniciativa organizada por la Fundaci\u00f3n Setba, apoyada por el Ayuntamiento de Barcelona, \u200b\u200bdestinada a personas usuarias y profesionales de entidades del sector de la discapacidad intelectual. Este a\u00f1o, los participantes han podido desarrollar su creatividad a trav\u00e9s de clases de collage impartidas por la artista Marta F\u00e0bregas, tanto en formato presencial como online. Las sesiones se han realizado en varios centros c\u00edvicos de Barcelona, \u200b\u200bconvirti\u00e9ndose en espacios de creaci\u00f3n y de intercambio art\u00edstico.<\/p>\n<div class=\"w-gallery fit_cover wp_gallery type_grid action_popup_image ratio_1x1 count_9\" style=\"--columns:3;--items-gap:8px;\"><div class=\"w-gallery-list\"><div class=\"w-gallery-item\"><div class=\"w-gallery-item-img\"><img loading=\"lazy\" decoding=\"async\" width=\"300\" height=\"300\" src=\"https:\/\/fundaciosetba.org\/wp-content\/uploads\/2021\/11\/Copyright_Laura-Galvez-Rhein-40-1-300x300.jpg\" class=\"attachment-woocommerce_thumbnail size-woocommerce_thumbnail\" alt=\"\" srcset=\"https:\/\/fundaciosetba.org\/wp-content\/uploads\/2021\/11\/Copyright_Laura-Galvez-Rhein-40-1-300x300.jpg 300w, https:\/\/fundaciosetba.org\/wp-content\/uploads\/2021\/11\/Copyright_Laura-Galvez-Rhein-40-1-150x150.jpg 150w\" sizes=\"auto, (max-width: 300px) 100vw, 300px\" \/><\/div><a class=\"w-gallery-item-link\" aria-label=\"Copyright_Laura G\u00e1lvez-Rhein (40)\" href=\"https:\/\/fundaciosetba.org\/wp-content\/uploads\/2021\/11\/Copyright_Laura-Galvez-Rhein-40-1-scaled.jpg\" title=\"Copyright_Laura G\u00e1lvez-Rhein (40)\"><\/a><\/div><div class=\"w-gallery-item\"><div class=\"w-gallery-item-img\"><img loading=\"lazy\" decoding=\"async\" width=\"300\" height=\"300\" src=\"https:\/\/fundaciosetba.org\/wp-content\/uploads\/2021\/11\/Copyright_Laura-Galvez-Rhein-35-300x300.jpg\" class=\"attachment-woocommerce_thumbnail size-woocommerce_thumbnail\" alt=\"\" srcset=\"https:\/\/fundaciosetba.org\/wp-content\/uploads\/2021\/11\/Copyright_Laura-Galvez-Rhein-35-300x300.jpg 300w, https:\/\/fundaciosetba.org\/wp-content\/uploads\/2021\/11\/Copyright_Laura-Galvez-Rhein-35-150x150.jpg 150w\" sizes=\"auto, (max-width: 300px) 100vw, 300px\" \/><\/div><a class=\"w-gallery-item-link\" aria-label=\"Copyright_Laura G\u00e1lvez-Rhein (35)\" href=\"https:\/\/fundaciosetba.org\/wp-content\/uploads\/2021\/11\/Copyright_Laura-Galvez-Rhein-35-scaled.jpg\" title=\"Copyright_Laura G\u00e1lvez-Rhein (35)\"><\/a><\/div><div class=\"w-gallery-item\"><div class=\"w-gallery-item-img\"><img loading=\"lazy\" decoding=\"async\" width=\"300\" height=\"300\" src=\"https:\/\/fundaciosetba.org\/wp-content\/uploads\/2021\/11\/Copyright_Laura-Galvez-Rhein-32-300x300.jpg\" class=\"attachment-woocommerce_thumbnail size-woocommerce_thumbnail\" alt=\"\" srcset=\"https:\/\/fundaciosetba.org\/wp-content\/uploads\/2021\/11\/Copyright_Laura-Galvez-Rhein-32-300x300.jpg 300w, https:\/\/fundaciosetba.org\/wp-content\/uploads\/2021\/11\/Copyright_Laura-Galvez-Rhein-32-150x150.jpg 150w\" sizes=\"auto, (max-width: 300px) 100vw, 300px\" \/><\/div><a class=\"w-gallery-item-link\" aria-label=\"Copyright_Laura G\u00e1lvez-Rhein (32)\" href=\"https:\/\/fundaciosetba.org\/wp-content\/uploads\/2021\/11\/Copyright_Laura-Galvez-Rhein-32-scaled.jpg\" title=\"Copyright_Laura G\u00e1lvez-Rhein (32)\"><\/a><\/div><div class=\"w-gallery-item\"><div class=\"w-gallery-item-img\"><img loading=\"lazy\" decoding=\"async\" width=\"300\" height=\"300\" src=\"https:\/\/fundaciosetba.org\/wp-content\/uploads\/2021\/11\/Copyright_Laura-Galvez-Rhein-30-300x300.jpg\" class=\"attachment-woocommerce_thumbnail size-woocommerce_thumbnail\" alt=\"\" srcset=\"https:\/\/fundaciosetba.org\/wp-content\/uploads\/2021\/11\/Copyright_Laura-Galvez-Rhein-30-300x300.jpg 300w, https:\/\/fundaciosetba.org\/wp-content\/uploads\/2021\/11\/Copyright_Laura-Galvez-Rhein-30-150x150.jpg 150w\" sizes=\"auto, (max-width: 300px) 100vw, 300px\" \/><\/div><a class=\"w-gallery-item-link\" aria-label=\"Copyright_Laura G\u00e1lvez-Rhein (30)\" href=\"https:\/\/fundaciosetba.org\/wp-content\/uploads\/2021\/11\/Copyright_Laura-Galvez-Rhein-30-scaled.jpg\" title=\"Copyright_Laura G\u00e1lvez-Rhein (30)\"><\/a><\/div><div class=\"w-gallery-item\"><div class=\"w-gallery-item-img\"><img loading=\"lazy\" decoding=\"async\" width=\"300\" height=\"300\" src=\"https:\/\/fundaciosetba.org\/wp-content\/uploads\/2021\/11\/Copyright_Laura-Galvez-Rhein-4-300x300.jpg\" class=\"attachment-woocommerce_thumbnail size-woocommerce_thumbnail\" alt=\"\" srcset=\"https:\/\/fundaciosetba.org\/wp-content\/uploads\/2021\/11\/Copyright_Laura-Galvez-Rhein-4-300x300.jpg 300w, https:\/\/fundaciosetba.org\/wp-content\/uploads\/2021\/11\/Copyright_Laura-Galvez-Rhein-4-150x150.jpg 150w\" sizes=\"auto, (max-width: 300px) 100vw, 300px\" \/><\/div><a class=\"w-gallery-item-link\" aria-label=\"Copyright_Laura G\u00e1lvez-Rhein (4)\" href=\"https:\/\/fundaciosetba.org\/wp-content\/uploads\/2021\/11\/Copyright_Laura-Galvez-Rhein-4-scaled.jpg\" title=\"Copyright_Laura G\u00e1lvez-Rhein (4)\"><\/a><\/div><div class=\"w-gallery-item\"><div class=\"w-gallery-item-img\"><img loading=\"lazy\" decoding=\"async\" width=\"300\" height=\"300\" src=\"https:\/\/fundaciosetba.org\/wp-content\/uploads\/2021\/11\/Copyright_Laura-Galvez-Rhein-11-300x300.jpg\" class=\"attachment-woocommerce_thumbnail size-woocommerce_thumbnail\" alt=\"\" srcset=\"https:\/\/fundaciosetba.org\/wp-content\/uploads\/2021\/11\/Copyright_Laura-Galvez-Rhein-11-300x300.jpg 300w, https:\/\/fundaciosetba.org\/wp-content\/uploads\/2021\/11\/Copyright_Laura-Galvez-Rhein-11-150x150.jpg 150w\" sizes=\"auto, (max-width: 300px) 100vw, 300px\" \/><\/div><a class=\"w-gallery-item-link\" aria-label=\"Copyright_Laura G\u00e1lvez-Rhein (11)\" href=\"https:\/\/fundaciosetba.org\/wp-content\/uploads\/2021\/11\/Copyright_Laura-Galvez-Rhein-11-scaled.jpg\" title=\"Copyright_Laura G\u00e1lvez-Rhein (11)\"><\/a><\/div><div class=\"w-gallery-item\"><div class=\"w-gallery-item-img\"><img loading=\"lazy\" decoding=\"async\" width=\"300\" height=\"300\" src=\"https:\/\/fundaciosetba.org\/wp-content\/uploads\/2021\/11\/Copyright_Laura-Galvez-Rhein-15-300x300.jpg\" class=\"attachment-woocommerce_thumbnail size-woocommerce_thumbnail\" alt=\"\" srcset=\"https:\/\/fundaciosetba.org\/wp-content\/uploads\/2021\/11\/Copyright_Laura-Galvez-Rhein-15-300x300.jpg 300w, https:\/\/fundaciosetba.org\/wp-content\/uploads\/2021\/11\/Copyright_Laura-Galvez-Rhein-15-150x150.jpg 150w\" sizes=\"auto, (max-width: 300px) 100vw, 300px\" \/><\/div><a class=\"w-gallery-item-link\" aria-label=\"Copyright_Laura G\u00e1lvez-Rhein (15)\" href=\"https:\/\/fundaciosetba.org\/wp-content\/uploads\/2021\/11\/Copyright_Laura-Galvez-Rhein-15-scaled.jpg\" title=\"Copyright_Laura G\u00e1lvez-Rhein (15)\"><\/a><\/div><div class=\"w-gallery-item\"><div class=\"w-gallery-item-img\"><img loading=\"lazy\" decoding=\"async\" width=\"300\" height=\"300\" src=\"https:\/\/fundaciosetba.org\/wp-content\/uploads\/2021\/11\/Copyright_Laura-Galvez-Rhein-26-300x300.jpg\" class=\"attachment-woocommerce_thumbnail size-woocommerce_thumbnail\" alt=\"\" srcset=\"https:\/\/fundaciosetba.org\/wp-content\/uploads\/2021\/11\/Copyright_Laura-Galvez-Rhein-26-300x300.jpg 300w, https:\/\/fundaciosetba.org\/wp-content\/uploads\/2021\/11\/Copyright_Laura-Galvez-Rhein-26-150x150.jpg 150w\" sizes=\"auto, (max-width: 300px) 100vw, 300px\" \/><\/div><a class=\"w-gallery-item-link\" aria-label=\"Copyright_Laura G\u00e1lvez-Rhein (26)\" href=\"https:\/\/fundaciosetba.org\/wp-content\/uploads\/2021\/11\/Copyright_Laura-Galvez-Rhein-26-scaled.jpg\" title=\"Copyright_Laura G\u00e1lvez-Rhein (26)\"><\/a><\/div><div class=\"w-gallery-item\"><div class=\"w-gallery-item-img\"><img loading=\"lazy\" decoding=\"async\" width=\"300\" height=\"300\" src=\"https:\/\/fundaciosetba.org\/wp-content\/uploads\/2021\/11\/Copyright_Laura-Galvez-Rhein-27-300x300.jpg\" class=\"attachment-woocommerce_thumbnail size-woocommerce_thumbnail\" alt=\"\" srcset=\"https:\/\/fundaciosetba.org\/wp-content\/uploads\/2021\/11\/Copyright_Laura-Galvez-Rhein-27-300x300.jpg 300w, https:\/\/fundaciosetba.org\/wp-content\/uploads\/2021\/11\/Copyright_Laura-Galvez-Rhein-27-150x150.jpg 150w\" sizes=\"auto, (max-width: 300px) 100vw, 300px\" \/><\/div><a class=\"w-gallery-item-link\" aria-label=\"Copyright_Laura G\u00e1lvez-Rhein (27)\" href=\"https:\/\/fundaciosetba.org\/wp-content\/uploads\/2021\/11\/Copyright_Laura-Galvez-Rhein-27-scaled.jpg\" title=\"Copyright_Laura G\u00e1lvez-Rhein (27)\"><\/a><\/div><\/div><\/div>\n<p><em>Fotograf\u00edas de Laura G\u00e1lvez-Rhein<\/em><\/p>\n<h4><strong>Resultados de las votaciones<\/strong><\/h4>\n<p>Cada distrito ha seleccionado una obra ganadora, con gran entusiasmo por parte de los vecinos y vecinas que han contribuido con sus votos. Aqu\u00ed presentamos las obras que representar\u00e1n cada barrio en una exposici\u00f3n final en 2025.<\/p>\n<p style=\"text-align: center;\"><strong>Centro C\u00edvico Bar\u00f3 de Viver &#8211; Distrito Sant Andreu<\/strong><\/p>\n<p style=\"text-align: center;\">Ganadora:<br \/>\nSawera Sharif &#8211; Edificios (TEB Sant Andreu)<\/p>\n<p><img loading=\"lazy\" decoding=\"async\" class=\"aligncenter size-us_600_400 wp-image-38337\" src=\"https:\/\/fundaciosetba.org\/wp-content\/uploads\/2024\/11\/Edificis-Sawera-Sharif-TEB-Sant-Andreu-283x400.jpg\" alt=\"\" width=\"283\" height=\"400\" srcset=\"https:\/\/fundaciosetba.org\/wp-content\/uploads\/2024\/11\/Edificis-Sawera-Sharif-TEB-Sant-Andreu-283x400.jpg 283w, https:\/\/fundaciosetba.org\/wp-content\/uploads\/2024\/11\/Edificis-Sawera-Sharif-TEB-Sant-Andreu-212x300.jpg 212w, https:\/\/fundaciosetba.org\/wp-content\/uploads\/2024\/11\/Edificis-Sawera-Sharif-TEB-Sant-Andreu-725x1024.jpg 725w, https:\/\/fundaciosetba.org\/wp-content\/uploads\/2024\/11\/Edificis-Sawera-Sharif-TEB-Sant-Andreu-71x100.jpg 71w, https:\/\/fundaciosetba.org\/wp-content\/uploads\/2024\/11\/Edificis-Sawera-Sharif-TEB-Sant-Andreu-600x847.jpg 600w, https:\/\/fundaciosetba.org\/wp-content\/uploads\/2024\/11\/Edificis-Sawera-Sharif-TEB-Sant-Andreu.jpg 1668w\" sizes=\"auto, (max-width: 283px) 100vw, 283px\" \/><\/p>\n<p style=\"text-align: center;\"><strong>Centro C\u00edvico Guinard\u00f3 &#8211; Distrito Horta-Guinard\u00f3<\/strong><\/p>\n<p style=\"text-align: center;\">Ganadora:<br \/>\nSandra Saeed &#8211; El Nido, Palawan (Taller San Camilo)<\/p>\n<p><img loading=\"lazy\" decoding=\"async\" class=\"aligncenter size-us_600_400 wp-image-38343\" src=\"https:\/\/fundaciosetba.org\/wp-content\/uploads\/2024\/11\/El-Nido-Palawan-Sandra-Saeed-Taller-Sant-Camil-554x400.jpg\" alt=\"\" width=\"554\" height=\"400\" srcset=\"https:\/\/fundaciosetba.org\/wp-content\/uploads\/2024\/11\/El-Nido-Palawan-Sandra-Saeed-Taller-Sant-Camil-554x400.jpg 554w, https:\/\/fundaciosetba.org\/wp-content\/uploads\/2024\/11\/El-Nido-Palawan-Sandra-Saeed-Taller-Sant-Camil-300x217.jpg 300w, https:\/\/fundaciosetba.org\/wp-content\/uploads\/2024\/11\/El-Nido-Palawan-Sandra-Saeed-Taller-Sant-Camil-1024x739.jpg 1024w, https:\/\/fundaciosetba.org\/wp-content\/uploads\/2024\/11\/El-Nido-Palawan-Sandra-Saeed-Taller-Sant-Camil-139x100.jpg 139w, https:\/\/fundaciosetba.org\/wp-content\/uploads\/2024\/11\/El-Nido-Palawan-Sandra-Saeed-Taller-Sant-Camil-600x433.jpg 600w\" sizes=\"auto, (max-width: 554px) 100vw, 554px\" \/><\/p>\n<p>&nbsp;<\/p>\n<p style=\"text-align: center;\"><strong>Centro C\u00edvico La Farinera del Clot &#8211; Distrito de Sant Mart\u00ed<\/strong><\/p>\n<p style=\"text-align: center;\">Ganador:<br \/>\nEduardo Ruiz (ASPACE)<\/p>\n<p style=\"text-align: center;\"><img loading=\"lazy\" decoding=\"async\" class=\"aligncenter size-us_600_400 wp-image-38346\" src=\"https:\/\/fundaciosetba.org\/wp-content\/uploads\/2024\/11\/La-ciudad-Eduardo-Ruiz-ASPACE-556x400.jpg\" alt=\"\" width=\"556\" height=\"400\" srcset=\"https:\/\/fundaciosetba.org\/wp-content\/uploads\/2024\/11\/La-ciudad-Eduardo-Ruiz-ASPACE-556x400.jpg 556w, https:\/\/fundaciosetba.org\/wp-content\/uploads\/2024\/11\/La-ciudad-Eduardo-Ruiz-ASPACE-300x216.jpg 300w, https:\/\/fundaciosetba.org\/wp-content\/uploads\/2024\/11\/La-ciudad-Eduardo-Ruiz-ASPACE-1024x737.jpg 1024w, https:\/\/fundaciosetba.org\/wp-content\/uploads\/2024\/11\/La-ciudad-Eduardo-Ruiz-ASPACE-139x100.jpg 139w, https:\/\/fundaciosetba.org\/wp-content\/uploads\/2024\/11\/La-ciudad-Eduardo-Ruiz-ASPACE-600x432.jpg 600w\" sizes=\"auto, (max-width: 556px) 100vw, 556px\" \/><br \/>\n<strong>Centro C\u00edvico Can Bast\u00e9 &#8211; Distrito Nou Barris<\/strong><\/p>\n<p style=\"text-align: center;\">Ganadora:<br \/>\nRuth Sol\u00e9 &#8211; Aig\u00fca Mar (TEB Barceloneta)<\/p>\n<p><img loading=\"lazy\" decoding=\"async\" class=\"aligncenter size-us_600_400 wp-image-38340\" src=\"https:\/\/fundaciosetba.org\/wp-content\/uploads\/2024\/11\/Aigua-Mar_TEBarceloneta_Ruth-Sole-291x400.jpg\" alt=\"\" width=\"291\" height=\"400\" srcset=\"https:\/\/fundaciosetba.org\/wp-content\/uploads\/2024\/11\/Aigua-Mar_TEBarceloneta_Ruth-Sole-291x400.jpg 291w, https:\/\/fundaciosetba.org\/wp-content\/uploads\/2024\/11\/Aigua-Mar_TEBarceloneta_Ruth-Sole-218x300.jpg 218w, https:\/\/fundaciosetba.org\/wp-content\/uploads\/2024\/11\/Aigua-Mar_TEBarceloneta_Ruth-Sole-745x1024.jpg 745w, https:\/\/fundaciosetba.org\/wp-content\/uploads\/2024\/11\/Aigua-Mar_TEBarceloneta_Ruth-Sole-73x100.jpg 73w, https:\/\/fundaciosetba.org\/wp-content\/uploads\/2024\/11\/Aigua-Mar_TEBarceloneta_Ruth-Sole-600x824.jpg 600w, https:\/\/fundaciosetba.org\/wp-content\/uploads\/2024\/11\/Aigua-Mar_TEBarceloneta_Ruth-Sole-scaled.jpg 1863w\" sizes=\"auto, (max-width: 291px) 100vw, 291px\" \/><\/p>\n<p style=\"text-align: left;\">La Fundaci\u00f3 Setba quiere agradecer a todas las personas que han votado y han hecho posible este proyecto. Gracias a su apoyo, <em>Magistrals<\/em> se ha convertido en un proyecto de transformaci\u00f3n cultural, donde la participaci\u00f3n ha sido clave para hacerlo realidad. \u00a1Enhorabuena a los artistas ganadores ya todos los participantes por su dedicaci\u00f3n y creatividad!<\/p>\n","protected":false},"excerpt":{"rendered":"<p>Cada distrito ha seleccionado una obra ganadora, con gran entusiasmo por parte de los vecinos y vecinas que han contribuido con sus votos. Aqu\u00ed presentamos las obras que representar\u00e1n cada barrio en una exposici\u00f3n final en 2025. <\/p>\n","protected":false},"author":1,"featured_media":38335,"comment_status":"closed","ping_status":"closed","sticky":false,"template":"","format":"standard","meta":{"footnotes":""},"categories":[1352],"tags":[],"class_list":["post-38352","post","type-post","status-publish","format-standard","has-post-thumbnail","hentry","category-magistrales-es"],"_links":{"self":[{"href":"https:\/\/fundaciosetba.org\/es\/wp-json\/wp\/v2\/posts\/38352","targetHints":{"allow":["GET"]}}],"collection":[{"href":"https:\/\/fundaciosetba.org\/es\/wp-json\/wp\/v2\/posts"}],"about":[{"href":"https:\/\/fundaciosetba.org\/es\/wp-json\/wp\/v2\/types\/post"}],"author":[{"embeddable":true,"href":"https:\/\/fundaciosetba.org\/es\/wp-json\/wp\/v2\/users\/1"}],"replies":[{"embeddable":true,"href":"https:\/\/fundaciosetba.org\/es\/wp-json\/wp\/v2\/comments?post=38352"}],"version-history":[{"count":1,"href":"https:\/\/fundaciosetba.org\/es\/wp-json\/wp\/v2\/posts\/38352\/revisions"}],"predecessor-version":[{"id":38354,"href":"https:\/\/fundaciosetba.org\/es\/wp-json\/wp\/v2\/posts\/38352\/revisions\/38354"}],"wp:featuredmedia":[{"embeddable":true,"href":"https:\/\/fundaciosetba.org\/es\/wp-json\/wp\/v2\/media\/38335"}],"wp:attachment":[{"href":"https:\/\/fundaciosetba.org\/es\/wp-json\/wp\/v2\/media?parent=38352"}],"wp:term":[{"taxonomy":"category","embeddable":true,"href":"https:\/\/fundaciosetba.org\/es\/wp-json\/wp\/v2\/categories?post=38352"},{"taxonomy":"post_tag","embeddable":true,"href":"https:\/\/fundaciosetba.org\/es\/wp-json\/wp\/v2\/tags?post=38352"}],"curies":[{"name":"wp","href":"https:\/\/api.w.org\/{rel}","templated":true}]}}