{"id":38356,"date":"2024-10-24T15:37:00","date_gmt":"2024-10-24T14:37:00","guid":{"rendered":"https:\/\/fundaciosetba.org\/artransforma-visita-jules-verne-200-en-el-ideal-barcelona-gracias-al-premio-del-publico\/"},"modified":"2024-11-05T16:44:43","modified_gmt":"2024-11-05T15:44:43","slug":"artransforma-visita-jules-verne-200-en-el-ideal-barcelona-gracias-al-premio-del-publico","status":"publish","type":"post","link":"https:\/\/fundaciosetba.org\/es\/artransforma-visita-jules-verne-200-en-el-ideal-barcelona-gracias-al-premio-del-publico\/","title":{"rendered":"Artransforma visita &#8220;Jules Verne 200&#8221; en el IDEAL Barcelona gracias al Premio del P\u00fablico"},"content":{"rendered":"<p>El IDEAL Barcelona Centro de Artes Digitales invit\u00f3 al grupo de Artransforma a vivir una experiencia \u00fanica con la visita a la exposici\u00f3n <em>Jules Verne 200<\/em> , gracias a la colaboraci\u00f3n con el Premi Setba. Esta oportunidad fue fruto del reconocimiento a Raquel Sanz, ganadora del premio del p\u00fablico por su obra <em>La naturaleza de los bichos<\/em> , y ofreci\u00f3 a los participantes un fascinante viaje por el mundo creativo de Jules Verne. La exposici\u00f3n, que conmemora el bicentenario del escritor, es la mayor producci\u00f3n del IDEAL. Combina salas inmersivas, realidad virtual, metaverso y espacios expositivos tradicionales, creando una experiencia multisensorial. Los asistentes pudieron adentrarse en los mundos imaginarios de Verne gracias a tecnolog\u00edas avanzadas, como la proyecci\u00f3n 3D en una sala con m\u00e1s de 1.000 m2 de pantalla y una c\u00fapula que altera la percepci\u00f3n del espacio.<\/p>\n<div class=\"w-gallery fit_cover wp_gallery type_grid action_popup_image ratio_1x1 count_8\" style=\"--columns:4;--items-gap:8px;\"><div class=\"w-gallery-list\"><div class=\"w-gallery-item\"><div class=\"w-gallery-item-img\"><img loading=\"lazy\" decoding=\"async\" width=\"300\" height=\"300\" src=\"https:\/\/fundaciosetba.org\/wp-content\/uploads\/2024\/10\/20241020_191326-300x300.jpg\" class=\"attachment-woocommerce_thumbnail size-woocommerce_thumbnail\" alt=\"\" srcset=\"https:\/\/fundaciosetba.org\/wp-content\/uploads\/2024\/10\/20241020_191326-300x300.jpg 300w, https:\/\/fundaciosetba.org\/wp-content\/uploads\/2024\/10\/20241020_191326-150x150.jpg 150w\" sizes=\"auto, (max-width: 300px) 100vw, 300px\" \/><\/div><a class=\"w-gallery-item-link\" aria-label=\"20241020_191326\" href=\"https:\/\/fundaciosetba.org\/wp-content\/uploads\/2024\/10\/20241020_191326-scaled.jpg\" title=\"20241020_191326\"><\/a><\/div><div class=\"w-gallery-item\"><div class=\"w-gallery-item-img\"><img loading=\"lazy\" decoding=\"async\" width=\"300\" height=\"300\" src=\"https:\/\/fundaciosetba.org\/wp-content\/uploads\/2024\/10\/20241020_191351-300x300.jpg\" class=\"attachment-woocommerce_thumbnail size-woocommerce_thumbnail\" alt=\"\" srcset=\"https:\/\/fundaciosetba.org\/wp-content\/uploads\/2024\/10\/20241020_191351-300x300.jpg 300w, https:\/\/fundaciosetba.org\/wp-content\/uploads\/2024\/10\/20241020_191351-150x150.jpg 150w\" sizes=\"auto, (max-width: 300px) 100vw, 300px\" \/><\/div><a class=\"w-gallery-item-link\" aria-label=\"20241020_191351\" href=\"https:\/\/fundaciosetba.org\/wp-content\/uploads\/2024\/10\/20241020_191351-scaled.jpg\" title=\"20241020_191351\"><\/a><\/div><div class=\"w-gallery-item\"><div class=\"w-gallery-item-img\"><img loading=\"lazy\" decoding=\"async\" width=\"300\" height=\"300\" src=\"https:\/\/fundaciosetba.org\/wp-content\/uploads\/2024\/10\/20241020_191800-300x300.jpg\" class=\"attachment-woocommerce_thumbnail size-woocommerce_thumbnail\" alt=\"\" srcset=\"https:\/\/fundaciosetba.org\/wp-content\/uploads\/2024\/10\/20241020_191800-300x300.jpg 300w, https:\/\/fundaciosetba.org\/wp-content\/uploads\/2024\/10\/20241020_191800-150x150.jpg 150w\" sizes=\"auto, (max-width: 300px) 100vw, 300px\" \/><\/div><a class=\"w-gallery-item-link\" aria-label=\"20241020_191800\" href=\"https:\/\/fundaciosetba.org\/wp-content\/uploads\/2024\/10\/20241020_191800-scaled.jpg\" title=\"20241020_191800\"><\/a><\/div><div class=\"w-gallery-item\"><div class=\"w-gallery-item-img\"><img loading=\"lazy\" decoding=\"async\" width=\"300\" height=\"300\" src=\"https:\/\/fundaciosetba.org\/wp-content\/uploads\/2024\/10\/1729163870455-300x300.jpg\" class=\"attachment-woocommerce_thumbnail size-woocommerce_thumbnail\" alt=\"\" srcset=\"https:\/\/fundaciosetba.org\/wp-content\/uploads\/2024\/10\/1729163870455-300x300.jpg 300w, https:\/\/fundaciosetba.org\/wp-content\/uploads\/2024\/10\/1729163870455-150x150.jpg 150w\" sizes=\"auto, (max-width: 300px) 100vw, 300px\" \/><\/div><a class=\"w-gallery-item-link\" aria-label=\"1729163870455\" href=\"https:\/\/fundaciosetba.org\/wp-content\/uploads\/2024\/10\/1729163870455-scaled.jpg\" title=\"1729163870455\"><\/a><\/div><div class=\"w-gallery-item\"><div class=\"w-gallery-item-img\"><img loading=\"lazy\" decoding=\"async\" width=\"300\" height=\"300\" src=\"https:\/\/fundaciosetba.org\/wp-content\/uploads\/2024\/10\/1729163870549-300x300.jpg\" class=\"attachment-woocommerce_thumbnail size-woocommerce_thumbnail\" alt=\"\" srcset=\"https:\/\/fundaciosetba.org\/wp-content\/uploads\/2024\/10\/1729163870549-300x300.jpg 300w, https:\/\/fundaciosetba.org\/wp-content\/uploads\/2024\/10\/1729163870549-150x150.jpg 150w\" sizes=\"auto, (max-width: 300px) 100vw, 300px\" \/><\/div><a class=\"w-gallery-item-link\" aria-label=\"1729163870549\" href=\"https:\/\/fundaciosetba.org\/wp-content\/uploads\/2024\/10\/1729163870549-scaled.jpg\" title=\"1729163870549\"><\/a><\/div><div class=\"w-gallery-item\"><div class=\"w-gallery-item-img\"><img loading=\"lazy\" decoding=\"async\" width=\"300\" height=\"300\" src=\"https:\/\/fundaciosetba.org\/wp-content\/uploads\/2024\/10\/1729163870671-300x300.jpg\" class=\"attachment-woocommerce_thumbnail size-woocommerce_thumbnail\" alt=\"\" srcset=\"https:\/\/fundaciosetba.org\/wp-content\/uploads\/2024\/10\/1729163870671-300x300.jpg 300w, https:\/\/fundaciosetba.org\/wp-content\/uploads\/2024\/10\/1729163870671-150x150.jpg 150w\" sizes=\"auto, (max-width: 300px) 100vw, 300px\" \/><\/div><a class=\"w-gallery-item-link\" aria-label=\"1729163870671\" href=\"https:\/\/fundaciosetba.org\/wp-content\/uploads\/2024\/10\/1729163870671-scaled.jpg\" title=\"1729163870671\"><\/a><\/div><div class=\"w-gallery-item\"><div class=\"w-gallery-item-img\"><img loading=\"lazy\" decoding=\"async\" width=\"300\" height=\"300\" src=\"https:\/\/fundaciosetba.org\/wp-content\/uploads\/2024\/10\/1729164059034-300x300.jpg\" class=\"attachment-woocommerce_thumbnail size-woocommerce_thumbnail\" alt=\"\" srcset=\"https:\/\/fundaciosetba.org\/wp-content\/uploads\/2024\/10\/1729164059034-300x300.jpg 300w, https:\/\/fundaciosetba.org\/wp-content\/uploads\/2024\/10\/1729164059034-150x150.jpg 150w\" sizes=\"auto, (max-width: 300px) 100vw, 300px\" \/><\/div><a class=\"w-gallery-item-link\" aria-label=\"1729164059034\" href=\"https:\/\/fundaciosetba.org\/wp-content\/uploads\/2024\/10\/1729164059034-scaled.jpg\" title=\"1729164059034\"><\/a><\/div><div class=\"w-gallery-item\"><div class=\"w-gallery-item-img\"><img loading=\"lazy\" decoding=\"async\" width=\"300\" height=\"300\" src=\"https:\/\/fundaciosetba.org\/wp-content\/uploads\/2024\/10\/1729164059235-300x300.jpg\" class=\"attachment-woocommerce_thumbnail size-woocommerce_thumbnail\" alt=\"\" srcset=\"https:\/\/fundaciosetba.org\/wp-content\/uploads\/2024\/10\/1729164059235-300x300.jpg 300w, https:\/\/fundaciosetba.org\/wp-content\/uploads\/2024\/10\/1729164059235-150x150.jpg 150w\" sizes=\"auto, (max-width: 300px) 100vw, 300px\" \/><\/div><a class=\"w-gallery-item-link\" aria-label=\"1729164059235\" href=\"https:\/\/fundaciosetba.org\/wp-content\/uploads\/2024\/10\/1729164059235-scaled.jpg\" title=\"1729164059235\"><\/a><\/div><\/div><\/div>\n<p>El grupo de Artransforma recorri\u00f3 las obras m\u00e1s ic\u00f3nicas del autor, como <em>Viaje al centro de la Tierra<\/em> y <em>20.000 leguas de viaje submarino<\/em> , viviendo una experiencia totalmente inmersiva. El uso del metaverso permiti\u00f3 a los participantes sentirse parte de las historias, transformando la visita en una aut\u00e9ntica aventura cultural. Para los miembros de Artransforma, esta jornada fue mucho m\u00e1s que una visita: fue una forma innovadora de conectar con el arte y la tecnolog\u00eda, y un reconocimiento al talento de Raquel Sanz. &#8220;A todos les gust\u00f3 gozar de la experiencia porque en palabras de algunos de ellos fue muy emocionante, y cada sala era una sorpresa. La variedad de salas y la sensaci\u00f3n inmersiva es muy potente visual y sensorialmente (un punto s\u00faper positivo por alguno de los participantes en concreto)&#8221;, nos comenta Anna Oliva, Educadora Social y Facilitadora Art\u00edstica de la entidad Artransforma.<\/p>\n","protected":false},"excerpt":{"rendered":"<p>Esta oportunidad fue fruto del reconocimiento a Raquel Sanz, ganadora del premio del p\u00fablico del Premi Setba por su obra La naturaleza de los bichos, y ofreci\u00f3 a los participantes un fascinante viaje por el mundo creativo de Jules Verne.<\/p>\n","protected":false},"author":1,"featured_media":38217,"comment_status":"closed","ping_status":"closed","sticky":false,"template":"","format":"standard","meta":{"footnotes":""},"categories":[1353],"tags":[],"class_list":["post-38356","post","type-post","status-publish","format-standard","has-post-thumbnail","hentry","category-premio-setba-es"],"_links":{"self":[{"href":"https:\/\/fundaciosetba.org\/es\/wp-json\/wp\/v2\/posts\/38356","targetHints":{"allow":["GET"]}}],"collection":[{"href":"https:\/\/fundaciosetba.org\/es\/wp-json\/wp\/v2\/posts"}],"about":[{"href":"https:\/\/fundaciosetba.org\/es\/wp-json\/wp\/v2\/types\/post"}],"author":[{"embeddable":true,"href":"https:\/\/fundaciosetba.org\/es\/wp-json\/wp\/v2\/users\/1"}],"replies":[{"embeddable":true,"href":"https:\/\/fundaciosetba.org\/es\/wp-json\/wp\/v2\/comments?post=38356"}],"version-history":[{"count":1,"href":"https:\/\/fundaciosetba.org\/es\/wp-json\/wp\/v2\/posts\/38356\/revisions"}],"predecessor-version":[{"id":38357,"href":"https:\/\/fundaciosetba.org\/es\/wp-json\/wp\/v2\/posts\/38356\/revisions\/38357"}],"wp:featuredmedia":[{"embeddable":true,"href":"https:\/\/fundaciosetba.org\/es\/wp-json\/wp\/v2\/media\/38217"}],"wp:attachment":[{"href":"https:\/\/fundaciosetba.org\/es\/wp-json\/wp\/v2\/media?parent=38356"}],"wp:term":[{"taxonomy":"category","embeddable":true,"href":"https:\/\/fundaciosetba.org\/es\/wp-json\/wp\/v2\/categories?post=38356"},{"taxonomy":"post_tag","embeddable":true,"href":"https:\/\/fundaciosetba.org\/es\/wp-json\/wp\/v2\/tags?post=38356"}],"curies":[{"name":"wp","href":"https:\/\/api.w.org\/{rel}","templated":true}]}}