{"id":38472,"date":"2024-11-08T13:29:26","date_gmt":"2024-11-08T12:29:26","guid":{"rendered":"https:\/\/fundaciosetba.org\/lleida-acoge-la-mesa-redonda-mujer-fotografia-y-carcel-el-27-de-noviembre\/"},"modified":"2024-11-19T13:30:45","modified_gmt":"2024-11-19T12:30:45","slug":"lleida-acoge-la-mesa-redonda-mujer-fotografia-y-carcel-el-27-de-noviembre","status":"publish","type":"post","link":"https:\/\/fundaciosetba.org\/es\/lleida-acoge-la-mesa-redonda-mujer-fotografia-y-carcel-el-27-de-noviembre\/","title":{"rendered":"Lleida acoge la mesa redonda &#8220;Mujer, fotograf\u00eda y c\u00e1rcel&#8221; el 27 de noviembre"},"content":{"rendered":"<p>En el marco de la exposici\u00f3n <em>Mujeres Invisibles<\/em> en la Sala de Exposiciones del Ayuntamiento de Lleida, la Fundaci\u00f3n Setba, en colaboraci\u00f3n con los Servicios Territoriales en Lleida del Departamento de Cultura, organiza la mesa redonda <em>Mujer, fotograf\u00eda y prisi\u00f3n<\/em> , <strong>un espacio de reflexi\u00f3n que reunir\u00e1 a varias profesionales del mundo de la fotograf\u00eda y la cultura para explorar c\u00f3mo la fotograf\u00eda se convierte en una herramienta de transformaci\u00f3n social<\/strong> . con la participaci\u00f3n de destacadas fot\u00f3grafas colaboradoras del proyecto <em>Traspasando el objetivo<\/em> , como <strong>Sandra Balsells, Laura G\u00e1lvez-Rhein, Iolanda Seb\u00e9 y Lurdes R. Basol\u00ed<\/strong> , acompa\u00f1adas por <strong>Marta F\u00e0bregas<\/strong> , directora art\u00edstica del proyecto, y moderada por <strong>Cristina Sampere<\/strong> , directora de la Fundaci\u00f3 Setba. Este evento tendr\u00e1 lugar el <strong>mi\u00e9rcoles, 27 de noviembre, a las 18 horas, en la Sala de Exposiciones del Ayuntamiento de Lleida<\/strong> , en la Av. de Blondel, 40. La entrada es libre y sin inscripci\u00f3n previa La exposici\u00f3n <em>Mujeres Invisibles<\/em> forma parte del proyecto fotogr\u00e1fico <em>Traspasando el objetivo<\/em> que pone luz sobre c\u00f3mo la fotograf\u00eda y la adquisici\u00f3n de conocimientos ayuda a las mujeres internas en centros penitenciarios, destacando su invisibilidad social.<\/p>\n<p><a href=\"https:\/\/fundaciosetba.org\/lexposicio-dones-invisibles-traspassant-lobjectiu-arriba-a-lleida\/\">Para m\u00e1s informaci\u00f3n sobre la exposici\u00f3n, lee nuestro \u00faltimo art\u00edculo <\/a><\/p>\n<div class=\"w-gallery fit_cover wp_gallery type_grid action_popup_image ratio_1x1 count_6\" style=\"--columns:3;--items-gap:8px;\"><div class=\"w-gallery-list\"><div class=\"w-gallery-item\"><div class=\"w-gallery-item-img\"><img loading=\"lazy\" decoding=\"async\" width=\"300\" height=\"300\" src=\"https:\/\/fundaciosetba.org\/wp-content\/uploads\/2024\/10\/Dones-_invisibles_sep24_Lleida_062-300x300.jpg\" class=\"attachment-woocommerce_thumbnail size-woocommerce_thumbnail\" alt=\"\" srcset=\"https:\/\/fundaciosetba.org\/wp-content\/uploads\/2024\/10\/Dones-_invisibles_sep24_Lleida_062-300x300.jpg 300w, https:\/\/fundaciosetba.org\/wp-content\/uploads\/2024\/10\/Dones-_invisibles_sep24_Lleida_062-150x150.jpg 150w\" sizes=\"auto, (max-width: 300px) 100vw, 300px\" \/><\/div><a class=\"w-gallery-item-link\" aria-label=\"Dones _invisibles_sep24_Lleida_062\" href=\"https:\/\/fundaciosetba.org\/wp-content\/uploads\/2024\/10\/Dones-_invisibles_sep24_Lleida_062-scaled.jpg\" title=\"Dones _invisibles_sep24_Lleida_062\"><\/a><\/div><div class=\"w-gallery-item\"><div class=\"w-gallery-item-img\"><img loading=\"lazy\" decoding=\"async\" width=\"300\" height=\"300\" src=\"https:\/\/fundaciosetba.org\/wp-content\/uploads\/2024\/10\/Dones-_invisibles_sep24_Lleida_054-300x300.jpg\" class=\"attachment-woocommerce_thumbnail size-woocommerce_thumbnail\" alt=\"\" srcset=\"https:\/\/fundaciosetba.org\/wp-content\/uploads\/2024\/10\/Dones-_invisibles_sep24_Lleida_054-300x300.jpg 300w, https:\/\/fundaciosetba.org\/wp-content\/uploads\/2024\/10\/Dones-_invisibles_sep24_Lleida_054-150x150.jpg 150w\" sizes=\"auto, (max-width: 300px) 100vw, 300px\" \/><\/div><a class=\"w-gallery-item-link\" aria-label=\"Dones _invisibles_sep24_Lleida_054\" href=\"https:\/\/fundaciosetba.org\/wp-content\/uploads\/2024\/10\/Dones-_invisibles_sep24_Lleida_054-scaled.jpg\" title=\"Dones _invisibles_sep24_Lleida_054\"><\/a><\/div><div class=\"w-gallery-item\"><div class=\"w-gallery-item-img\"><img loading=\"lazy\" decoding=\"async\" width=\"300\" height=\"300\" src=\"https:\/\/fundaciosetba.org\/wp-content\/uploads\/2024\/10\/Dones-_invisibles_sep24_Lleida_047-300x300.jpg\" class=\"attachment-woocommerce_thumbnail size-woocommerce_thumbnail\" alt=\"\" srcset=\"https:\/\/fundaciosetba.org\/wp-content\/uploads\/2024\/10\/Dones-_invisibles_sep24_Lleida_047-300x300.jpg 300w, https:\/\/fundaciosetba.org\/wp-content\/uploads\/2024\/10\/Dones-_invisibles_sep24_Lleida_047-150x150.jpg 150w\" sizes=\"auto, (max-width: 300px) 100vw, 300px\" \/><\/div><a class=\"w-gallery-item-link\" aria-label=\"Dones _invisibles_sep24_Lleida_047\" href=\"https:\/\/fundaciosetba.org\/wp-content\/uploads\/2024\/10\/Dones-_invisibles_sep24_Lleida_047-scaled.jpg\" title=\"Dones _invisibles_sep24_Lleida_047\"><\/a><\/div><div class=\"w-gallery-item\"><div class=\"w-gallery-item-img\"><img loading=\"lazy\" decoding=\"async\" width=\"300\" height=\"300\" src=\"https:\/\/fundaciosetba.org\/wp-content\/uploads\/2024\/10\/Dones-_invisibles_sep24_Lleida_035-300x300.jpg\" class=\"attachment-woocommerce_thumbnail size-woocommerce_thumbnail\" alt=\"\" srcset=\"https:\/\/fundaciosetba.org\/wp-content\/uploads\/2024\/10\/Dones-_invisibles_sep24_Lleida_035-300x300.jpg 300w, https:\/\/fundaciosetba.org\/wp-content\/uploads\/2024\/10\/Dones-_invisibles_sep24_Lleida_035-150x150.jpg 150w\" sizes=\"auto, (max-width: 300px) 100vw, 300px\" \/><\/div><a class=\"w-gallery-item-link\" aria-label=\"Dones _invisibles_sep24_Lleida_035\" href=\"https:\/\/fundaciosetba.org\/wp-content\/uploads\/2024\/10\/Dones-_invisibles_sep24_Lleida_035-scaled.jpg\" title=\"Dones _invisibles_sep24_Lleida_035\"><\/a><\/div><div class=\"w-gallery-item\"><div class=\"w-gallery-item-img\"><img loading=\"lazy\" decoding=\"async\" width=\"300\" height=\"300\" src=\"https:\/\/fundaciosetba.org\/wp-content\/uploads\/2024\/10\/Dones-_invisibles_sep24_Lleida_030-300x300.jpg\" class=\"attachment-woocommerce_thumbnail size-woocommerce_thumbnail\" alt=\"\" srcset=\"https:\/\/fundaciosetba.org\/wp-content\/uploads\/2024\/10\/Dones-_invisibles_sep24_Lleida_030-300x300.jpg 300w, https:\/\/fundaciosetba.org\/wp-content\/uploads\/2024\/10\/Dones-_invisibles_sep24_Lleida_030-150x150.jpg 150w\" sizes=\"auto, (max-width: 300px) 100vw, 300px\" \/><\/div><a class=\"w-gallery-item-link\" aria-label=\"Dones _invisibles_sep24_Lleida_030\" href=\"https:\/\/fundaciosetba.org\/wp-content\/uploads\/2024\/10\/Dones-_invisibles_sep24_Lleida_030-scaled.jpg\" title=\"Dones _invisibles_sep24_Lleida_030\"><\/a><\/div><div class=\"w-gallery-item\"><div class=\"w-gallery-item-img\"><img loading=\"lazy\" decoding=\"async\" width=\"300\" height=\"300\" src=\"https:\/\/fundaciosetba.org\/wp-content\/uploads\/2024\/10\/Dones-_invisibles_sep24_Lleida_023-300x300.jpg\" class=\"attachment-woocommerce_thumbnail size-woocommerce_thumbnail\" alt=\"\" srcset=\"https:\/\/fundaciosetba.org\/wp-content\/uploads\/2024\/10\/Dones-_invisibles_sep24_Lleida_023-300x300.jpg 300w, https:\/\/fundaciosetba.org\/wp-content\/uploads\/2024\/10\/Dones-_invisibles_sep24_Lleida_023-150x150.jpg 150w\" sizes=\"auto, (max-width: 300px) 100vw, 300px\" \/><\/div><a class=\"w-gallery-item-link\" aria-label=\"Dones _invisibles_sep24_Lleida_023\" href=\"https:\/\/fundaciosetba.org\/wp-content\/uploads\/2024\/10\/Dones-_invisibles_sep24_Lleida_023-scaled.jpg\" title=\"Dones _invisibles_sep24_Lleida_023\"><\/a><\/div><\/div><\/div>\n<p><em>Fotograf\u00edas de Iolanda Seb\u00e9<\/em><\/p>\n<h4><strong>BIOGRAF\u00cdAS FOT\u00d3GRAFAS<\/strong><\/h4>\n<p><strong>Sandra Balsells<\/strong><\/p>\n<p><img loading=\"lazy\" decoding=\"async\" class=\"alignleft wp-image-38388\" src=\"https:\/\/fundaciosetba.org\/wp-content\/uploads\/2024\/11\/Sandra-by-David-Fabregas_Formentera-abril-2017_IMG_4522-baixa-600x371.jpg\" alt=\"\" width=\"366\" height=\"226\" srcset=\"https:\/\/fundaciosetba.org\/wp-content\/uploads\/2024\/11\/Sandra-by-David-Fabregas_Formentera-abril-2017_IMG_4522-baixa-600x371.jpg 600w, https:\/\/fundaciosetba.org\/wp-content\/uploads\/2024\/11\/Sandra-by-David-Fabregas_Formentera-abril-2017_IMG_4522-baixa-300x185.jpg 300w, https:\/\/fundaciosetba.org\/wp-content\/uploads\/2024\/11\/Sandra-by-David-Fabregas_Formentera-abril-2017_IMG_4522-baixa-1024x633.jpg 1024w, https:\/\/fundaciosetba.org\/wp-content\/uploads\/2024\/11\/Sandra-by-David-Fabregas_Formentera-abril-2017_IMG_4522-baixa-150x93.jpg 150w, https:\/\/fundaciosetba.org\/wp-content\/uploads\/2024\/11\/Sandra-by-David-Fabregas_Formentera-abril-2017_IMG_4522-baixa.jpg 1376w\" sizes=\"auto, (max-width: 366px) 100vw, 366px\" \/>Sandra Balsells, Premio <em>Ortega y Gasset<\/em> a la Mejor Labor Informativa por su trabajo sobre la guerra y la posguerra en la antigua Yugoslavia, lleva 30 a\u00f1os dedicada al fotoperiodismo. Especializada en temas internacionales de gran carga social, utiliza su c\u00e1mara como herramienta testimonial pero sobre todo como herramienta de denuncia.<\/p>\n<p>En 1991, coincidiendo con el proceso de desintegraci\u00f3n de la antigua Yugoslavia, cubre el estallido de la guerra en Croacia como colaboradora freelance del diario brit\u00e1nico <em>The Times<\/em> . Desde entonces y hasta finales del 2000, gran parte de su trayectoria fotogr\u00e1fica se centra en la zona de los Balcanes. Adem\u00e1s, ha realizado numerosos reportajes en Israel, Palestina, M\u00e9xico, Ruman\u00eda, Canad\u00e1, Cuba, Mozambique, Hait\u00ed, Lampedusa y Sicilia. Es autora del libro <em>Balkan in memoriam<\/em> y coautora del libro <em>Montreal Metropole vue par 30 grandes reporteros<\/em> . En el \u00e1mbito televisivo, es coautora de los documentales <em>Dying for the Truth<\/em> y <em>Retratos del alma<\/em> . En los \u00faltimos a\u00f1os ha comisariado varios proyectos fotogr\u00e1ficos entre los que destacan <em>Latidos de un mundo convulso<\/em> , <em>Desaparecidos<\/em> , <em>Antolog\u00eda: Gervasio S\u00e1nchez,<\/em> y <em>Topograf\u00eda de la ira<\/em> . Desde 1995 compagina su trabajo de fotoperiodista con la docencia de la fotograf\u00eda en la Universidad Ramon Llull. <strong><em>F <strong>oto<\/strong> graf\u00eda: David F\u00e0bregas<\/em><\/strong><\/p>\n<p><strong>Laura G\u00e1lvez-Rhein<\/strong><\/p>\n<p><img loading=\"lazy\" decoding=\"async\" class=\" wp-image-38394 alignleft\" src=\"https:\/\/fundaciosetba.org\/wp-content\/uploads\/2024\/11\/Fernando-Galindo-600x338.jpeg\" alt=\"\" width=\"357\" height=\"201\" srcset=\"https:\/\/fundaciosetba.org\/wp-content\/uploads\/2024\/11\/Fernando-Galindo-600x338.jpeg 600w, https:\/\/fundaciosetba.org\/wp-content\/uploads\/2024\/11\/Fernando-Galindo-300x169.jpeg 300w, https:\/\/fundaciosetba.org\/wp-content\/uploads\/2024\/11\/Fernando-Galindo-1024x576.jpeg 1024w, https:\/\/fundaciosetba.org\/wp-content\/uploads\/2024\/11\/Fernando-Galindo-150x84.jpeg 150w, https:\/\/fundaciosetba.org\/wp-content\/uploads\/2024\/11\/Fernando-Galindo.jpeg 1200w\" sizes=\"auto, (max-width: 357px) 100vw, 357px\" \/>Frankfurt am Main, 1998. Se gradu\u00f3 en Fotograf\u00eda en el IEFC en 2019 y se especializ\u00f3 en Creaci\u00f3n y Reflexi\u00f3n Fotogr\u00e1fica. Tambi\u00e9n realiz\u00f3 un curso de Documental y Fotoreportaje en la Universidad de Arte y Ciencias Aplicadas de Hannover (Hochschule Hannover). Explora temas centrados en el autoconocimiento y la introducci\u00f3n de nuevas t\u00e9cnicas, bas\u00e1ndose en la mutaci\u00f3n y la percepci\u00f3n del material, intereses que dieron lugar a los proyectos <em>Parasomnia<\/em> (2017-2019), proyectado en Fundaci\u00f3n Fotocolectania durante las jornadas de <em>El Proyector<\/em> (2019), y <em>Metasomn\u00eda. Those which were good failed too <\/em> (2019). En l&#8217;\u00e0mbit documental, treballa la tem\u00e0tica social amb un enfocament antropol\u00f2gic, i s&#8217;interessa especialment per la identitat i la mem\u00f2ria individual, col\u00b7lectiva i hist\u00f2rica. D&#8217;aquestes inquietuds neixen projectes com &#8220;EX-LIBRIS&#8221; (2019), exposat a KBr Mapfre (KBr Flama&#8217;21), i &#8220;Sergi Mas, comiat diferit&#8221; (2017-2021) publicat per Anem Editors en format fotollibre. El 2023 inaugura la seva primera exposici\u00f3 individual &#8220;La Bellesa Inh\u00f2spita&#8221; amb fotografies d&#8217;espais de centres penitenciaris de Catalunya en col\u00b7laboraci\u00f3 amb la Fundaci\u00f3 Setba. La seva aproximaci\u00f3 emocional a tot all\u00f2 que tracta l&#8217;allunya de vegades dels conceptes acad\u00e8mics del reportatge i la fotografia documental. Viu la imatge com una eina per expressar-se lliurement, de maneres i combinacions infinites. <em><strong>Fotograf\u00eda: Fernando Galindo<\/strong><\/em><\/p>\n<p><strong>Iolanda Seb\u00e9<\/strong><\/p>\n<p><img loading=\"lazy\" decoding=\"async\" class=\" wp-image-38377 alignleft\" src=\"https:\/\/fundaciosetba.org\/wp-content\/uploads\/2024\/11\/Iolanda-Sebe-2-312x400.jpg\" alt=\"\" width=\"312\" height=\"400\" srcset=\"https:\/\/fundaciosetba.org\/wp-content\/uploads\/2024\/11\/Iolanda-Sebe-2-312x400.jpg 312w, https:\/\/fundaciosetba.org\/wp-content\/uploads\/2024\/11\/Iolanda-Sebe-2-234x300.jpg 234w, https:\/\/fundaciosetba.org\/wp-content\/uploads\/2024\/11\/Iolanda-Sebe-2-799x1024.jpg 799w, https:\/\/fundaciosetba.org\/wp-content\/uploads\/2024\/11\/Iolanda-Sebe-2-78x100.jpg 78w, https:\/\/fundaciosetba.org\/wp-content\/uploads\/2024\/11\/Iolanda-Sebe-2-600x769.jpg 600w, https:\/\/fundaciosetba.org\/wp-content\/uploads\/2024\/11\/Iolanda-Sebe-2.jpg 960w\" sizes=\"auto, (max-width: 312px) 100vw, 312px\" \/>Iolanda Seb\u00e9 (Lleida, 1976) tiene una s\u00f3lida formaci\u00f3n fotogr\u00e1fica. Ha trabajado muchos a\u00f1os en estudios de imagen y ya tiene una trayectoria de 19 a\u00f1os con empresa propia en el \u00e1mbito de la fotograf\u00eda. Compagina la labor profesional -fotograf\u00eda de empresa, imagen de marca y publicidad con una faceta m\u00e1s creativa. En este \u00faltimo apartado se pueden citar trabajos como los carteles para los festivales M\u00fasicas Dispersas (MUD), Noche Sonora o Dans\u00e0neu, reportajes de viajes, editoriales de moda para diferentes marcas o, tambi\u00e9n, su incursi\u00f3n en la fotograf\u00eda art\u00edstica.<br \/>\nCon una marcada inclinaci\u00f3n hacia el retrato, su estilo es muy personal. Sus obras tienen siempre un matiz irreverente, on\u00edrico e intemporal y forman parte del fondo de algunas colecciones e instituciones p\u00fablicas y privadas.<\/p>\n<p>Actualmente, gestiona un espacio para creativos, <em>Bang Bang open space<\/em> donde la funci\u00f3n principal es dar visibilidad a nuevos emprendedores, artistas y startups que necesiten un espacio para crear e impulsar su marca junto con otros creativos formando parte de un col .lectivo.<\/p>\n<p>&nbsp;<\/p>\n<p><strong>Lurdes R. Basol\u00ed<\/strong><\/p>\n<p><img loading=\"lazy\" decoding=\"async\" class=\" wp-image-38380 alignleft\" src=\"https:\/\/fundaciosetba.org\/wp-content\/uploads\/2024\/11\/Lurdes-Basoli-499x400.jpg\" alt=\"\" width=\"252\" height=\"202\" srcset=\"https:\/\/fundaciosetba.org\/wp-content\/uploads\/2024\/11\/Lurdes-Basoli-499x400.jpg 499w, https:\/\/fundaciosetba.org\/wp-content\/uploads\/2024\/11\/Lurdes-Basoli-300x240.jpg 300w, https:\/\/fundaciosetba.org\/wp-content\/uploads\/2024\/11\/Lurdes-Basoli-1024x820.jpg 1024w, https:\/\/fundaciosetba.org\/wp-content\/uploads\/2024\/11\/Lurdes-Basoli-125x100.jpg 125w, https:\/\/fundaciosetba.org\/wp-content\/uploads\/2024\/11\/Lurdes-Basoli-600x481.jpg 600w, https:\/\/fundaciosetba.org\/wp-content\/uploads\/2024\/11\/Lurdes-Basoli.jpg 1165w\" sizes=\"auto, (max-width: 252px) 100vw, 252px\" \/>Lurdes R. Basol\u00ed es una fot\u00f3grafa y artista visual catalana, licenciada en Comunicaci\u00f3n Audiovisual, que explora otras narrativas fotogr\u00e1ficas a trav\u00e9s de la creaci\u00f3n de im\u00e1genes o la resignificaci\u00f3n de los archivos fotogr\u00e1ficos. Ha expuesto en festivales y espacios de arte como Fundaci\u00f3n Telef\u00f3nica, CaixaForum, Feria Iberoamericana de Arte (Venezuela), Noorderlicht Photofestival (Holanda); Fotohof Gallerie y Ober\u00f6sterreichisches Landesmuseum (Austria), Fotograf\u00eda Forum Frankfurt (Alemania), Baku Museum of Modern Art (Azerbaiy\u00e1n) o LagosPhoto (Nigeria). Asimismo ha obtenido reconocimientos internacionales como el que le otorg\u00f3 el Inge Morath Award, dedicado a fot\u00f3grafas menores de 30 a\u00f1os, siendo la primera espa\u00f1ola en obtenerlo. Actualmente es artista residente en Roca Umbert F\u00e1brica de las Artes (Granollers), desde donde combina los proyectos personales con los encargos y la docencia.<\/p>\n<p><strong><em>Fotograf\u00eda: Larrutx<\/em><\/strong><\/p>\n<p>&nbsp;<\/p>\n<p><strong>Marta F\u00e0bregas<\/strong><\/p>\n<p><img loading=\"lazy\" decoding=\"async\" class=\"size-us_600_400 wp-image-38384 alignleft\" src=\"https:\/\/fundaciosetba.org\/wp-content\/uploads\/2024\/11\/Marta-Fabregas-294x400.jpg\" alt=\"\" width=\"294\" height=\"400\" srcset=\"https:\/\/fundaciosetba.org\/wp-content\/uploads\/2024\/11\/Marta-Fabregas-294x400.jpg 294w, https:\/\/fundaciosetba.org\/wp-content\/uploads\/2024\/11\/Marta-Fabregas-221x300.jpg 221w, https:\/\/fundaciosetba.org\/wp-content\/uploads\/2024\/11\/Marta-Fabregas-753x1024.jpg 753w, https:\/\/fundaciosetba.org\/wp-content\/uploads\/2024\/11\/Marta-Fabregas-74x100.jpg 74w, https:\/\/fundaciosetba.org\/wp-content\/uploads\/2024\/11\/Marta-Fabregas-600x816.jpg 600w, https:\/\/fundaciosetba.org\/wp-content\/uploads\/2024\/11\/Marta-Fabregas-scaled.jpg 1882w\" sizes=\"auto, (max-width: 294px) 100vw, 294px\" \/>Marta F\u00e0bregas, directora art\u00edstica del proyecto <em>Traspasando el objetivo<\/em> , lleva al ADN todo lo relacionado con la imagen; desde siempre le ha apasionado el lenguaje visual. Por eso se ha dedicado a la fotograf\u00eda, su pasi\u00f3n, que adem\u00e1s le ha permitido unir su parte art\u00edstica con el empresarial. Su principal talento es saber captar de una forma r\u00e1pida y natural la belleza que existe en las cosas que nos rodean, por eso sus obras son tan potentes. Sin duda, su empat\u00eda, implicaci\u00f3n y creatividad hacen que cada proyecto en el que trabaja tenga una fuerza y un car\u00e1cter que le hacen especial y \u00fanico.<\/p>\n<p>Su obra forma parte de la colecci\u00f3n privada de la Fundaci\u00f3 Llu\u00eds Bassat y la Fundaci\u00f3n Artemizia. Fue co-directora de la primera edici\u00f3n del festival de fotograf\u00eda \u201cLum\u00ednic\u201d, que tuvo lugar en Sant Cugat durante la primavera de 2019. Tambi\u00e9n forma parte de la junta directiva del congreso \u201cL\u00edder imperfecto\u201d como \u201cExperta en arte y empresa\u201d y es Presidenta de la Red de Mujeres Emprendedoras de Sant Cugat (XDESC). <strong><em>Fotograf\u00eda: Consuelo A.<\/em><\/strong><\/p>\n","protected":false},"excerpt":{"rendered":"<p>En el marco de la exposici\u00f3n Mujeres Invisibles en la Sala de Exposiciones del Ayuntamiento de Lleida se organiza la mesa redonda Mujer, fotograf\u00eda y prisi\u00f3n, un espacio de reflexi\u00f3n que reunir\u00e1 a varias profesionales del mundo de la fotograf\u00eda y la cultura para explorar c\u00f3mo la fotograf\u00eda se convierte en una herramienta de transformaci\u00f3n social en contextos de privaci\u00f3n de libertad.<\/p>\n","protected":false},"author":1,"featured_media":38362,"comment_status":"closed","ping_status":"closed","sticky":false,"template":"","format":"standard","meta":{"footnotes":""},"categories":[1350],"tags":[],"class_list":["post-38472","post","type-post","status-publish","format-standard","has-post-thumbnail","hentry","category-traspasando-el-objetivo-es"],"_links":{"self":[{"href":"https:\/\/fundaciosetba.org\/es\/wp-json\/wp\/v2\/posts\/38472","targetHints":{"allow":["GET"]}}],"collection":[{"href":"https:\/\/fundaciosetba.org\/es\/wp-json\/wp\/v2\/posts"}],"about":[{"href":"https:\/\/fundaciosetba.org\/es\/wp-json\/wp\/v2\/types\/post"}],"author":[{"embeddable":true,"href":"https:\/\/fundaciosetba.org\/es\/wp-json\/wp\/v2\/users\/1"}],"replies":[{"embeddable":true,"href":"https:\/\/fundaciosetba.org\/es\/wp-json\/wp\/v2\/comments?post=38472"}],"version-history":[{"count":1,"href":"https:\/\/fundaciosetba.org\/es\/wp-json\/wp\/v2\/posts\/38472\/revisions"}],"predecessor-version":[{"id":38473,"href":"https:\/\/fundaciosetba.org\/es\/wp-json\/wp\/v2\/posts\/38472\/revisions\/38473"}],"wp:featuredmedia":[{"embeddable":true,"href":"https:\/\/fundaciosetba.org\/es\/wp-json\/wp\/v2\/media\/38362"}],"wp:attachment":[{"href":"https:\/\/fundaciosetba.org\/es\/wp-json\/wp\/v2\/media?parent=38472"}],"wp:term":[{"taxonomy":"category","embeddable":true,"href":"https:\/\/fundaciosetba.org\/es\/wp-json\/wp\/v2\/categories?post=38472"},{"taxonomy":"post_tag","embeddable":true,"href":"https:\/\/fundaciosetba.org\/es\/wp-json\/wp\/v2\/tags?post=38472"}],"curies":[{"name":"wp","href":"https:\/\/api.w.org\/{rel}","templated":true}]}}