{"id":38511,"date":"2024-11-19T13:11:25","date_gmt":"2024-11-19T12:11:25","guid":{"rendered":"https:\/\/fundaciosetba.org\/asi-ha-sido-la-formacion-de-acuarela-del-proyecto-magistrals-con-el-artista-paula-leiva\/"},"modified":"2024-11-21T09:01:24","modified_gmt":"2024-11-21T08:01:24","slug":"asi-ha-sido-la-formacion-de-acuarela-del-proyecto-magistrals-con-el-artista-paula-leiva","status":"publish","type":"post","link":"https:\/\/fundaciosetba.org\/es\/asi-ha-sido-la-formacion-de-acuarela-del-proyecto-magistrals-con-el-artista-paula-leiva\/","title":{"rendered":"As\u00ed ha sido la formaci\u00f3n de acuarela del proyecto Magistrals con el artista Paula Leiva"},"content":{"rendered":"<p>La cuarta edici\u00f3n del proyecto Magistrals ha sido todo un \u00e9xito gracias a la direcci\u00f3n de la pintora, profesora, ilustradora y cal\u00edgrafa Paula Leiva Granger. <strong>\u201cEl artista ha conectado mucho con todos los alumnos, utilizando una metodolog\u00eda que potencia las habilidades personales de cada uno<\/strong> . Esto ha permitido que los participantes experimentaran un crecimiento tanto en confianza como en habilidades art\u00edsticas&#8221;, explica la Fundaci\u00f3n Arc de Sant Mart\u00ed, participante de esta edici\u00f3n. Este proyecto, que cada a\u00f1o cuenta con diferentes artistas de renombre <span>\u2014hasta ahora <strong>Jaime S\u00fanico, Laura Klamburg y Marta F\u00e0bregas<\/strong> \u2014<\/span> , tiene como objetivo mejorar la calidad de los talleres art\u00edsticos que se realizan en diversas entidades del sector de la discapacidad de Catalu\u00f1a, as\u00ed como fomentar la expresi\u00f3n art\u00edstica y <strong>el<\/strong> desarrollo personal de los usuarios. Paula Leiva, artista con m\u00e1s de 40 a\u00f1os de experiencia, ha dirigido las sesiones de formaci\u00f3n online y presencial centradas en la t\u00e9cnica de la acuarela. <strong>el Centro Ocupacional Les Corts, la Fundaci\u00f3n Maresme, la Fundaci\u00f3n Privada Arc de Sant Mart\u00ed, la Fundaci\u00f3n TEAS y el Centro Ocupacional Condal\u2014 han participado en el proyecto<\/strong> , valorando mucho positivamente la experiencia.<\/p>\n<h4><strong>\u00bfY c\u00f3mo se ha llevado a cabo esta formaci\u00f3n?<\/strong><\/h4>\n<p>Desde marzo hasta junio, las entidades trabajaron la t\u00e9cnico v\u00eda online a trav\u00e9s de unas c\u00e1psulas de v\u00eddeo, donde Leiva contaba la historia de la acuarela y les mostraba y ped\u00eda dos ejercicios pr\u00e1cticos. Se puede ver en nuestro canal de Youtube.<\/p>\n<p><iframe loading=\"lazy\" title=\"Pintar amb aquarel\u00b7la | Paula Leiva | Formacions Magistrals 2024\" width=\"640\" height=\"360\" src=\"https:\/\/www.youtube.com\/embed\/tZQoa7QkQLM?feature=oembed\" frameborder=\"0\" allow=\"accelerometer; autoplay; clipboard-write; encrypted-media; gyroscope; picture-in-picture; web-share\" referrerpolicy=\"strict-origin-when-cross-origin\" allowfullscreen><\/iframe><\/p>\n<p>El 1 de octubre invitamos a los profesionales de los talleres de arte de las entidades a la Fundaci\u00f3n para dar una clase con el artista Paula Leiva y resolver todas las dudas surgidas durante la formaci\u00f3n.<\/p>\n<div class=\"w-gallery fit_cover wp_gallery type_grid action_popup_image ratio_1x1 count_6\" style=\"--columns:3;--items-gap:8px;\"><div class=\"w-gallery-list\"><div class=\"w-gallery-item\"><div class=\"w-gallery-item-img\"><img loading=\"lazy\" decoding=\"async\" width=\"300\" height=\"300\" src=\"https:\/\/fundaciosetba.org\/wp-content\/uploads\/2024\/11\/photo_5897575351582835675_y-300x300.jpg\" class=\"attachment-woocommerce_thumbnail size-woocommerce_thumbnail\" alt=\"\" srcset=\"https:\/\/fundaciosetba.org\/wp-content\/uploads\/2024\/11\/photo_5897575351582835675_y-300x300.jpg 300w, https:\/\/fundaciosetba.org\/wp-content\/uploads\/2024\/11\/photo_5897575351582835675_y-150x150.jpg 150w\" sizes=\"auto, (max-width: 300px) 100vw, 300px\" \/><\/div><a class=\"w-gallery-item-link\" aria-label=\"photo_5897575351582835675_y\" href=\"https:\/\/fundaciosetba.org\/wp-content\/uploads\/2024\/11\/photo_5897575351582835675_y.jpg\" title=\"photo_5897575351582835675_y\"><\/a><\/div><div class=\"w-gallery-item\"><div class=\"w-gallery-item-img\"><img loading=\"lazy\" decoding=\"async\" width=\"300\" height=\"300\" src=\"https:\/\/fundaciosetba.org\/wp-content\/uploads\/2024\/11\/photo_5897575351582835677_y-300x300.jpg\" class=\"attachment-woocommerce_thumbnail size-woocommerce_thumbnail\" alt=\"\" srcset=\"https:\/\/fundaciosetba.org\/wp-content\/uploads\/2024\/11\/photo_5897575351582835677_y-300x300.jpg 300w, https:\/\/fundaciosetba.org\/wp-content\/uploads\/2024\/11\/photo_5897575351582835677_y-150x150.jpg 150w\" sizes=\"auto, (max-width: 300px) 100vw, 300px\" \/><\/div><a class=\"w-gallery-item-link\" aria-label=\"photo_5897575351582835677_y\" href=\"https:\/\/fundaciosetba.org\/wp-content\/uploads\/2024\/11\/photo_5897575351582835677_y.jpg\" title=\"photo_5897575351582835677_y\"><\/a><\/div><div class=\"w-gallery-item\"><div class=\"w-gallery-item-img\"><img loading=\"lazy\" decoding=\"async\" width=\"300\" height=\"300\" src=\"https:\/\/fundaciosetba.org\/wp-content\/uploads\/2024\/11\/photo_5897575351582835685_y-300x300.jpg\" class=\"attachment-woocommerce_thumbnail size-woocommerce_thumbnail\" alt=\"\" srcset=\"https:\/\/fundaciosetba.org\/wp-content\/uploads\/2024\/11\/photo_5897575351582835685_y-300x300.jpg 300w, https:\/\/fundaciosetba.org\/wp-content\/uploads\/2024\/11\/photo_5897575351582835685_y-150x150.jpg 150w\" sizes=\"auto, (max-width: 300px) 100vw, 300px\" \/><\/div><a class=\"w-gallery-item-link\" aria-label=\"photo_5897575351582835685_y\" href=\"https:\/\/fundaciosetba.org\/wp-content\/uploads\/2024\/11\/photo_5897575351582835685_y.jpg\" title=\"photo_5897575351582835685_y\"><\/a><\/div><div class=\"w-gallery-item\"><div class=\"w-gallery-item-img\"><img loading=\"lazy\" decoding=\"async\" width=\"300\" height=\"300\" src=\"https:\/\/fundaciosetba.org\/wp-content\/uploads\/2024\/11\/photo_5897575351582835687_y-300x300.jpg\" class=\"attachment-woocommerce_thumbnail size-woocommerce_thumbnail\" alt=\"\" srcset=\"https:\/\/fundaciosetba.org\/wp-content\/uploads\/2024\/11\/photo_5897575351582835687_y-300x300.jpg 300w, https:\/\/fundaciosetba.org\/wp-content\/uploads\/2024\/11\/photo_5897575351582835687_y-150x150.jpg 150w\" sizes=\"auto, (max-width: 300px) 100vw, 300px\" \/><\/div><a class=\"w-gallery-item-link\" aria-label=\"photo_5897575351582835687_y\" href=\"https:\/\/fundaciosetba.org\/wp-content\/uploads\/2024\/11\/photo_5897575351582835687_y.jpg\" title=\"photo_5897575351582835687_y\"><\/a><\/div><div class=\"w-gallery-item\"><div class=\"w-gallery-item-img\"><img loading=\"lazy\" decoding=\"async\" width=\"300\" height=\"300\" src=\"https:\/\/fundaciosetba.org\/wp-content\/uploads\/2024\/11\/photo_5897575351582835688_y-300x300.jpg\" class=\"attachment-woocommerce_thumbnail size-woocommerce_thumbnail\" alt=\"\" srcset=\"https:\/\/fundaciosetba.org\/wp-content\/uploads\/2024\/11\/photo_5897575351582835688_y-300x300.jpg 300w, https:\/\/fundaciosetba.org\/wp-content\/uploads\/2024\/11\/photo_5897575351582835688_y-150x150.jpg 150w\" sizes=\"auto, (max-width: 300px) 100vw, 300px\" \/><\/div><a class=\"w-gallery-item-link\" aria-label=\"photo_5897575351582835688_y\" href=\"https:\/\/fundaciosetba.org\/wp-content\/uploads\/2024\/11\/photo_5897575351582835688_y.jpg\" title=\"photo_5897575351582835688_y\"><\/a><\/div><div class=\"w-gallery-item\"><div class=\"w-gallery-item-img\"><img loading=\"lazy\" decoding=\"async\" width=\"300\" height=\"300\" src=\"https:\/\/fundaciosetba.org\/wp-content\/uploads\/2024\/11\/photo_5897575351582835690_y-300x300.jpg\" class=\"attachment-woocommerce_thumbnail size-woocommerce_thumbnail\" alt=\"\" srcset=\"https:\/\/fundaciosetba.org\/wp-content\/uploads\/2024\/11\/photo_5897575351582835690_y-300x300.jpg 300w, https:\/\/fundaciosetba.org\/wp-content\/uploads\/2024\/11\/photo_5897575351582835690_y-150x150.jpg 150w\" sizes=\"auto, (max-width: 300px) 100vw, 300px\" \/><\/div><a class=\"w-gallery-item-link\" aria-label=\"photo_5897575351582835690_y\" href=\"https:\/\/fundaciosetba.org\/wp-content\/uploads\/2024\/11\/photo_5897575351582835690_y.jpg\" title=\"photo_5897575351582835690_y\"><\/a><\/div><\/div><\/div>\n<p>Finalmente, durante los meses de octubre y noviembre, la artista Paula Leiva ha visitado todos los centros participantes para conocer a todos los usuarios y usuarias de los talleres para realizar una \u00faltima formaci\u00f3n de acuarela. En ella, trabajaron las mezclas de colores. En total, han sido 73 personas que han gozado de la formaci\u00f3n. Las entidades participantes expresaron su entusiasmo por los conocimientos adquiridos. Desde el Centro Ocupacional Condal, destacaron: \u201cCada taller formativo nos inspira y llena de conocimiento.\u201d Este sentimiento se repiti\u00f3 en varios centros, en los que los profesionales apreciaron la oportunidad de aprender de las t\u00e9cnicas y metodolog\u00eda de una artista profesional, aspecto que les ha ayudado a enriquecer sus propios talleres. Adem\u00e1s, la Fundaci\u00f3n TEAS subray\u00f3 el impacto emocional que tuvo la formaci\u00f3n sobre sus usuarios, se\u00f1alando que: \u201cLos usuarios ya ten\u00edan nociones de acuarela, pero la presencia de Paula Leiva les ha motivado a perfeccionar su t\u00e9cnica y han aprendido c\u00f3mo utilizar nuevos materiales. Terminaron las sesiones orgullosos del trabajo realizado, y \u00e9ste es el mejor resultado que pod\u00edamos esperar.<\/p>\n<div class=\"w-gallery fit_cover wp_gallery type_masonry action_popup_image with_isotope ratio_auto count_10\" style=\"--columns:5;--items-gap:8px;\"><div class=\"w-gallery-list\"><div class=\"w-gallery-item\"><div class=\"w-gallery-item-img\"><img loading=\"lazy\" decoding=\"async\" width=\"300\" height=\"300\" src=\"https:\/\/fundaciosetba.org\/wp-content\/uploads\/2024\/11\/WhatsApp-Image-2024-11-18-at-12.37.25-3-300x300.jpeg\" class=\"attachment-woocommerce_thumbnail size-woocommerce_thumbnail\" alt=\"\" srcset=\"https:\/\/fundaciosetba.org\/wp-content\/uploads\/2024\/11\/WhatsApp-Image-2024-11-18-at-12.37.25-3-300x300.jpeg 300w, https:\/\/fundaciosetba.org\/wp-content\/uploads\/2024\/11\/WhatsApp-Image-2024-11-18-at-12.37.25-3-150x150.jpeg 150w\" sizes=\"auto, (max-width: 300px) 100vw, 300px\" \/><\/div><div class=\"w-gallery-item-meta\"><div class=\"w-gallery-item-title\">Arc de Sant Mart\u00ed<\/div><\/div><a class=\"w-gallery-item-link\" aria-label=\"Arc de Sant Mart\u00ed\" href=\"https:\/\/fundaciosetba.org\/wp-content\/uploads\/2024\/11\/WhatsApp-Image-2024-11-18-at-12.37.25-3.jpeg\" title=\"Arc de Sant Mart\u00ed\"><\/a><\/div><div class=\"w-gallery-item\"><div class=\"w-gallery-item-img\"><img loading=\"lazy\" decoding=\"async\" width=\"300\" height=\"300\" src=\"https:\/\/fundaciosetba.org\/wp-content\/uploads\/2024\/11\/WhatsApp-Image-2024-11-18-at-12.37.27-7-300x300.jpeg\" class=\"attachment-woocommerce_thumbnail size-woocommerce_thumbnail\" alt=\"\" srcset=\"https:\/\/fundaciosetba.org\/wp-content\/uploads\/2024\/11\/WhatsApp-Image-2024-11-18-at-12.37.27-7-300x300.jpeg 300w, https:\/\/fundaciosetba.org\/wp-content\/uploads\/2024\/11\/WhatsApp-Image-2024-11-18-at-12.37.27-7-150x150.jpeg 150w\" sizes=\"auto, (max-width: 300px) 100vw, 300px\" \/><\/div><div class=\"w-gallery-item-meta\"><div class=\"w-gallery-item-title\">Arc de Sant Mart\u00ed<\/div><\/div><a class=\"w-gallery-item-link\" aria-label=\"Arc de Sant Mart\u00ed\" href=\"https:\/\/fundaciosetba.org\/wp-content\/uploads\/2024\/11\/WhatsApp-Image-2024-11-18-at-12.37.27-7.jpeg\" title=\"Arc de Sant Mart\u00ed\"><\/a><\/div><div class=\"w-gallery-item\"><div class=\"w-gallery-item-img\"><img loading=\"lazy\" decoding=\"async\" width=\"300\" height=\"300\" src=\"https:\/\/fundaciosetba.org\/wp-content\/uploads\/2024\/11\/WhatsApp-Image-2024-11-18-at-12.37.28-9-300x300.jpeg\" class=\"attachment-woocommerce_thumbnail size-woocommerce_thumbnail\" alt=\"\" srcset=\"https:\/\/fundaciosetba.org\/wp-content\/uploads\/2024\/11\/WhatsApp-Image-2024-11-18-at-12.37.28-9-300x300.jpeg 300w, https:\/\/fundaciosetba.org\/wp-content\/uploads\/2024\/11\/WhatsApp-Image-2024-11-18-at-12.37.28-9-150x150.jpeg 150w\" sizes=\"auto, (max-width: 300px) 100vw, 300px\" \/><\/div><div class=\"w-gallery-item-meta\"><div class=\"w-gallery-item-title\">Arc de Sant Mart\u00ed<\/div><\/div><a class=\"w-gallery-item-link\" aria-label=\"Arc de Sant Mart\u00ed\" href=\"https:\/\/fundaciosetba.org\/wp-content\/uploads\/2024\/11\/WhatsApp-Image-2024-11-18-at-12.37.28-9.jpeg\" title=\"Arc de Sant Mart\u00ed\"><\/a><\/div><div class=\"w-gallery-item\"><div class=\"w-gallery-item-img\"><img loading=\"lazy\" decoding=\"async\" width=\"300\" height=\"300\" src=\"https:\/\/fundaciosetba.org\/wp-content\/uploads\/2024\/11\/WhatsApp-Image-2024-11-18-at-12.37.29-3-300x300.jpeg\" class=\"attachment-woocommerce_thumbnail size-woocommerce_thumbnail\" alt=\"\" srcset=\"https:\/\/fundaciosetba.org\/wp-content\/uploads\/2024\/11\/WhatsApp-Image-2024-11-18-at-12.37.29-3-300x300.jpeg 300w, https:\/\/fundaciosetba.org\/wp-content\/uploads\/2024\/11\/WhatsApp-Image-2024-11-18-at-12.37.29-3-150x150.jpeg 150w\" sizes=\"auto, (max-width: 300px) 100vw, 300px\" \/><\/div><div class=\"w-gallery-item-meta\"><div class=\"w-gallery-item-title\">Arc de Sant Mart\u00ed<\/div><\/div><a class=\"w-gallery-item-link\" aria-label=\"Arc de Sant Mart\u00ed\" href=\"https:\/\/fundaciosetba.org\/wp-content\/uploads\/2024\/11\/WhatsApp-Image-2024-11-18-at-12.37.29-3.jpeg\" title=\"Arc de Sant Mart\u00ed\"><\/a><\/div><div class=\"w-gallery-item\"><div class=\"w-gallery-item-img\"><img loading=\"lazy\" decoding=\"async\" width=\"300\" height=\"300\" src=\"https:\/\/fundaciosetba.org\/wp-content\/uploads\/2024\/11\/IMG-20241015-WA00522-300x300.jpg\" class=\"attachment-woocommerce_thumbnail size-woocommerce_thumbnail\" alt=\"\" srcset=\"https:\/\/fundaciosetba.org\/wp-content\/uploads\/2024\/11\/IMG-20241015-WA00522-300x300.jpg 300w, https:\/\/fundaciosetba.org\/wp-content\/uploads\/2024\/11\/IMG-20241015-WA00522-150x150.jpg 150w\" sizes=\"auto, (max-width: 300px) 100vw, 300px\" \/><\/div><div class=\"w-gallery-item-meta\"><div class=\"w-gallery-item-title\">CO Condal<\/div><\/div><a class=\"w-gallery-item-link\" aria-label=\"CO Condal\" href=\"https:\/\/fundaciosetba.org\/wp-content\/uploads\/2024\/11\/IMG-20241015-WA00522.jpg\" title=\"CO Condal\"><\/a><\/div><div class=\"w-gallery-item\"><div class=\"w-gallery-item-img\"><img loading=\"lazy\" decoding=\"async\" width=\"300\" height=\"300\" src=\"https:\/\/fundaciosetba.org\/wp-content\/uploads\/2024\/11\/IMG20241015092726-300x300.jpg\" class=\"attachment-woocommerce_thumbnail size-woocommerce_thumbnail\" alt=\"\" srcset=\"https:\/\/fundaciosetba.org\/wp-content\/uploads\/2024\/11\/IMG20241015092726-300x300.jpg 300w, https:\/\/fundaciosetba.org\/wp-content\/uploads\/2024\/11\/IMG20241015092726-150x150.jpg 150w\" sizes=\"auto, (max-width: 300px) 100vw, 300px\" \/><\/div><div class=\"w-gallery-item-meta\"><div class=\"w-gallery-item-title\">oplus_262178<\/div><\/div><a class=\"w-gallery-item-link\" aria-label=\"oplus_262178\" href=\"https:\/\/fundaciosetba.org\/wp-content\/uploads\/2024\/11\/IMG20241015092726-scaled.jpg\" title=\"oplus_262178\"><\/a><\/div><div class=\"w-gallery-item\"><div class=\"w-gallery-item-img\"><img loading=\"lazy\" decoding=\"async\" width=\"300\" height=\"300\" src=\"https:\/\/fundaciosetba.org\/wp-content\/uploads\/2024\/11\/IMG202410151059442-300x300.jpg\" class=\"attachment-woocommerce_thumbnail size-woocommerce_thumbnail\" alt=\"\" srcset=\"https:\/\/fundaciosetba.org\/wp-content\/uploads\/2024\/11\/IMG202410151059442-300x300.jpg 300w, https:\/\/fundaciosetba.org\/wp-content\/uploads\/2024\/11\/IMG202410151059442-150x150.jpg 150w\" sizes=\"auto, (max-width: 300px) 100vw, 300px\" \/><\/div><div class=\"w-gallery-item-meta\"><div class=\"w-gallery-item-title\">oplus_262178<\/div><\/div><a class=\"w-gallery-item-link\" aria-label=\"oplus_262178\" href=\"https:\/\/fundaciosetba.org\/wp-content\/uploads\/2024\/11\/IMG202410151059442-scaled.jpg\" title=\"oplus_262178\"><\/a><\/div><div class=\"w-gallery-item\"><div class=\"w-gallery-item-img\"><img loading=\"lazy\" decoding=\"async\" width=\"300\" height=\"300\" src=\"https:\/\/fundaciosetba.org\/wp-content\/uploads\/2024\/11\/IMG_0092-300x300.jpeg\" class=\"attachment-woocommerce_thumbnail size-woocommerce_thumbnail\" alt=\"\" srcset=\"https:\/\/fundaciosetba.org\/wp-content\/uploads\/2024\/11\/IMG_0092-300x300.jpeg 300w, https:\/\/fundaciosetba.org\/wp-content\/uploads\/2024\/11\/IMG_0092-150x150.jpeg 150w\" sizes=\"auto, (max-width: 300px) 100vw, 300px\" \/><\/div><div class=\"w-gallery-item-meta\"><div class=\"w-gallery-item-title\">Fundaci\u00f3 el Maresme<\/div><\/div><a class=\"w-gallery-item-link\" aria-label=\"Fundaci\u00f3 el Maresme\" href=\"https:\/\/fundaciosetba.org\/wp-content\/uploads\/2024\/11\/IMG_0092.jpeg\" title=\"Fundaci\u00f3 el Maresme\"><\/a><\/div><div class=\"w-gallery-item\"><div class=\"w-gallery-item-img\"><img loading=\"lazy\" decoding=\"async\" width=\"300\" height=\"300\" src=\"https:\/\/fundaciosetba.org\/wp-content\/uploads\/2024\/11\/IMG_0094-300x300.jpeg\" class=\"attachment-woocommerce_thumbnail size-woocommerce_thumbnail\" alt=\"\" srcset=\"https:\/\/fundaciosetba.org\/wp-content\/uploads\/2024\/11\/IMG_0094-300x300.jpeg 300w, https:\/\/fundaciosetba.org\/wp-content\/uploads\/2024\/11\/IMG_0094-150x150.jpeg 150w\" sizes=\"auto, (max-width: 300px) 100vw, 300px\" \/><\/div><div class=\"w-gallery-item-meta\"><div class=\"w-gallery-item-title\">Fundaci\u00f3 el Maresme<\/div><\/div><a class=\"w-gallery-item-link\" aria-label=\"Fundaci\u00f3 el Maresme\" href=\"https:\/\/fundaciosetba.org\/wp-content\/uploads\/2024\/11\/IMG_0094.jpeg\" title=\"Fundaci\u00f3 el Maresme\"><\/a><\/div><div class=\"w-gallery-item\"><div class=\"w-gallery-item-img\"><img loading=\"lazy\" decoding=\"async\" width=\"300\" height=\"300\" src=\"https:\/\/fundaciosetba.org\/wp-content\/uploads\/2024\/11\/Tere-300x300.jpeg\" class=\"attachment-woocommerce_thumbnail size-woocommerce_thumbnail\" alt=\"\" srcset=\"https:\/\/fundaciosetba.org\/wp-content\/uploads\/2024\/11\/Tere-300x300.jpeg 300w, https:\/\/fundaciosetba.org\/wp-content\/uploads\/2024\/11\/Tere-150x150.jpeg 150w\" sizes=\"auto, (max-width: 300px) 100vw, 300px\" \/><\/div><div class=\"w-gallery-item-meta\"><div class=\"w-gallery-item-title\">Fundaci\u00f3 el Maresme<\/div><\/div><a class=\"w-gallery-item-link\" aria-label=\"Fundaci\u00f3 el Maresme\" href=\"https:\/\/fundaciosetba.org\/wp-content\/uploads\/2024\/11\/Tere.jpeg\" title=\"Fundaci\u00f3 el Maresme\"><\/a><\/div><\/div><\/div>\n<p>&nbsp;<\/p>\n<p>Con esta edici\u00f3n, Magistrals se consolida como un proyecto fundamental para la formaci\u00f3n art\u00edstica de personas con discapacidad, ofreciendo herramientas creativas, t\u00e9cnicas y de expresi\u00f3n emocional, estableciendo v\u00ednculos de apoyo e inspiraci\u00f3n entre profesionales y usuarios. El impacto positivo de la formaci\u00f3n liderada por Paula Leiva ha quedado reflejado en los testimonios de las entidades participantes, que esperan poder seguir aplicando lo aprendido en sus futuros talleres. Este proyecto ha sido posible gracias a la colaboraci\u00f3n de entidades como Bizcabar Patrimonio y Capital Care, patrocinadores del proyecto, y con el apoyo de instituciones como el Ayuntamiento de Barcelona, \u200b\u200bBarna Art, Bardinet, Galer\u00edas de Arte de Catalu\u00f1a , Dincat, Ideal Barcelona, \u200b\u200bMuseo Inmersivo del Bar\u00e7a, Fundaci\u00f3n \u201cla Caixa\u201d, IED Barcelona, \u200b\u200bPinturas Mir, Pigment Gallery y la Fundaci\u00f3n Bar\u00e7a Genuine.<\/p>\n","protected":false},"excerpt":{"rendered":"<p>La cuarta edici\u00f3n del proyecto Magistrals ha sido todo un \u00e9xito gracias a la direcci\u00f3n de la pintora, profesora, ilustradora y cal\u00edgrafa Paula Leiva Granger.<\/p>\n","protected":false},"author":1,"featured_media":38465,"comment_status":"closed","ping_status":"closed","sticky":false,"template":"","format":"standard","meta":{"footnotes":""},"categories":[1352],"tags":[],"class_list":["post-38511","post","type-post","status-publish","format-standard","has-post-thumbnail","hentry","category-magistrales-es"],"_links":{"self":[{"href":"https:\/\/fundaciosetba.org\/es\/wp-json\/wp\/v2\/posts\/38511","targetHints":{"allow":["GET"]}}],"collection":[{"href":"https:\/\/fundaciosetba.org\/es\/wp-json\/wp\/v2\/posts"}],"about":[{"href":"https:\/\/fundaciosetba.org\/es\/wp-json\/wp\/v2\/types\/post"}],"author":[{"embeddable":true,"href":"https:\/\/fundaciosetba.org\/es\/wp-json\/wp\/v2\/users\/1"}],"replies":[{"embeddable":true,"href":"https:\/\/fundaciosetba.org\/es\/wp-json\/wp\/v2\/comments?post=38511"}],"version-history":[{"count":1,"href":"https:\/\/fundaciosetba.org\/es\/wp-json\/wp\/v2\/posts\/38511\/revisions"}],"predecessor-version":[{"id":38512,"href":"https:\/\/fundaciosetba.org\/es\/wp-json\/wp\/v2\/posts\/38511\/revisions\/38512"}],"wp:featuredmedia":[{"embeddable":true,"href":"https:\/\/fundaciosetba.org\/es\/wp-json\/wp\/v2\/media\/38465"}],"wp:attachment":[{"href":"https:\/\/fundaciosetba.org\/es\/wp-json\/wp\/v2\/media?parent=38511"}],"wp:term":[{"taxonomy":"category","embeddable":true,"href":"https:\/\/fundaciosetba.org\/es\/wp-json\/wp\/v2\/categories?post=38511"},{"taxonomy":"post_tag","embeddable":true,"href":"https:\/\/fundaciosetba.org\/es\/wp-json\/wp\/v2\/tags?post=38511"}],"curies":[{"name":"wp","href":"https:\/\/api.w.org\/{rel}","templated":true}]}}