{"id":38617,"date":"2024-12-02T17:44:27","date_gmt":"2024-12-02T16:44:27","guid":{"rendered":"https:\/\/fundaciosetba.org\/la-escultora-e-ilustradora-meritxell-duran-es-la-nueva-directora-artistica-del-proyecto-magistrals-2025\/"},"modified":"2024-12-04T10:51:08","modified_gmt":"2024-12-04T09:51:08","slug":"la-escultora-e-ilustradora-meritxell-duran-es-la-nueva-directora-artistica-del-proyecto-magistrals-2025","status":"publish","type":"post","link":"https:\/\/fundaciosetba.org\/es\/la-escultora-e-ilustradora-meritxell-duran-es-la-nueva-directora-artistica-del-proyecto-magistrals-2025\/","title":{"rendered":"La escultora e ilustradora Meritxell Duran es la nueva directora art\u00edstica del proyecto Magistrals 2025"},"content":{"rendered":"<p>La artista Meritxell Duran es la nueva directora art\u00edstica de la quinta edici\u00f3n del proyecto <em>Magistrals<\/em> . Este programa formativo colabora con distintos artistas de renombre en cada edici\u00f3n, ofreciendo experiencias \u00fanicas a los participantes. En ediciones anteriores, el proyecto ha estado liderado por profesionales como el pintor <strong>Jaime S\u00fanico<\/strong> , la dise\u00f1adora <strong>Laura Klamburg,<\/strong> la artista <strong>Marta F\u00e0bregas<\/strong> y la acuarelista y cal\u00edgrafa <strong>Paula Leiva,<\/strong> consolid\u00e1ndose como una iniciativa de referencia. En esta quinta edici\u00f3n, <strong>Meritxell Duran<\/strong> nos llevar\u00e1 al mundo de la escultura a trav\u00e9s del trabajo con arcilla. Esta experiencia contar\u00e1 con la participaci\u00f3n de cinco entidades del sector de la discapacidad intelectual en Catalu\u00f1a:<\/p>\n<ul>\n<li>Centro Ocupacional Condal \u2013 Barcelona<\/li>\n<li>Asociaci\u00f3n Taller Baix Camp \u2013 Reus<\/li>\n<li>Fundaci\u00f3n Catalana Privada S\u00edndrome de Down \u2013 Barcelona<\/li>\n<li>Fundaci\u00f3n AMPANS \u2013 Manresa<\/li>\n<li>Alterarte (Centro de Formaci\u00f3n y Prevenci\u00f3n) \u2013 Matar\u00f3<\/li>\n<\/ul>\n<p>Los objetivos del proyecto <em>Magistrals<\/em> son mejorar la calidad de los talleres art\u00edsticos que se llevan a cabo en estas entidades y ayudar a los profesionales a identificar y potenciar el talento art\u00edstico de las personas usuarias.<\/p>\n<h4><strong>Acerca de Meritxell Duran<\/strong><\/h4>\n<p>Meritxell Duran (Barcelona, \u200b\u200b1964) es una creadora multidisciplinar que trabaja en los \u00e1mbitos de la ilustraci\u00f3n, la escultura y el dise\u00f1o de objetos. Su obra destaca por una conexi\u00f3n profunda con la naturaleza, un sutil humor y una sensibilidad que busca sorprender y emocionar. En su trayectoria como profesora, ha ense\u00f1ado en escuelas de arte y dise\u00f1o de referencia como Eina, Massana, Elisava, EPGB e IDEP. Como ilustradora, ha colaborado con medios como <em>La Vanguardia<\/em> , <em>El Mundo<\/em> e <em>International Herald Tribune<\/em> y ha trabajado con clientes de renombre como Nani Marquina, Renault, DO Montsant y el Ayuntamiento de Barcelona. En 2018, Duran se traslad\u00f3 al Montseny, donde fund\u00f3 el proyecto <em>OBJECTES<\/em> , dedicado a la creaci\u00f3n de utensilios de cer\u00e1mica artesanal con t\u00e9cnicas tradicionales y un toque contempor\u00e1neo. Este proyecto es un homenaje al mundo rural ya los valores que representa: sencillez, generosidad y autenticidad. Sus obras se exponen en galer\u00edas internacionales como la Emma Scully Gallery de Nueva York o la Galer\u00eda Philia en Suiza.<\/p>\n<h4><strong>Colaboradores del proyecto<\/strong><\/h4>\n<p>El proyecto Magistrals est\u00e1 organizado por la Fundaci\u00f3 Setba y cuenta con el patrocinio de Bizcabar Patrimoni; con la colaboraci\u00f3n del Ayuntamiento de Barcelona, \u200b\u200bBarna Art, Bardinet, Galer\u00edas de Arte de Catalu\u00f1a, Dincat, IDEAL Barcelona Centro de Artes Digitales, IED Barcelona, \u200b\u200bMuseo Inmersivo del Bar\u00e7a, Fundaci\u00f3n \u201cla Caixa\u201d, IED Barcelona , Pinturas Mir; y con el apoyo de Pigment Gallery y Fundaci\u00f3 Bar\u00e7a Genuine.<\/p>\n","protected":false},"excerpt":{"rendered":"<p>La artista Meritxell Duran es la nueva directora art\u00edstica de la quinta edici\u00f3n del proyecto Magistrals. Este programa formativo colabora con distintos artistas de renombre en cada edici\u00f3n, ofreciendo experiencias \u00fanicas a los participantes. <\/p>\n","protected":false},"author":1,"featured_media":38615,"comment_status":"closed","ping_status":"closed","sticky":false,"template":"","format":"standard","meta":{"footnotes":""},"categories":[1352],"tags":[],"class_list":["post-38617","post","type-post","status-publish","format-standard","has-post-thumbnail","hentry","category-magistrales-es"],"_links":{"self":[{"href":"https:\/\/fundaciosetba.org\/es\/wp-json\/wp\/v2\/posts\/38617","targetHints":{"allow":["GET"]}}],"collection":[{"href":"https:\/\/fundaciosetba.org\/es\/wp-json\/wp\/v2\/posts"}],"about":[{"href":"https:\/\/fundaciosetba.org\/es\/wp-json\/wp\/v2\/types\/post"}],"author":[{"embeddable":true,"href":"https:\/\/fundaciosetba.org\/es\/wp-json\/wp\/v2\/users\/1"}],"replies":[{"embeddable":true,"href":"https:\/\/fundaciosetba.org\/es\/wp-json\/wp\/v2\/comments?post=38617"}],"version-history":[{"count":2,"href":"https:\/\/fundaciosetba.org\/es\/wp-json\/wp\/v2\/posts\/38617\/revisions"}],"predecessor-version":[{"id":38619,"href":"https:\/\/fundaciosetba.org\/es\/wp-json\/wp\/v2\/posts\/38617\/revisions\/38619"}],"wp:featuredmedia":[{"embeddable":true,"href":"https:\/\/fundaciosetba.org\/es\/wp-json\/wp\/v2\/media\/38615"}],"wp:attachment":[{"href":"https:\/\/fundaciosetba.org\/es\/wp-json\/wp\/v2\/media?parent=38617"}],"wp:term":[{"taxonomy":"category","embeddable":true,"href":"https:\/\/fundaciosetba.org\/es\/wp-json\/wp\/v2\/categories?post=38617"},{"taxonomy":"post_tag","embeddable":true,"href":"https:\/\/fundaciosetba.org\/es\/wp-json\/wp\/v2\/tags?post=38617"}],"curies":[{"name":"wp","href":"https:\/\/api.w.org\/{rel}","templated":true}]}}