{"id":38962,"date":"2025-02-03T12:28:30","date_gmt":"2025-02-03T11:28:30","guid":{"rendered":"https:\/\/fundaciosetba.org\/leo-castro-y-enric-fabregas-se-incorporan-como-directores-artisticos-del-natura-es-cultura\/"},"modified":"2025-02-03T16:50:26","modified_gmt":"2025-02-03T15:50:26","slug":"leo-castro-y-enric-fabregas-se-incorporan-como-directores-artisticos-del-natura-es-cultura","status":"publish","type":"post","link":"https:\/\/fundaciosetba.org\/es\/leo-castro-y-enric-fabregas-se-incorporan-como-directores-artisticos-del-natura-es-cultura\/","title":{"rendered":"Leo Castro y Enric F\u00e0bregas se incorporan como directores art\u00edsticos del &#8220;Natura es Cultura&#8221;"},"content":{"rendered":"<p>La Fundaci\u00f3n Setba da un paso adelante con el proyecto <em>Natura es Cultura<\/em> , haci\u00e9ndolo m\u00e1s sostenible y cercano al territorio con la apertura de una doble convocatoria. <span>Hasta ahora s\u00f3lo ten\u00eda lugar en la residencia de artistas Cal Gras de Aviny\u00f3 bajo la direcci\u00f3n art\u00edstica de <strong>Quim Moya<\/strong> , este a\u00f1o se ampl\u00eda y llega por primera vez a Celr\u00e0, con direcci\u00f3n de <strong>Leo Castro<\/strong> y <strong>Enric F\u00e0bregas<\/strong> en el centro de creaci\u00f3n e investigaci\u00f3n de las artes del movimiento L&#8217;Animal a l&#8217;equena, en el marco del Festival Art &amp; Gavarres.<\/span> El proyecto <em>Natura es Cultura<\/em> va dirigido a <strong>entidades de salud mental de Catalu\u00f1a<\/strong> con el objetivo de dar un respiro, fomentar el trabajo en equipo y el empoderamiento personal, desestigmatizar, prevenir y visibilizar la realidad de las personas que conviven con trastornos mentales; todo a trav\u00e9s del arte.<\/p>\n<h4><strong>Leo Castro y Enric F\u00e0bregas se incorporan como directores art\u00edsticos <\/strong><\/h4>\n<p>Leo Castro, creadora e int\u00e9rprete con una extensa trayectoria en danza contempor\u00e1nea e improvisaci\u00f3n, trae al proyecto una perspectiva enriquecedora que combina la expresi\u00f3n corporal con la reflexi\u00f3n filos\u00f3fica. Colaboradora habitual del centro de creaci\u00f3n L&#8217;animal a l&#8217;esquena, Leo Castro destaca por su capacidad de conectar la naturaleza con la emocionalidad humana a trav\u00e9s de las artes esc\u00e9nicas. Por su parte, Enric F\u00e0bregas, reconocido por su trabajo como bailar\u00edn y por sus colaboraciones con compa\u00f1\u00edas como Mal Pelo, aporta una visi\u00f3n multidisciplinar que combina la danza y la sensibilidad medioambiental. Adem\u00e1s, su perfil como bi\u00f3logo y coordinador de proyectos de medio ambiente refuerza el componente sostenible del programa, aline\u00e1ndose con el objetivo de la Fundaci\u00f3n de promover la conciencia ecol\u00f3gica entre los participantes.<\/p>\n<h4><strong>Quim Moya: el motor creativo de Aviny\u00f3<\/strong><\/h4>\n<p>El proyecto mantiene su convocatoria en la provincia de Barcelona bajo la direcci\u00f3n de Quim Moya, quien ha estado al frente del Natura es Cultura desde 2017. Artista polifac\u00e9tico y gestor cultural, Moya ha creado una din\u00e1mica de trabajo que fusiona la pintura en directo con una fuerte conexi\u00f3n con el entorno rural. En Cal Gras, los participantes han podido disfrutar de una experiencia art\u00edstica y transformadora gracias a su liderazgo, consolidando este espacio como un referente en el \u00e1mbito del arte y la salud mental.<\/p>\n<p><em>Fotos de Laura G\u00e1lvez-Rhein:<\/em><\/p>\n<div class=\"w-gallery fit_cover wp_gallery type_grid action_popup_image ratio_1x1 count_9\" style=\"--columns:3;--items-gap:8px;\"><div class=\"w-gallery-list\"><div class=\"w-gallery-item\"><div class=\"w-gallery-item-img\"><img loading=\"lazy\" decoding=\"async\" width=\"150\" height=\"150\" src=\"https:\/\/fundaciosetba.org\/wp-content\/uploads\/2025\/02\/2022-09-22_Natura-es-cultura-G3_SETBA_07-150x150.jpg\" class=\"attachment-thumbnail size-thumbnail\" alt=\"\" srcset=\"https:\/\/fundaciosetba.org\/wp-content\/uploads\/2025\/02\/2022-09-22_Natura-es-cultura-G3_SETBA_07-150x150.jpg 150w, https:\/\/fundaciosetba.org\/wp-content\/uploads\/2025\/02\/2022-09-22_Natura-es-cultura-G3_SETBA_07-300x300.jpg 300w\" sizes=\"auto, (max-width: 150px) 100vw, 150px\" \/><\/div><a class=\"w-gallery-item-link\" aria-label=\"2022-09-22_Natura \u00e9s cultura-G3_SETBA_07\" href=\"https:\/\/fundaciosetba.org\/wp-content\/uploads\/2025\/02\/2022-09-22_Natura-es-cultura-G3_SETBA_07.jpg\" title=\"2022-09-22_Natura \u00e9s cultura-G3_SETBA_07\"><\/a><\/div><div class=\"w-gallery-item\"><div class=\"w-gallery-item-img\"><img loading=\"lazy\" decoding=\"async\" width=\"150\" height=\"150\" src=\"https:\/\/fundaciosetba.org\/wp-content\/uploads\/2025\/02\/2022-09-22_Natura-es-cultura-G3_SETBA_18-150x150.jpg\" class=\"attachment-thumbnail size-thumbnail\" alt=\"\" srcset=\"https:\/\/fundaciosetba.org\/wp-content\/uploads\/2025\/02\/2022-09-22_Natura-es-cultura-G3_SETBA_18-150x150.jpg 150w, https:\/\/fundaciosetba.org\/wp-content\/uploads\/2025\/02\/2022-09-22_Natura-es-cultura-G3_SETBA_18-300x300.jpg 300w\" sizes=\"auto, (max-width: 150px) 100vw, 150px\" \/><\/div><a class=\"w-gallery-item-link\" aria-label=\"2022-09-22_Natura \u00e9s cultura-G3_SETBA_18\" href=\"https:\/\/fundaciosetba.org\/wp-content\/uploads\/2025\/02\/2022-09-22_Natura-es-cultura-G3_SETBA_18.jpg\" title=\"2022-09-22_Natura \u00e9s cultura-G3_SETBA_18\"><\/a><\/div><div class=\"w-gallery-item\"><div class=\"w-gallery-item-img\"><img loading=\"lazy\" decoding=\"async\" width=\"150\" height=\"150\" src=\"https:\/\/fundaciosetba.org\/wp-content\/uploads\/2025\/02\/2023-10-04_Muntatge-Art-i-Gavarres_SETBA_09-150x150.jpg\" class=\"attachment-thumbnail size-thumbnail\" alt=\"\" srcset=\"https:\/\/fundaciosetba.org\/wp-content\/uploads\/2025\/02\/2023-10-04_Muntatge-Art-i-Gavarres_SETBA_09-150x150.jpg 150w, https:\/\/fundaciosetba.org\/wp-content\/uploads\/2025\/02\/2023-10-04_Muntatge-Art-i-Gavarres_SETBA_09-300x300.jpg 300w\" sizes=\"auto, (max-width: 150px) 100vw, 150px\" \/><\/div><a class=\"w-gallery-item-link\" aria-label=\"2023-10-04_Muntatge Art i Gavarres_SETBA_09\" href=\"https:\/\/fundaciosetba.org\/wp-content\/uploads\/2025\/02\/2023-10-04_Muntatge-Art-i-Gavarres_SETBA_09-scaled.jpg\" title=\"2023-10-04_Muntatge Art i Gavarres_SETBA_09\"><\/a><\/div><div class=\"w-gallery-item\"><div class=\"w-gallery-item-img\"><img loading=\"lazy\" decoding=\"async\" width=\"150\" height=\"150\" src=\"https:\/\/fundaciosetba.org\/wp-content\/uploads\/2025\/02\/2024-04_Natura-es-cultura_SETBA_016-150x150.jpg\" class=\"attachment-thumbnail size-thumbnail\" alt=\"\" srcset=\"https:\/\/fundaciosetba.org\/wp-content\/uploads\/2025\/02\/2024-04_Natura-es-cultura_SETBA_016-150x150.jpg 150w, https:\/\/fundaciosetba.org\/wp-content\/uploads\/2025\/02\/2024-04_Natura-es-cultura_SETBA_016-300x300.jpg 300w\" sizes=\"auto, (max-width: 150px) 100vw, 150px\" \/><\/div><a class=\"w-gallery-item-link\" aria-label=\"2024-04_Natura \u00e9s cultura_SETBA_016\" href=\"https:\/\/fundaciosetba.org\/wp-content\/uploads\/2025\/02\/2024-04_Natura-es-cultura_SETBA_016-scaled.jpg\" title=\"2024-04_Natura \u00e9s cultura_SETBA_016\"><\/a><\/div><div class=\"w-gallery-item\"><div class=\"w-gallery-item-img\"><img loading=\"lazy\" decoding=\"async\" width=\"150\" height=\"150\" src=\"https:\/\/fundaciosetba.org\/wp-content\/uploads\/2025\/02\/2024-04_Natura-es-cultura_SETBA_066-150x150.jpg\" class=\"attachment-thumbnail size-thumbnail\" alt=\"\" srcset=\"https:\/\/fundaciosetba.org\/wp-content\/uploads\/2025\/02\/2024-04_Natura-es-cultura_SETBA_066-150x150.jpg 150w, https:\/\/fundaciosetba.org\/wp-content\/uploads\/2025\/02\/2024-04_Natura-es-cultura_SETBA_066-300x300.jpg 300w\" sizes=\"auto, (max-width: 150px) 100vw, 150px\" \/><\/div><a class=\"w-gallery-item-link\" aria-label=\"2024-04_Natura \u00e9s cultura_SETBA_066\" href=\"https:\/\/fundaciosetba.org\/wp-content\/uploads\/2025\/02\/2024-04_Natura-es-cultura_SETBA_066-scaled.jpg\" title=\"2024-04_Natura \u00e9s cultura_SETBA_066\"><\/a><\/div><div class=\"w-gallery-item\"><div class=\"w-gallery-item-img\"><img loading=\"lazy\" decoding=\"async\" width=\"150\" height=\"150\" src=\"https:\/\/fundaciosetba.org\/wp-content\/uploads\/2025\/02\/2024-04_Natura-es-cultura_SETBA_106-150x150.jpg\" class=\"attachment-thumbnail size-thumbnail\" alt=\"\" srcset=\"https:\/\/fundaciosetba.org\/wp-content\/uploads\/2025\/02\/2024-04_Natura-es-cultura_SETBA_106-150x150.jpg 150w, https:\/\/fundaciosetba.org\/wp-content\/uploads\/2025\/02\/2024-04_Natura-es-cultura_SETBA_106-300x300.jpg 300w\" sizes=\"auto, (max-width: 150px) 100vw, 150px\" \/><\/div><a class=\"w-gallery-item-link\" aria-label=\"2024-04_Natura \u00e9s cultura_SETBA_106\" href=\"https:\/\/fundaciosetba.org\/wp-content\/uploads\/2025\/02\/2024-04_Natura-es-cultura_SETBA_106-scaled.jpg\" title=\"2024-04_Natura \u00e9s cultura_SETBA_106\"><\/a><\/div><div class=\"w-gallery-item\"><div class=\"w-gallery-item-img\"><img loading=\"lazy\" decoding=\"async\" width=\"150\" height=\"150\" src=\"https:\/\/fundaciosetba.org\/wp-content\/uploads\/2025\/02\/2024-04_Natura-es-cultura_SETBA_112-150x150.jpg\" class=\"attachment-thumbnail size-thumbnail\" alt=\"\" srcset=\"https:\/\/fundaciosetba.org\/wp-content\/uploads\/2025\/02\/2024-04_Natura-es-cultura_SETBA_112-150x150.jpg 150w, https:\/\/fundaciosetba.org\/wp-content\/uploads\/2025\/02\/2024-04_Natura-es-cultura_SETBA_112-300x300.jpg 300w\" sizes=\"auto, (max-width: 150px) 100vw, 150px\" \/><\/div><a class=\"w-gallery-item-link\" aria-label=\"2024-04_Natura \u00e9s cultura_SETBA_112\" href=\"https:\/\/fundaciosetba.org\/wp-content\/uploads\/2025\/02\/2024-04_Natura-es-cultura_SETBA_112-scaled.jpg\" title=\"2024-04_Natura \u00e9s cultura_SETBA_112\"><\/a><\/div><div class=\"w-gallery-item\"><div class=\"w-gallery-item-img\"><img loading=\"lazy\" decoding=\"async\" width=\"150\" height=\"150\" src=\"https:\/\/fundaciosetba.org\/wp-content\/uploads\/2025\/02\/2024-04_Natura-es-cultura_SETBA_133-150x150.jpg\" class=\"attachment-thumbnail size-thumbnail\" alt=\"\" srcset=\"https:\/\/fundaciosetba.org\/wp-content\/uploads\/2025\/02\/2024-04_Natura-es-cultura_SETBA_133-150x150.jpg 150w, https:\/\/fundaciosetba.org\/wp-content\/uploads\/2025\/02\/2024-04_Natura-es-cultura_SETBA_133-300x300.jpg 300w\" sizes=\"auto, (max-width: 150px) 100vw, 150px\" \/><\/div><a class=\"w-gallery-item-link\" aria-label=\"2024-04_Natura \u00e9s cultura_SETBA_133\" href=\"https:\/\/fundaciosetba.org\/wp-content\/uploads\/2025\/02\/2024-04_Natura-es-cultura_SETBA_133-scaled.jpg\" title=\"2024-04_Natura \u00e9s cultura_SETBA_133\"><\/a><\/div><div class=\"w-gallery-item\"><div class=\"w-gallery-item-img\"><img loading=\"lazy\" decoding=\"async\" width=\"150\" height=\"150\" src=\"https:\/\/fundaciosetba.org\/wp-content\/uploads\/2025\/02\/240902_Art-Gavarres_010-150x150.jpg\" class=\"attachment-thumbnail size-thumbnail\" alt=\"\" srcset=\"https:\/\/fundaciosetba.org\/wp-content\/uploads\/2025\/02\/240902_Art-Gavarres_010-150x150.jpg 150w, https:\/\/fundaciosetba.org\/wp-content\/uploads\/2025\/02\/240902_Art-Gavarres_010-300x300.jpg 300w\" sizes=\"auto, (max-width: 150px) 100vw, 150px\" \/><\/div><a class=\"w-gallery-item-link\" aria-label=\"240902_Art &amp; Gavarres_010\" href=\"https:\/\/fundaciosetba.org\/wp-content\/uploads\/2025\/02\/240902_Art-Gavarres_010-scaled.jpg\" title=\"240902_Art &amp; Gavarres_010\"><\/a><\/div><\/div><\/div>\n<p>La apertura de una nueva sede en Celr\u00e0 no s\u00f3lo permite ampliar el radio de acci\u00f3n del proyecto, sino que tambi\u00e9n introduce nuevas sensibilidades art\u00edsticas que enriquecer\u00e1n la experiencia de los participantes. La diversidad de perspectivas entre Quim Moya, Leo Castro y Enric F\u00e0bregas pone de manifiesto el compromiso de la Fundaci\u00f3n Setba con la innovaci\u00f3n y la calidad en sus proyectos, promoviendo la inclusi\u00f3n y el bienestar mediante el arte y la naturaleza. Las inscripciones para participar en el proyecto Natura es Cultura ya est\u00e1n abiertas hasta el 4 de abril de 2025. Para m\u00e1s informaci\u00f3n:<\/p>\n<p><a href=\"https:\/\/fundaciosetba.org\/projecte\/natura-es-cultura\/\">Natura es cultura<\/a><\/p>\n","protected":false},"excerpt":{"rendered":"<p>La Fundaci\u00f3n Setba da un paso adelante con el proyecto Natura es Cultura , haci\u00e9ndolo m\u00e1s sostenible y cercano al territorio con la apertura de una doble convocatoria. Hasta ahora s\u00f3lo ten\u00eda lugar en la residencia de artistas Cal Gras de Aviny\u00f3 bajo la direcci\u00f3n art\u00edstica de Quim Moya , este a\u00f1o se ampl\u00eda y&#8230;<\/p>\n","protected":false},"author":1,"featured_media":38958,"comment_status":"closed","ping_status":"closed","sticky":false,"template":"","format":"standard","meta":{"footnotes":""},"categories":[1355],"tags":[],"class_list":["post-38962","post","type-post","status-publish","format-standard","has-post-thumbnail","hentry","category-naturaleza-es-cultura"],"_links":{"self":[{"href":"https:\/\/fundaciosetba.org\/es\/wp-json\/wp\/v2\/posts\/38962","targetHints":{"allow":["GET"]}}],"collection":[{"href":"https:\/\/fundaciosetba.org\/es\/wp-json\/wp\/v2\/posts"}],"about":[{"href":"https:\/\/fundaciosetba.org\/es\/wp-json\/wp\/v2\/types\/post"}],"author":[{"embeddable":true,"href":"https:\/\/fundaciosetba.org\/es\/wp-json\/wp\/v2\/users\/1"}],"replies":[{"embeddable":true,"href":"https:\/\/fundaciosetba.org\/es\/wp-json\/wp\/v2\/comments?post=38962"}],"version-history":[{"count":1,"href":"https:\/\/fundaciosetba.org\/es\/wp-json\/wp\/v2\/posts\/38962\/revisions"}],"predecessor-version":[{"id":38963,"href":"https:\/\/fundaciosetba.org\/es\/wp-json\/wp\/v2\/posts\/38962\/revisions\/38963"}],"wp:featuredmedia":[{"embeddable":true,"href":"https:\/\/fundaciosetba.org\/es\/wp-json\/wp\/v2\/media\/38958"}],"wp:attachment":[{"href":"https:\/\/fundaciosetba.org\/es\/wp-json\/wp\/v2\/media?parent=38962"}],"wp:term":[{"taxonomy":"category","embeddable":true,"href":"https:\/\/fundaciosetba.org\/es\/wp-json\/wp\/v2\/categories?post=38962"},{"taxonomy":"post_tag","embeddable":true,"href":"https:\/\/fundaciosetba.org\/es\/wp-json\/wp\/v2\/tags?post=38962"}],"curies":[{"name":"wp","href":"https:\/\/api.w.org\/{rel}","templated":true}]}}