{"id":39005,"date":"2025-02-27T10:18:31","date_gmt":"2025-02-27T09:18:31","guid":{"rendered":"https:\/\/fundaciosetba.org\/exito-en-la-inauguracion-de-la-exposicion-magistrales-arte-con-valor-social\/"},"modified":"2025-02-27T10:40:29","modified_gmt":"2025-02-27T09:40:29","slug":"exito-en-la-inauguracion-de-la-exposicion-magistrales-arte-con-valor-social","status":"publish","type":"post","link":"https:\/\/fundaciosetba.org\/es\/exito-en-la-inauguracion-de-la-exposicion-magistrales-arte-con-valor-social\/","title":{"rendered":"\u00c9xito en la inauguraci\u00f3n de la exposici\u00f3n MAGISTRALES. ARTE CON VALOR SOCIAL"},"content":{"rendered":"<p>Esta ma\u00f1ana ha tenido lugar la inauguraci\u00f3n de la exposici\u00f3n <strong>Magistrales. Arte con valor social <\/strong> en el <strong>Centro C\u00edvico Can Bast\u00e9<\/strong> , situado en el distrito de Nou Barris. El evento ha reunido a setenta personas, entre artistas participantes, representantes de entidades del sector de la discapacidad intelectual y miembros de la sociedad civil y del mundo cultural.<\/p>\n<p>Cristina Sampere, directora de la Fundaci\u00f3n, ha inaugurado la exposici\u00f3n acompa\u00f1ada de la responsable de proyectos, Maria Bud\u00f3, y del responsable del espacio fotogr\u00e1fico Can Bast\u00e9, Sergi Conesa.<\/p>\n<p>La exposici\u00f3n, organizada por la Fundaci\u00f3n Setba, <strong>presenta una selecci\u00f3n de obras creadas por personas con discapacidad intelectual en el marco del proyecto Magistrals<\/strong> , una iniciativa que fomenta el talento art\u00edstico y promueve la inclusi\u00f3n social mediante el arte. Esta edici\u00f3n ha sido dirigida por la artista Marta F\u00e0bregas y la dise\u00f1adora e ilustradora Laura Klamburg.<\/p>\n<p>Los responsables de los talleres de arte han valorado muy positivamente la experiencia, destacando la mejora en la expresi\u00f3n art\u00edstica y emocional de los participantes. \u201cHacer este proyecto les ha dado seguridad. Han pedido m\u00e1s actividades y la asimilaci\u00f3n de nuevas herramientas art\u00edsticas para desarrollar sus ideas creativas\u201d.<\/p>\n<p>Durante la inauguraci\u00f3n, <strong>los asistentes han podido conocer de cerca las obras seleccionadas a trav\u00e9s de votaciones populares en diferentes distritos de Barcelona, \u200b\u200bdonde han participado cerca de 400 vecinos y vecinas<\/strong> . En este contexto, se ha puesto en valor el papel del arte como herramienta de transformaci\u00f3n social y visibilizaci\u00f3n de los colectivos con discapacidad intelectual.<\/p>\n<div class=\"w-gallery fit_cover wp_gallery type_grid action_popup_image ratio_1x1 count_9\" style=\"--columns:3;--items-gap:8px;\"><div class=\"w-gallery-list\"><div class=\"w-gallery-item\"><div class=\"w-gallery-item-img\"><img loading=\"lazy\" decoding=\"async\" width=\"300\" height=\"300\" src=\"https:\/\/fundaciosetba.org\/wp-content\/uploads\/2025\/02\/IMG_1767-300x300.jpeg\" class=\"attachment-woocommerce_thumbnail size-woocommerce_thumbnail\" alt=\"\" srcset=\"https:\/\/fundaciosetba.org\/wp-content\/uploads\/2025\/02\/IMG_1767-300x300.jpeg 300w, https:\/\/fundaciosetba.org\/wp-content\/uploads\/2025\/02\/IMG_1767-150x150.jpeg 150w\" sizes=\"auto, (max-width: 300px) 100vw, 300px\" \/><\/div><a class=\"w-gallery-item-link\" aria-label=\"IMG_1767\" href=\"https:\/\/fundaciosetba.org\/wp-content\/uploads\/2025\/02\/IMG_1767.jpeg\" title=\"IMG_1767\"><\/a><\/div><div class=\"w-gallery-item\"><div class=\"w-gallery-item-img\"><img loading=\"lazy\" decoding=\"async\" width=\"300\" height=\"300\" src=\"https:\/\/fundaciosetba.org\/wp-content\/uploads\/2025\/02\/IMG_5685-300x300.jpeg\" class=\"attachment-woocommerce_thumbnail size-woocommerce_thumbnail\" alt=\"\" srcset=\"https:\/\/fundaciosetba.org\/wp-content\/uploads\/2025\/02\/IMG_5685-300x300.jpeg 300w, https:\/\/fundaciosetba.org\/wp-content\/uploads\/2025\/02\/IMG_5685-150x150.jpeg 150w\" sizes=\"auto, (max-width: 300px) 100vw, 300px\" \/><\/div><a class=\"w-gallery-item-link\" aria-label=\"IMG_5685\" href=\"https:\/\/fundaciosetba.org\/wp-content\/uploads\/2025\/02\/IMG_5685.jpeg\" title=\"IMG_5685\"><\/a><\/div><div class=\"w-gallery-item\"><div class=\"w-gallery-item-img\"><img loading=\"lazy\" decoding=\"async\" width=\"300\" height=\"300\" src=\"https:\/\/fundaciosetba.org\/wp-content\/uploads\/2025\/02\/IMG_5648-300x300.jpeg\" class=\"attachment-woocommerce_thumbnail size-woocommerce_thumbnail\" alt=\"\" srcset=\"https:\/\/fundaciosetba.org\/wp-content\/uploads\/2025\/02\/IMG_5648-300x300.jpeg 300w, https:\/\/fundaciosetba.org\/wp-content\/uploads\/2025\/02\/IMG_5648-150x150.jpeg 150w\" sizes=\"auto, (max-width: 300px) 100vw, 300px\" \/><\/div><a class=\"w-gallery-item-link\" aria-label=\"IMG_5648\" href=\"https:\/\/fundaciosetba.org\/wp-content\/uploads\/2025\/02\/IMG_5648.jpeg\" title=\"IMG_5648\"><\/a><\/div><div class=\"w-gallery-item\"><div class=\"w-gallery-item-img\"><img loading=\"lazy\" decoding=\"async\" width=\"300\" height=\"300\" src=\"https:\/\/fundaciosetba.org\/wp-content\/uploads\/2025\/02\/IMG_1770-300x300.jpeg\" class=\"attachment-woocommerce_thumbnail size-woocommerce_thumbnail\" alt=\"\" srcset=\"https:\/\/fundaciosetba.org\/wp-content\/uploads\/2025\/02\/IMG_1770-300x300.jpeg 300w, https:\/\/fundaciosetba.org\/wp-content\/uploads\/2025\/02\/IMG_1770-150x150.jpeg 150w\" sizes=\"auto, (max-width: 300px) 100vw, 300px\" \/><\/div><a class=\"w-gallery-item-link\" aria-label=\"IMG_1770\" href=\"https:\/\/fundaciosetba.org\/wp-content\/uploads\/2025\/02\/IMG_1770.jpeg\" title=\"IMG_1770\"><\/a><\/div><div class=\"w-gallery-item\"><div class=\"w-gallery-item-img\"><img loading=\"lazy\" decoding=\"async\" width=\"300\" height=\"300\" src=\"https:\/\/fundaciosetba.org\/wp-content\/uploads\/2025\/02\/Maria-Budo-amb-els-guanyadors-del-districte-300x300.jpeg\" class=\"attachment-woocommerce_thumbnail size-woocommerce_thumbnail\" alt=\"\" srcset=\"https:\/\/fundaciosetba.org\/wp-content\/uploads\/2025\/02\/Maria-Budo-amb-els-guanyadors-del-districte-300x300.jpeg 300w, https:\/\/fundaciosetba.org\/wp-content\/uploads\/2025\/02\/Maria-Budo-amb-els-guanyadors-del-districte-150x150.jpeg 150w\" sizes=\"auto, (max-width: 300px) 100vw, 300px\" \/><\/div><a class=\"w-gallery-item-link\" aria-label=\"Maria Bud\u00f3 amb els guanyadors del districte\" href=\"https:\/\/fundaciosetba.org\/wp-content\/uploads\/2025\/02\/Maria-Budo-amb-els-guanyadors-del-districte.jpeg\" title=\"Maria Bud\u00f3 amb els guanyadors del districte\"><\/a><\/div><div class=\"w-gallery-item\"><div class=\"w-gallery-item-img\"><img loading=\"lazy\" decoding=\"async\" width=\"300\" height=\"300\" src=\"https:\/\/fundaciosetba.org\/wp-content\/uploads\/2025\/02\/IMG_5654-300x300.jpeg\" class=\"attachment-woocommerce_thumbnail size-woocommerce_thumbnail\" alt=\"\" srcset=\"https:\/\/fundaciosetba.org\/wp-content\/uploads\/2025\/02\/IMG_5654-300x300.jpeg 300w, https:\/\/fundaciosetba.org\/wp-content\/uploads\/2025\/02\/IMG_5654-150x150.jpeg 150w\" sizes=\"auto, (max-width: 300px) 100vw, 300px\" \/><\/div><a class=\"w-gallery-item-link\" aria-label=\"IMG_5654\" href=\"https:\/\/fundaciosetba.org\/wp-content\/uploads\/2025\/02\/IMG_5654.jpeg\" title=\"IMG_5654\"><\/a><\/div><div class=\"w-gallery-item\"><div class=\"w-gallery-item-img\"><img loading=\"lazy\" decoding=\"async\" width=\"300\" height=\"300\" src=\"https:\/\/fundaciosetba.org\/wp-content\/uploads\/2025\/02\/WhatsApp-Image-2025-02-26-at-13.32.48-1-300x300.jpeg\" class=\"attachment-woocommerce_thumbnail size-woocommerce_thumbnail\" alt=\"\" srcset=\"https:\/\/fundaciosetba.org\/wp-content\/uploads\/2025\/02\/WhatsApp-Image-2025-02-26-at-13.32.48-1-300x300.jpeg 300w, https:\/\/fundaciosetba.org\/wp-content\/uploads\/2025\/02\/WhatsApp-Image-2025-02-26-at-13.32.48-1-150x150.jpeg 150w\" sizes=\"auto, (max-width: 300px) 100vw, 300px\" \/><\/div><a class=\"w-gallery-item-link\" aria-label=\"WhatsApp Image 2025-02-26 at 13.32.48 (1)\" href=\"https:\/\/fundaciosetba.org\/wp-content\/uploads\/2025\/02\/WhatsApp-Image-2025-02-26-at-13.32.48-1.jpeg\" title=\"WhatsApp Image 2025-02-26 at 13.32.48 (1)\"><\/a><\/div><div class=\"w-gallery-item\"><div class=\"w-gallery-item-img\"><img loading=\"lazy\" decoding=\"async\" width=\"300\" height=\"300\" src=\"https:\/\/fundaciosetba.org\/wp-content\/uploads\/2025\/02\/WhatsApp-Image-2025-02-26-at-13.32.49-1-300x300.jpeg\" class=\"attachment-woocommerce_thumbnail size-woocommerce_thumbnail\" alt=\"\" srcset=\"https:\/\/fundaciosetba.org\/wp-content\/uploads\/2025\/02\/WhatsApp-Image-2025-02-26-at-13.32.49-1-300x300.jpeg 300w, https:\/\/fundaciosetba.org\/wp-content\/uploads\/2025\/02\/WhatsApp-Image-2025-02-26-at-13.32.49-1-150x150.jpeg 150w\" sizes=\"auto, (max-width: 300px) 100vw, 300px\" \/><\/div><a class=\"w-gallery-item-link\" aria-label=\"WhatsApp Image 2025-02-26 at 13.32.49 (1)\" href=\"https:\/\/fundaciosetba.org\/wp-content\/uploads\/2025\/02\/WhatsApp-Image-2025-02-26-at-13.32.49-1.jpeg\" title=\"WhatsApp Image 2025-02-26 at 13.32.49 (1)\"><\/a><\/div><div class=\"w-gallery-item\"><div class=\"w-gallery-item-img\"><img loading=\"lazy\" decoding=\"async\" width=\"300\" height=\"300\" src=\"https:\/\/fundaciosetba.org\/wp-content\/uploads\/2025\/02\/IMG_1768-300x300.jpeg\" class=\"attachment-woocommerce_thumbnail size-woocommerce_thumbnail\" alt=\"\" srcset=\"https:\/\/fundaciosetba.org\/wp-content\/uploads\/2025\/02\/IMG_1768-300x300.jpeg 300w, https:\/\/fundaciosetba.org\/wp-content\/uploads\/2025\/02\/IMG_1768-150x150.jpeg 150w\" sizes=\"auto, (max-width: 300px) 100vw, 300px\" \/><\/div><a class=\"w-gallery-item-link\" aria-label=\"IMG_1768\" href=\"https:\/\/fundaciosetba.org\/wp-content\/uploads\/2025\/02\/IMG_1768.jpeg\" title=\"IMG_1768\"><\/a><\/div><\/div><\/div>\n<p><strong>Las personas asistentes han destacado la calidad y sensibilidad de las piezas expuestas<\/strong> , resaltando la importancia de proyectos como \u00e9ste para dar voz y espacio a estos artistas.<\/p>\n<p>La directora de la Fundaci\u00f3n Setba ha querido expresar su agradecimiento a todas las entidades e instituciones implicadas en el proyecto, especialmente en el Centro C\u00edvico Can Bast\u00e9, el ICUB, el IMPD, DINCAT, Worldcoo y Ticketmaster, por su colaboraci\u00f3n y compromiso con el arte y la inclusi\u00f3n social.<\/p>\n<p>La exposici\u00f3n se podr\u00e1 visitar hasta el <strong>13 de marzo<\/strong> en el <strong>Centro C\u00edvico Can Bast\u00e9<\/strong> y posteriormente itinerar\u00e1 en la <strong>Casa Elizalde<\/strong> , en el distrito del Eixample, hasta el <strong>3 de abril<\/strong> .<\/p>\n","protected":false},"excerpt":{"rendered":"<p>La inauguraci\u00f3n ha reunido a setenta personas en el Centro C\u00edvico Can Bast\u00e9, en el distrito de Nou Barris. La exposici\u00f3n, resultado del proyecto de formaci\u00f3n art\u00edstica para entidades del sector de la discapacidad intelectual, se podr\u00e1 visitar hasta el 13 de marzo en este centro cultural y posteriormente itinerar\u00e1 a la Casa Elizalde, en el distrito del Eixample. <\/p>\n","protected":false},"author":1,"featured_media":38969,"comment_status":"closed","ping_status":"closed","sticky":false,"template":"","format":"standard","meta":{"footnotes":""},"categories":[1352],"tags":[],"class_list":["post-39005","post","type-post","status-publish","format-standard","has-post-thumbnail","hentry","category-magistrales-es"],"_links":{"self":[{"href":"https:\/\/fundaciosetba.org\/es\/wp-json\/wp\/v2\/posts\/39005","targetHints":{"allow":["GET"]}}],"collection":[{"href":"https:\/\/fundaciosetba.org\/es\/wp-json\/wp\/v2\/posts"}],"about":[{"href":"https:\/\/fundaciosetba.org\/es\/wp-json\/wp\/v2\/types\/post"}],"author":[{"embeddable":true,"href":"https:\/\/fundaciosetba.org\/es\/wp-json\/wp\/v2\/users\/1"}],"replies":[{"embeddable":true,"href":"https:\/\/fundaciosetba.org\/es\/wp-json\/wp\/v2\/comments?post=39005"}],"version-history":[{"count":2,"href":"https:\/\/fundaciosetba.org\/es\/wp-json\/wp\/v2\/posts\/39005\/revisions"}],"predecessor-version":[{"id":39007,"href":"https:\/\/fundaciosetba.org\/es\/wp-json\/wp\/v2\/posts\/39005\/revisions\/39007"}],"wp:featuredmedia":[{"embeddable":true,"href":"https:\/\/fundaciosetba.org\/es\/wp-json\/wp\/v2\/media\/38969"}],"wp:attachment":[{"href":"https:\/\/fundaciosetba.org\/es\/wp-json\/wp\/v2\/media?parent=39005"}],"wp:term":[{"taxonomy":"category","embeddable":true,"href":"https:\/\/fundaciosetba.org\/es\/wp-json\/wp\/v2\/categories?post=39005"},{"taxonomy":"post_tag","embeddable":true,"href":"https:\/\/fundaciosetba.org\/es\/wp-json\/wp\/v2\/tags?post=39005"}],"curies":[{"name":"wp","href":"https:\/\/api.w.org\/{rel}","templated":true}]}}