{"id":39042,"date":"2025-03-03T11:30:48","date_gmt":"2025-03-03T10:30:48","guid":{"rendered":"https:\/\/fundaciosetba.org\/la-naturaleza-como-herramienta-de-bienestar-el-impacto-del-proyecto-natura-es-cultura-en-la-salud-mental\/"},"modified":"2025-03-04T09:49:01","modified_gmt":"2025-03-04T08:49:01","slug":"la-naturaleza-como-herramienta-de-bienestar-el-impacto-del-proyecto-natura-es-cultura-en-la-salud-mental","status":"publish","type":"post","link":"https:\/\/fundaciosetba.org\/es\/la-naturaleza-como-herramienta-de-bienestar-el-impacto-del-proyecto-natura-es-cultura-en-la-salud-mental\/","title":{"rendered":"La naturaleza como herramienta de bienestar: el impacto del proyecto &#8220;Natura es Cultura&#8221; en la salud mental"},"content":{"rendered":"<p>En el d\u00eda mundial de la naturaleza, la <strong>Fundaci\u00f3n Setba<\/strong> reivindica el poder transformador del contacto con el entorno natural en la salud mental. El proyecto <strong><em>Natura es Cultura<\/em><\/strong> , que desde hace trece ediciones une arte y naturaleza, ha demostrado sus beneficios en el bienestar emocional de las personas con trastornos de salud mental.<\/p>\n<p>A trav\u00e9s de la creaci\u00f3n art\u00edstica en entornos naturales, este proyecto ofrece un espacio en el que los participantes pueden desconectar de su rutina diaria, mejorar su estado an\u00edmico y potenciar su autonom\u00eda.<\/p>\n<p><strong>La naturaleza como herramienta de bienestar emocional<\/strong><br \/>\nLos resultados de las \u00faltimas ediciones, celebradas en la <strong>residencia de artistas Cal Gras de Aviny\u00f3<\/strong> con la direcci\u00f3n del artista <strong>Quim Moya<\/strong> , evidencian que el <strong>100% de los participantes han experimentado una mejora en su bienestar emocional<\/strong> gracias al contacto con la naturaleza y la realizaci\u00f3n de actividades art\u00edsticas. Esta inmersiva experiencia en el paisaje rural contribuye a reducir el estr\u00e9s y aumentar la sensaci\u00f3n de libertad y calma.<\/p>\n<p>&#8221; <em>Tengo muchas enfermedades mentales y aqu\u00ed (durante el proyecto) no me ha surgido ninguna de ellas<\/em> &#8220;, Maria Teresa H., usuaria de la Fundaci\u00f3n Vidal i Barraquer<\/p>\n<p>\u201c<em>Me han aportado tranquilidad y he aprendido cosas nuevas. Me han ayudado a disfrutar de la experiencia, as\u00ed como el contacto con la naturaleza <\/em>\u201d, comparten los participantes.<\/p>\n<p>M\u00e1s all\u00e1 de los beneficios individuales, <em>Natura es Cultura<\/em> fomenta la creaci\u00f3n de v\u00ednculos entre los participantes y el respeto por el entorno. El 9<strong>2% de los participantes afirman que conocer a otras personas en este contexto ha sido una de las mejores partes del proyecto<\/strong> , y el <strong>68% mantienen el contacto despu\u00e9s de la experiencia<\/strong>.<\/p>\n<div class=\"w-gallery fit_cover wp_gallery type_grid action_popup_image ratio_1x1 count_4\" style=\"--columns:4;--items-gap:0px;\"><div class=\"w-gallery-list\"><div class=\"w-gallery-item\"><div class=\"w-gallery-item-img\"><img loading=\"lazy\" decoding=\"async\" width=\"150\" height=\"150\" src=\"https:\/\/fundaciosetba.org\/wp-content\/uploads\/2025\/03\/240902_Art-Gavarres_049-150x150.jpg\" class=\"attachment-thumbnail size-thumbnail\" alt=\"\" srcset=\"https:\/\/fundaciosetba.org\/wp-content\/uploads\/2025\/03\/240902_Art-Gavarres_049-150x150.jpg 150w, https:\/\/fundaciosetba.org\/wp-content\/uploads\/2025\/03\/240902_Art-Gavarres_049-300x300.jpg 300w\" sizes=\"auto, (max-width: 150px) 100vw, 150px\" \/><\/div><a class=\"w-gallery-item-link\" aria-label=\"240902_Art &amp; Gavarres_049\" href=\"https:\/\/fundaciosetba.org\/wp-content\/uploads\/2025\/03\/240902_Art-Gavarres_049-scaled.jpg\" title=\"240902_Art &amp; Gavarres_049\"><\/a><\/div><div class=\"w-gallery-item\"><div class=\"w-gallery-item-img\"><img loading=\"lazy\" decoding=\"async\" width=\"150\" height=\"150\" src=\"https:\/\/fundaciosetba.org\/wp-content\/uploads\/2025\/03\/2024-04_Natura-es-cultura_SETBA_133-150x150.jpg\" class=\"attachment-thumbnail size-thumbnail\" alt=\"\" srcset=\"https:\/\/fundaciosetba.org\/wp-content\/uploads\/2025\/03\/2024-04_Natura-es-cultura_SETBA_133-150x150.jpg 150w, https:\/\/fundaciosetba.org\/wp-content\/uploads\/2025\/03\/2024-04_Natura-es-cultura_SETBA_133-300x300.jpg 300w\" sizes=\"auto, (max-width: 150px) 100vw, 150px\" \/><\/div><a class=\"w-gallery-item-link\" aria-label=\"2024-04_Natura \u00e9s cultura_SETBA_133\" href=\"https:\/\/fundaciosetba.org\/wp-content\/uploads\/2025\/03\/2024-04_Natura-es-cultura_SETBA_133-scaled.jpg\" title=\"2024-04_Natura \u00e9s cultura_SETBA_133\"><\/a><\/div><div class=\"w-gallery-item\"><div class=\"w-gallery-item-img\"><img loading=\"lazy\" decoding=\"async\" width=\"150\" height=\"150\" src=\"https:\/\/fundaciosetba.org\/wp-content\/uploads\/2025\/03\/2024-04_Natura-es-cultura_SETBA_070-150x150.jpg\" class=\"attachment-thumbnail size-thumbnail\" alt=\"\" srcset=\"https:\/\/fundaciosetba.org\/wp-content\/uploads\/2025\/03\/2024-04_Natura-es-cultura_SETBA_070-150x150.jpg 150w, https:\/\/fundaciosetba.org\/wp-content\/uploads\/2025\/03\/2024-04_Natura-es-cultura_SETBA_070-300x300.jpg 300w\" sizes=\"auto, (max-width: 150px) 100vw, 150px\" \/><\/div><a class=\"w-gallery-item-link\" aria-label=\"2024-04_Natura \u00e9s cultura_SETBA_070\" href=\"https:\/\/fundaciosetba.org\/wp-content\/uploads\/2025\/03\/2024-04_Natura-es-cultura_SETBA_070-scaled.jpg\" title=\"2024-04_Natura \u00e9s cultura_SETBA_070\"><\/a><\/div><div class=\"w-gallery-item\"><div class=\"w-gallery-item-img\"><img loading=\"lazy\" decoding=\"async\" width=\"150\" height=\"150\" src=\"https:\/\/fundaciosetba.org\/wp-content\/uploads\/2025\/03\/2024-04_Natura-es-cultura_SETBA_016-150x150.jpg\" class=\"attachment-thumbnail size-thumbnail\" alt=\"\" srcset=\"https:\/\/fundaciosetba.org\/wp-content\/uploads\/2025\/03\/2024-04_Natura-es-cultura_SETBA_016-150x150.jpg 150w, https:\/\/fundaciosetba.org\/wp-content\/uploads\/2025\/03\/2024-04_Natura-es-cultura_SETBA_016-300x300.jpg 300w\" sizes=\"auto, (max-width: 150px) 100vw, 150px\" \/><\/div><a class=\"w-gallery-item-link\" aria-label=\"2024-04_Natura \u00e9s cultura_SETBA_016\" href=\"https:\/\/fundaciosetba.org\/wp-content\/uploads\/2025\/03\/2024-04_Natura-es-cultura_SETBA_016-scaled.jpg\" title=\"2024-04_Natura \u00e9s cultura_SETBA_016\"><\/a><\/div><\/div><\/div>\n<h5><strong>Convocatorias abiertas<\/strong><\/h5>\n<p>Con estos resultados, <strong><em>Natura es Cultura<\/em> se consolida como un proyecto de referencia en el uso del arte y la naturaleza para mejorar la salud mental<\/strong>.<\/p>\n<p>Este a\u00f1o, se ha <strong>abierto una doble convocatoria<\/strong> para entidades de salud mental de las provincias de <strong>Barcelona y Girona<\/strong> , hasta el 4 de abril. La nueva edici\u00f3n en Girona se llevar\u00e1 a cabo dentro del <strong>Festival Internacional de land art (arte terrestre) Art &amp; Gavarres<\/strong> en el Centro de creaci\u00f3n e investigaci\u00f3n de las artes del movimiento, L&#8217;<strong>animal a l&#8217;esquena<\/strong> , con la direcci\u00f3n de <strong>Leo Castro y Enric F\u00e0bregas<\/strong> . Informaci\u00f3n de las bases en la p\u00e1gina web de la Fundaci\u00f3n: <a href=\"https:\/\/fundaciosetba.org\/projecte\/natura-es-cultura\/\">https:\/\/fundaciosetba.org\/projecte\/natura-es-cultura\/<\/a><\/p>\n<p>En el D\u00eda Mundial de la Naturaleza, la Fundaci\u00f3n Setba quiere poner en valor la importancia de iniciativas que unen el arte y el entorno natural para mejorar la calidad de vida de las personas. <strong>La naturaleza no s\u00f3lo es un refugio, sino tambi\u00e9n una fuente inagotable de bienestar e inspiraci\u00f3n.<\/strong><\/p>\n<p><iframe loading=\"lazy\" title=\"Natura \u00e9s Cultura 2024 | Art i Salut Mental amb @quimmoyalivepainting\" width=\"640\" height=\"360\" src=\"https:\/\/www.youtube.com\/embed\/DzwC1af8fqc?start=279&#038;feature=oembed\" frameborder=\"0\" allow=\"accelerometer; autoplay; clipboard-write; encrypted-media; gyroscope; picture-in-picture; web-share\" referrerpolicy=\"strict-origin-when-cross-origin\" allowfullscreen><\/iframe><\/p>\n<p>&nbsp;<\/p>\n","protected":false},"excerpt":{"rendered":"<p>&#8220;Natura es Cultura&#8221; de la Fundaci\u00f3n Setba demuestra c\u00f3mo el contacto con la naturaleza y el arte mejora el bienestar emocional de las personas con trastornos de salud mental<\/p>\n","protected":false},"author":1,"featured_media":39032,"comment_status":"closed","ping_status":"closed","sticky":false,"template":"","format":"standard","meta":{"footnotes":""},"categories":[1355],"tags":[],"class_list":["post-39042","post","type-post","status-publish","format-standard","has-post-thumbnail","hentry","category-naturaleza-es-cultura"],"_links":{"self":[{"href":"https:\/\/fundaciosetba.org\/es\/wp-json\/wp\/v2\/posts\/39042","targetHints":{"allow":["GET"]}}],"collection":[{"href":"https:\/\/fundaciosetba.org\/es\/wp-json\/wp\/v2\/posts"}],"about":[{"href":"https:\/\/fundaciosetba.org\/es\/wp-json\/wp\/v2\/types\/post"}],"author":[{"embeddable":true,"href":"https:\/\/fundaciosetba.org\/es\/wp-json\/wp\/v2\/users\/1"}],"replies":[{"embeddable":true,"href":"https:\/\/fundaciosetba.org\/es\/wp-json\/wp\/v2\/comments?post=39042"}],"version-history":[{"count":6,"href":"https:\/\/fundaciosetba.org\/es\/wp-json\/wp\/v2\/posts\/39042\/revisions"}],"predecessor-version":[{"id":39049,"href":"https:\/\/fundaciosetba.org\/es\/wp-json\/wp\/v2\/posts\/39042\/revisions\/39049"}],"wp:featuredmedia":[{"embeddable":true,"href":"https:\/\/fundaciosetba.org\/es\/wp-json\/wp\/v2\/media\/39032"}],"wp:attachment":[{"href":"https:\/\/fundaciosetba.org\/es\/wp-json\/wp\/v2\/media?parent=39042"}],"wp:term":[{"taxonomy":"category","embeddable":true,"href":"https:\/\/fundaciosetba.org\/es\/wp-json\/wp\/v2\/categories?post=39042"},{"taxonomy":"post_tag","embeddable":true,"href":"https:\/\/fundaciosetba.org\/es\/wp-json\/wp\/v2\/tags?post=39042"}],"curies":[{"name":"wp","href":"https:\/\/api.w.org\/{rel}","templated":true}]}}