{"id":39111,"date":"2025-03-24T16:35:33","date_gmt":"2025-03-24T15:35:33","guid":{"rendered":"https:\/\/fundaciosetba.org\/retratos-de-ponent-una-accion-artistica-para-dar-voz-a-las-mujeres-internas\/"},"modified":"2025-03-24T16:45:26","modified_gmt":"2025-03-24T15:45:26","slug":"retratos-de-ponent-una-accion-artistica-para-dar-voz-a-las-mujeres-internas","status":"publish","type":"post","link":"https:\/\/fundaciosetba.org\/es\/retratos-de-ponent-una-accion-artistica-para-dar-voz-a-las-mujeres-internas\/","title":{"rendered":"Retratos de Ponent: una acci\u00f3n art\u00edstica para dar voz a las mujeres internas"},"content":{"rendered":"<p><span>Este lunes 24 de marzo, la fachada exterior del Centro Penitenciario de Ponent se ha llenado de rostros y mensajes con motivo de la acci\u00f3n participativa \u201cVen al enganche de retratos de Ponent\u201d, un proyecto que pretende <strong>visibilizar y desestigmatizar a las mujeres internas de los centros penitenciarios<\/strong> a trav\u00e9s de la fotograf\u00eda.<\/span><\/p>\n<p><span>El acto ha sido organizado por el Departamento de Justicia y Calidad Democr\u00e1tica y la Fundaci\u00f3n Setba, con la colaboraci\u00f3n de la Concejal\u00eda de Pol\u00edticas Feministas y el Casal de la Mujer del Ayuntamiento de L\u00e9rida, en el marco del D\u00eda Internacional de la Mujer (8M).<\/span><\/p>\n<p><span>Durante el evento se ha presentado un <strong>mural fotogr\u00e1fico elaborado con retratos realizados por las propias internas en el marco del proyecto fotogr\u00e1fico <em>Traspasando el objetivo<\/em> liderado por la fot\u00f3grafa leridana Iolanda Seb\u00e9<\/strong> y con la colaboraci\u00f3n especial de Lurdes R. Basol\u00ed, galardonada con el Premio Inge Morat 2010 de la Agencia Magnum.<\/span><\/p>\n<div class=\"w-gallery fit_cover wp_gallery type_grid action_popup_image ratio_1x1 count_4\" style=\"--columns:4;--items-gap:8px;\"><div class=\"w-gallery-list\"><div class=\"w-gallery-item\"><div class=\"w-gallery-item-img\"><img loading=\"lazy\" decoding=\"async\" width=\"150\" height=\"150\" src=\"https:\/\/fundaciosetba.org\/wp-content\/uploads\/2025\/03\/Acte-cloenda-Ponent-2025-6-150x150.jpg\" class=\"attachment-thumbnail size-thumbnail\" alt=\"\" srcset=\"https:\/\/fundaciosetba.org\/wp-content\/uploads\/2025\/03\/Acte-cloenda-Ponent-2025-6-150x150.jpg 150w, https:\/\/fundaciosetba.org\/wp-content\/uploads\/2025\/03\/Acte-cloenda-Ponent-2025-6-300x300.jpg 300w\" sizes=\"auto, (max-width: 150px) 100vw, 150px\" \/><\/div><a class=\"w-gallery-item-link\" aria-label=\"Acte cloenda Ponent 2025 (6)\" href=\"https:\/\/fundaciosetba.org\/wp-content\/uploads\/2025\/03\/Acte-cloenda-Ponent-2025-6-scaled.jpg\" title=\"Acte cloenda Ponent 2025 (6)\"><\/a><\/div><div class=\"w-gallery-item\"><div class=\"w-gallery-item-img\"><img loading=\"lazy\" decoding=\"async\" width=\"150\" height=\"150\" src=\"https:\/\/fundaciosetba.org\/wp-content\/uploads\/2025\/03\/WhatsApp-Image-2025-03-24-at-16.10.34-150x150.jpeg\" class=\"attachment-thumbnail size-thumbnail\" alt=\"\" srcset=\"https:\/\/fundaciosetba.org\/wp-content\/uploads\/2025\/03\/WhatsApp-Image-2025-03-24-at-16.10.34-150x150.jpeg 150w, https:\/\/fundaciosetba.org\/wp-content\/uploads\/2025\/03\/WhatsApp-Image-2025-03-24-at-16.10.34-300x300.jpeg 300w\" sizes=\"auto, (max-width: 150px) 100vw, 150px\" \/><\/div><a class=\"w-gallery-item-link\" aria-label=\"WhatsApp Image 2025-03-24 at 16.10.34\" href=\"https:\/\/fundaciosetba.org\/wp-content\/uploads\/2025\/03\/WhatsApp-Image-2025-03-24-at-16.10.34-scaled.jpeg\" title=\"WhatsApp Image 2025-03-24 at 16.10.34\"><\/a><\/div><div class=\"w-gallery-item\"><div class=\"w-gallery-item-img\"><img loading=\"lazy\" decoding=\"async\" width=\"150\" height=\"150\" src=\"https:\/\/fundaciosetba.org\/wp-content\/uploads\/2025\/03\/Acte-cloenda-Ponent-2025-12-150x150.jpg\" class=\"attachment-thumbnail size-thumbnail\" alt=\"\" srcset=\"https:\/\/fundaciosetba.org\/wp-content\/uploads\/2025\/03\/Acte-cloenda-Ponent-2025-12-150x150.jpg 150w, https:\/\/fundaciosetba.org\/wp-content\/uploads\/2025\/03\/Acte-cloenda-Ponent-2025-12-300x300.jpg 300w\" sizes=\"auto, (max-width: 150px) 100vw, 150px\" \/><\/div><a class=\"w-gallery-item-link\" aria-label=\"Acte cloenda Ponent 2025 (12)\" href=\"https:\/\/fundaciosetba.org\/wp-content\/uploads\/2025\/03\/Acte-cloenda-Ponent-2025-12-scaled.jpg\" title=\"Acte cloenda Ponent 2025 (12)\"><\/a><\/div><div class=\"w-gallery-item\"><div class=\"w-gallery-item-img\"><img loading=\"lazy\" decoding=\"async\" width=\"150\" height=\"150\" src=\"https:\/\/fundaciosetba.org\/wp-content\/uploads\/2025\/03\/Acte-cloenda-Ponent-2025-2-150x150.jpg\" class=\"attachment-thumbnail size-thumbnail\" alt=\"\" srcset=\"https:\/\/fundaciosetba.org\/wp-content\/uploads\/2025\/03\/Acte-cloenda-Ponent-2025-2-150x150.jpg 150w, https:\/\/fundaciosetba.org\/wp-content\/uploads\/2025\/03\/Acte-cloenda-Ponent-2025-2-300x300.jpg 300w\" sizes=\"auto, (max-width: 150px) 100vw, 150px\" \/><\/div><a class=\"w-gallery-item-link\" aria-label=\"Acte cloenda Ponent 2025 (2)\" href=\"https:\/\/fundaciosetba.org\/wp-content\/uploads\/2025\/03\/Acte-cloenda-Ponent-2025-2-scaled.jpg\" title=\"Acte cloenda Ponent 2025 (2)\"><\/a><\/div><\/div><\/div>\n<p><span>Con esta iniciativa, la Fundaci\u00f3n Setba y el Departamento de Justicia y Calidad Democr\u00e1tica quieren <strong>fomentar la expresi\u00f3n art\u00edstica como herramienta de transformaci\u00f3n social y personal<\/strong> , dando voz e identidad a las mujeres privadas de libertad, m\u00e1s all\u00e1 de los muros del centro penitenciario.<\/span><\/p>\n<p><strong><span>Cristina Sampere<\/span><\/strong> <span>, directora de la Fundaci\u00f3n Setba, ha destacado que: &#8220;Nuestra misi\u00f3n es transformar la sociedad a trav\u00e9s de la cultura, y proyectos como \u00e9ste permiten empoderar a las mujeres internas y hacerlas visibles a trav\u00e9s de la fotograf\u00eda, una herramienta poderosa de reivindicaci\u00f3n y expresi\u00f3n personal.&#8221;<\/span><\/p>\n<p><span>La directora de los Servicios Territoriales de Justicia de L\u00e9rida, <strong>Anna Miranda<\/strong> , ha sido la encargada de realizar la clausura del acto, y ha querido poner en valor el trabajo realizado:<\/span><\/p>\n<p><span>\u201cQuiero felicitar a la Fundaci\u00f3n Setba por la excelente labor que hace en la c\u00e1rcel de Ponent, entre otros, colaborando con el Departamento de Justicia y Calidad Democr\u00e1tica, convirti\u00e9ndose en referentes para la transformaci\u00f3n social y utilizando la cultura como herramienta con este proyecto de fotograf\u00eda dirigido a las mujeres internas, que adem\u00e1s de sufrir muchos d\u00e9ficits en nuestra sociedad. Miranda ha a\u00f1adido que: &#8221; <strong>Las mujeres sufren una triple condena: social, personal y penitenciaria<\/strong> . Por eso son importantes proyectos como este, &#8216;Traspasando el Objetivo&#8217;, que trabaja para empoderar, transformar y visibilizar a las mujeres internas de las prisiones a trav\u00e9s de la fotograf\u00eda&#8221;. <\/span><\/p>\n<p><span>El acto ha contado tambi\u00e9n con la participaci\u00f3n de Cristina Sampere, directora de la Fundaci\u00f3 Setba; Carme Valls Llar\u00e0s, 4a teniente de alcalde y concejala de Buen Gobierno y Pol\u00edticas Feministas; Pilar Bosch, concejala de Cultura, Promoci\u00f3n de la Ciudad y Consumo del Ayuntamiento de Lleida y \u00d2scar G\u00f3mez, director del Centro Penitenciario de Ponent. A continuaci\u00f3n, se ha llevado a cabo el enganche colectivo de retratos en la fachada del centro, con la participaci\u00f3n de las internas y los asistentes al acto. <\/span><\/p>\n<p><span>Seg\u00fan Sampere, &#8220;las 12 mujeres participantes no han fallado en ninguna sesi\u00f3n. Han aprendido, se han implicado, han fotografiado, y hoy este mural es testigo de su esfuerzo y de su mirada. Son ellas las aut\u00e9nticas protagonistas de este proyecto.&#8221;<\/span><\/p>\n<p><img loading=\"lazy\" decoding=\"async\" class=\"aligncenter wp-image-39095 size-woocommerce_thumbnail\" src=\"https:\/\/fundaciosetba.org\/wp-content\/uploads\/2025\/03\/WhatsApp-Image-2025-03-24-at-16.10.35-1-300x300.jpeg\" alt=\"\" width=\"300\" height=\"300\" srcset=\"https:\/\/fundaciosetba.org\/wp-content\/uploads\/2025\/03\/WhatsApp-Image-2025-03-24-at-16.10.35-1-300x300.jpeg 300w, https:\/\/fundaciosetba.org\/wp-content\/uploads\/2025\/03\/WhatsApp-Image-2025-03-24-at-16.10.35-1-150x150.jpeg 150w\" sizes=\"auto, (max-width: 300px) 100vw, 300px\" \/><\/p>\n<p><strong><span>El mural se podr\u00e1 visitar hasta el 13 de junio<\/span><\/strong> <span>, y se convierte en una oportunidad \u00fanica para la ciudadan\u00eda para reflexionar sobre la realidad de las mujeres en situaci\u00f3n de reclusi\u00f3n y el poder transformador del arte.<\/span><\/p>\n<p><span>Este proyecto ha sido posible gracias al apoyo del Departamento de Justicia y Calidad Democr\u00e1tica, Derechos y Memoria de la Generalidad de Catalu\u00f1a, la Concejal\u00eda de Pol\u00edticas Feministas y Casal de la Mujer del Ayuntamiento de Lleida, Marc Mart\u00ed y Panasonic-Lumix.<\/span><\/p>\n","protected":false},"excerpt":{"rendered":"<p>La fachada exterior del Centro Penitenciario de Ponent se ha llenado de rostros y mensajes con motivo de la acci\u00f3n participativa \u201cVen al enganche de retratos de Ponent\u201d, un proyecto que pretende visibilizar y desestigmatizar a las mujeres internas de los centros penitenciarios a trav\u00e9s de la fotograf\u00eda.<\/p>\n","protected":false},"author":1,"featured_media":39103,"comment_status":"closed","ping_status":"closed","sticky":false,"template":"","format":"standard","meta":{"footnotes":""},"categories":[60],"tags":[],"class_list":["post-39111","post","type-post","status-publish","format-standard","has-post-thumbnail","hentry","category-sin-categorizar"],"_links":{"self":[{"href":"https:\/\/fundaciosetba.org\/es\/wp-json\/wp\/v2\/posts\/39111","targetHints":{"allow":["GET"]}}],"collection":[{"href":"https:\/\/fundaciosetba.org\/es\/wp-json\/wp\/v2\/posts"}],"about":[{"href":"https:\/\/fundaciosetba.org\/es\/wp-json\/wp\/v2\/types\/post"}],"author":[{"embeddable":true,"href":"https:\/\/fundaciosetba.org\/es\/wp-json\/wp\/v2\/users\/1"}],"replies":[{"embeddable":true,"href":"https:\/\/fundaciosetba.org\/es\/wp-json\/wp\/v2\/comments?post=39111"}],"version-history":[{"count":2,"href":"https:\/\/fundaciosetba.org\/es\/wp-json\/wp\/v2\/posts\/39111\/revisions"}],"predecessor-version":[{"id":39113,"href":"https:\/\/fundaciosetba.org\/es\/wp-json\/wp\/v2\/posts\/39111\/revisions\/39113"}],"wp:featuredmedia":[{"embeddable":true,"href":"https:\/\/fundaciosetba.org\/es\/wp-json\/wp\/v2\/media\/39103"}],"wp:attachment":[{"href":"https:\/\/fundaciosetba.org\/es\/wp-json\/wp\/v2\/media?parent=39111"}],"wp:term":[{"taxonomy":"category","embeddable":true,"href":"https:\/\/fundaciosetba.org\/es\/wp-json\/wp\/v2\/categories?post=39111"},{"taxonomy":"post_tag","embeddable":true,"href":"https:\/\/fundaciosetba.org\/es\/wp-json\/wp\/v2\/tags?post=39111"}],"curies":[{"name":"wp","href":"https:\/\/api.w.org\/{rel}","templated":true}]}}