{"id":39170,"date":"2025-04-11T09:12:55","date_gmt":"2025-04-11T08:12:55","guid":{"rendered":"https:\/\/fundaciosetba.org\/resolucion-de-la-doble-convocatoria-del-naturaleza-es-cultura-2025\/"},"modified":"2025-04-11T10:04:50","modified_gmt":"2025-04-11T09:04:50","slug":"resolucion-de-la-doble-convocatoria-del-naturaleza-es-cultura-2025","status":"publish","type":"post","link":"https:\/\/fundaciosetba.org\/es\/resolucion-de-la-doble-convocatoria-del-naturaleza-es-cultura-2025\/","title":{"rendered":"Resoluci\u00f3n de la doble convocatoria del Naturaleza es Cultura 2025"},"content":{"rendered":"<p>El 4 de abril se cerr\u00f3 la convocatoria para participar en la XIV edici\u00f3n de nuestro proyecto de arte y salud mental <em>Natura es Cultura.<\/em> Este a\u00f1o, la convocatoria se ha abierto a entidades de las provincias de Barcelona y Girona, y la selecci\u00f3n de las participantes se ha realizado mediante un sistema de puntuaci\u00f3n que valora criterios como:<\/p>\n<ul>\n<li>La concordancia de la misi\u00f3n de la entidad con los objetivos del proyecto.<\/li>\n<li>El inter\u00e9s de la entidad por actividades culturales.<\/li>\n<li>La implicaci\u00f3n de los profesionales en el desarrollo del proyecto.<\/li>\n<li>El compromiso con la evaluaci\u00f3n y el seguimiento del proyecto.<\/li>\n<li>La capacidad de difusi\u00f3n y sensibilizaci\u00f3n social.<\/li>\n<\/ul>\n<p>Despu\u00e9s de analizar todas las solicitudes, las entidades seleccionadas para participar en la Natura es Cultura 2025 son:<\/p>\n<p><strong>Provincia de Barcelona: <\/strong><\/p>\n<ul>\n<li>Fundaci\u00f3n Privada el Tres Turons<\/li>\n<li>Centro de Formaci\u00f3n y Prevenci\u00f3n<\/li>\n<li>Fundaci\u00f3n Privada CPB Dr. F\u00e1bregas<\/li>\n<li>Osonamiento (Fundaci\u00f3n Centro M\u00e9dico Psicopedag\u00f3gico de Osona)<\/li>\n<\/ul>\n<p><a href=\"https:\/\/fundaciosetba.org\/es\/inscripcion-natura-es-cultura-barcelona\/\">Informaci\u00f3n del proyecto en Barcelona<\/a><\/p>\n<p><strong>Provincia de Girona:<\/strong><\/p>\n<ul>\n<li>Asociaci\u00f3n Familia y Salud Mental de Girona y Comarcas<\/li>\n<li>Fundaci\u00f3n Privada Drissa<\/li>\n<\/ul>\n<p><a href=\"https:\/\/fundaciosetba.org\/es\/inscripcion-natura-es-cultura-girona\/\">Informaci\u00f3n del proyecto en Girona<\/a><\/p>\n<p>Desde la Fundaci\u00f3 Setba queremos agradecer a todas las entidades que han presentado su candidatura. Estamos muy contentos de la gran acogida y del inter\u00e9s mostrado por formar parte de este proyecto, que a\u00f1o tras a\u00f1o demuestra su impacto positivo en la vida de las personas participantes.<\/p>\n<p>Continuamos trabajando para que Natura es Cultura siga creciendo, tejiendo v\u00ednculos entre arte, naturaleza y bienestar emocional.<\/p>\n<p><a href=\"https:\/\/fundaciosetba.org\/wp-content\/uploads\/2025\/04\/Resolucio-NATURA-es-CULTURA-_-2025.pdf\">Resoluci\u00f3n NATURALEZA es CULTURA _ 2025<\/a><\/p>\n","protected":false},"excerpt":{"rendered":"<p>Despu\u00e9s de analizar todas las solicitudes, las entidades de Barcelona y Girona seleccionadas para participar en el Natura es Cultura 2025 son&#8230;<\/p>\n","protected":false},"author":1,"featured_media":39167,"comment_status":"closed","ping_status":"closed","sticky":false,"template":"","format":"standard","meta":{"footnotes":""},"categories":[1242],"tags":[],"class_list":["post-39170","post","type-post","status-publish","format-standard","has-post-thumbnail","hentry","category-natura-es-cultura-2"],"_links":{"self":[{"href":"https:\/\/fundaciosetba.org\/es\/wp-json\/wp\/v2\/posts\/39170","targetHints":{"allow":["GET"]}}],"collection":[{"href":"https:\/\/fundaciosetba.org\/es\/wp-json\/wp\/v2\/posts"}],"about":[{"href":"https:\/\/fundaciosetba.org\/es\/wp-json\/wp\/v2\/types\/post"}],"author":[{"embeddable":true,"href":"https:\/\/fundaciosetba.org\/es\/wp-json\/wp\/v2\/users\/1"}],"replies":[{"embeddable":true,"href":"https:\/\/fundaciosetba.org\/es\/wp-json\/wp\/v2\/comments?post=39170"}],"version-history":[{"count":1,"href":"https:\/\/fundaciosetba.org\/es\/wp-json\/wp\/v2\/posts\/39170\/revisions"}],"predecessor-version":[{"id":39172,"href":"https:\/\/fundaciosetba.org\/es\/wp-json\/wp\/v2\/posts\/39170\/revisions\/39172"}],"wp:featuredmedia":[{"embeddable":true,"href":"https:\/\/fundaciosetba.org\/es\/wp-json\/wp\/v2\/media\/39167"}],"wp:attachment":[{"href":"https:\/\/fundaciosetba.org\/es\/wp-json\/wp\/v2\/media?parent=39170"}],"wp:term":[{"taxonomy":"category","embeddable":true,"href":"https:\/\/fundaciosetba.org\/es\/wp-json\/wp\/v2\/categories?post=39170"},{"taxonomy":"post_tag","embeddable":true,"href":"https:\/\/fundaciosetba.org\/es\/wp-json\/wp\/v2\/tags?post=39170"}],"curies":[{"name":"wp","href":"https:\/\/api.w.org\/{rel}","templated":true}]}}